{"id":48418,"date":"2023-08-25T15:29:37","date_gmt":"2023-08-25T21:29:37","guid":{"rendered":"https:\/\/informativoelvalledeaguascalientes.online\/?p=48418"},"modified":"2023-08-26T15:33:06","modified_gmt":"2023-08-26T21:33:06","slug":"celebra-shalom-su-primer-aniversario","status":"publish","type":"post","link":"https:\/\/informativoelvalledeaguascalientes.online\/?p=48418","title":{"rendered":"CELEBRA SHALOM SU PRIMER ANIVERSARIO"},"content":{"rendered":"<p><strong><a href=\"https:\/\/www.facebook.com\/hashtag\/informativoelvalledeaguascalientes\">#informativoelvalledeaguascalientes<\/a><\/strong><\/p>\n<p><strong><a href=\"https:\/\/www.facebook.com\/hashtag\/novaradioaguascalientes\">#novaradioaguascalientes<\/a><\/strong><\/p>\n<p>\u2022 \u201cA un a\u00f1o de haber cristalizado un sue\u00f1o, estamos convencidos que en cada uno de nuestros adultos mayores, tenemos un gran legado que cuidar y proteger pero sobre todo amar porque en ellos est\u00e1 gran parte de nuestra historia\u201d: Liliana Coronado de Ar\u00e1mbula.<br \/>\n\u2022 Anuncia la presidenta del DIF Municipal de Jes\u00fas Mar\u00eda, nuevos cursos, talleres y servicios para las personas que asisten a este centro.<\/p>\n<p>Este d\u00eda, la presidenta del Sistema DIF Municipal, Liliana Coronado de Ar\u00e1mbula, encabez\u00f3 la celebraci\u00f3n del primer aniversario del Centro de Bienestar para Adultos Mayores \u201cShalom\u201d, un espacio que fue creado para brindar atenci\u00f3n, cuidado y amor a personas de la tercera edad y que es una de las obras humanas m\u00e1s importantes para la administraci\u00f3n municipal.<\/p>\n<p>En el acto al que tambi\u00e9n asisti\u00f3 la Diputada Local Laura Ponce, C\u00e9sar Medina secretario del Ayuntamiento, Tania Cervantes \u00c1vila, encargada de dicho centro, Patricia Alvarado directora del DIF Municipal, Rosario Aguilar de la Instancia de la Feria de los Chicahuales, Ver\u00f3nica Dur\u00e1n Alonso, secretaria T\u00e9cnica, maestros y usuarios, se vivi\u00f3 una emotiva conmemoraci\u00f3n ante la chispa y entusiasmo de los asistentes que engalanaron la tarde con la presentaci\u00f3n de la canci\u00f3n Himno a la Alegr\u00eda a trav\u00e9s del lenguaje de se\u00f1as, as\u00ed como la participaci\u00f3n del coro y la canci\u00f3n Solamente una vez, del cantautor Agust\u00edn Lara.<br \/>\n\u201cLa chispa que se genera aqu\u00ed, hace que las barreras del tiempo desaparezcan, que las brechas generacionales se fusionen. Esta es una tarde de festejo y no puedo encontrar mejor momento para felicitar a todos ustedes, quienes son los que dan vida a estas instalaciones\u201d, expres\u00f3 Tania Cervantes \u00c1vila.<\/p>\n<p>Acto seguido, la Diputada Laura Ponce, celebr\u00f3 que el liderazgo el alcalde To\u00f1o Ar\u00e1mbula y su esposa Liliana Coronado, se vea reflejado en tan importante obra como fue la creaci\u00f3n de Shalom, ya que ha sido un parte aguas para este sector de la poblaci\u00f3n que se hab\u00eda mantenido olvidado y que por el contrario, \u201cson nuestros abuelos quienes nos inyectan amor, aprendizaje y entusiasmo. Sigan disfrutando de este lugar, ojal\u00e1 que las pr\u00f3ximas administraciones lo fortalezcan para que m\u00e1s personas puedan gozar de los frutos y que sigamos celebrando muchos m\u00e1s aniversarios\u201d.<\/p>\n<p>Por su parte, al hacer uso de la voz, la presidenta del DIF Municipal, anunci\u00f3 que, a partir del mes de septiembre, el Centro Shalom contar\u00e1 con nuevos servicios y beneficios como son cursos y talleres vespertinos, entre ellos coro, danza folcl\u00f3rica, clases de Taichi y tejido a petici\u00f3n de los mismos usuarios.<br \/>\n\u201cQuiero darles la buena noticia, a un a\u00f1o de haber cristalizado un sue\u00f1o, estamos convencidos que en cada uno de nuestros adultos mayores, tenemos un gran legado que cuidar y proteger pero sobre todo amar porque en ellos est\u00e1 gran parte de nuestra historia, por ello les informo que ya vamos a contar con m\u00e1s y mejores beneficios para todos ustedes, porque no s\u00f3lo vamos a tener nuevos talleres, tambi\u00e9n incluimos a partir del pr\u00f3ximo mes servicios de podolog\u00eda, geriatr\u00eda, optometr\u00eda y tratamientos dentales, gracias a que hemos logrado importantes convenios, todo esto como muestra de gratitud para nuestros adultos mayores\u201d.<br \/>\nA\u00f1adi\u00f3, como nuevo reto, a lo largo del a\u00f1o, con el apoyo, experiencia y sabidur\u00eda de las abuelas y abuelos, el DIF recopilar\u00e1 recetas y remedios caseros, con el fin de conformar un libro, el cual esperan presentar en el pr\u00f3ximo aniversario de Shalom.<br \/>\nFinalmente, la ciudadana Olivia Araiza Ram\u00edrez, agradeci\u00f3 todas las atenciones brindadas a las personas que \u201caqu\u00ed hemos encontrado mucho amor, atenci\u00f3n, compa\u00f1\u00eda y comprensi\u00f3n. Gracias a nuestras maestras por su paciencia aqu\u00ed disfrutamos y compartimos mucho, nos olvidamos de los problemas ojal\u00e1 hubiera m\u00e1s lugares como para que m\u00e1s personas como yo, puedan vivir la experiencia que yo estoy viviendo\u201d.<\/p>\n","protected":false},"excerpt":{"rendered":"<p>#informativoelvalledeaguascalientes #novaradioaguascalientes \u2022 \u201cA un a\u00f1o de haber cristalizado un sue\u00f1o, estamos convencidos que en cada uno de nuestros adultos mayores, tenemos un gran legado que cuidar y proteger pero sobre todo amar porque en ellos est\u00e1 gran parte de nuestra historia\u201d: Liliana Coronado de Ar\u00e1mbula. \u2022 Anuncia la presidenta del DIF Municipal de Jes\u00fas [&hellip;]<\/p>\n","protected":false},"author":1,"featured_media":48420,"comment_status":"closed","ping_status":"open","sticky":false,"template":"","format":"standard","meta":{"advanced_seo_description":"","jetpack_seo_html_title":"","jetpack_seo_noindex":false,"_jetpack_memberships_contains_paid_content":false,"footnotes":"","jetpack_publicize_message":"","jetpack_publicize_feature_enabled":true,"jetpack_social_post_already_shared":true,"jetpack_social_options":{"image_generator_settings":{"template":"highway","default_image_id":0,"font":"","enabled":false},"version":2}},"categories":[21,14],"tags":[22,45],"class_list":["post-48418","post","type-post","status-publish","format-standard","has-post-thumbnail","hentry","category-aguascalientes","category-jesus-maria-aguascalientes","tag-aguascalientes","tag-jesus-maria-aguascalientes"],"jetpack_publicize_connections":[],"jetpack_featured_media_url":"https:\/\/i0.wp.com\/informativoelvalledeaguascalientes.online\/wp-content\/uploads\/2023\/08\/WhatsApp-Image-2023-08-25-at-8.22.10-PM.jpeg?fit=1512%2C1006&ssl=1","jetpack-related-posts":[],"jetpack_sharing_enabled":true,"jetpack_likes_enabled":true,"_links":{"self":[{"href":"https:\/\/informativoelvalledeaguascalientes.online\/index.php?rest_route=\/wp\/v2\/posts\/48418","targetHints":{"allow":["GET"]}}],"collection":[{"href":"https:\/\/informativoelvalledeaguascalientes.online\/index.php?rest_route=\/wp\/v2\/posts"}],"about":[{"href":"https:\/\/informativoelvalledeaguascalientes.online\/index.php?rest_route=\/wp\/v2\/types\/post"}],"author":[{"embeddable":true,"href":"https:\/\/informativoelvalledeaguascalientes.online\/index.php?rest_route=\/wp\/v2\/users\/1"}],"replies":[{"embeddable":true,"href":"https:\/\/informativoelvalledeaguascalientes.online\/index.php?rest_route=%2Fwp%2Fv2%2Fcomments&post=48418"}],"version-history":[{"count":1,"href":"https:\/\/informativoelvalledeaguascalientes.online\/index.php?rest_route=\/wp\/v2\/posts\/48418\/revisions"}],"predecessor-version":[{"id":48421,"href":"https:\/\/informativoelvalledeaguascalientes.online\/index.php?rest_route=\/wp\/v2\/posts\/48418\/revisions\/48421"}],"wp:featuredmedia":[{"embeddable":true,"href":"https:\/\/informativoelvalledeaguascalientes.online\/index.php?rest_route=\/wp\/v2\/media\/48420"}],"wp:attachment":[{"href":"https:\/\/informativoelvalledeaguascalientes.online\/index.php?rest_route=%2Fwp%2Fv2%2Fmedia&parent=48418"}],"wp:term":[{"taxonomy":"category","embeddable":true,"href":"https:\/\/informativoelvalledeaguascalientes.online\/index.php?rest_route=%2Fwp%2Fv2%2Fcategories&post=48418"},{"taxonomy":"post_tag","embeddable":true,"href":"https:\/\/informativoelvalledeaguascalientes.online\/index.php?rest_route=%2Fwp%2Fv2%2Ftags&post=48418"}],"curies":[{"name":"wp","href":"https:\/\/api.w.org\/{rel}","templated":true}]}}