{"id":48415,"date":"2023-08-25T15:19:26","date_gmt":"2023-08-25T21:19:26","guid":{"rendered":"https:\/\/informativoelvalledeaguascalientes.online\/?p=48415"},"modified":"2023-08-26T20:26:21","modified_gmt":"2023-08-27T02:26:21","slug":"seguiremos-apostando-para-que-aguascalientes-sea-modelo-a-nivel-nacional-en-cuidado-del-medio-ambiente-tere-jimenez","status":"publish","type":"post","link":"https:\/\/informativoelvalledeaguascalientes.online\/?p=48415","title":{"rendered":"SEGUIREMOS APOSTANDO PARA QUE AGUASCALIENTES SEA MODELO A NIVEL NACIONAL EN CUIDADO DEL MEDIO AMBIENTE: TERE JIM\u00c9NEZ"},"content":{"rendered":"<p><strong><a href=\"https:\/\/www.facebook.com\/hashtag\/informativoelvalledeaguascalientes\">#informativoelvalledeaguascalientes<\/a><\/strong><\/p>\n<p><strong><a href=\"https:\/\/www.facebook.com\/hashtag\/novaradioaguascalientes\">#novaradioaguascalientes<\/a><\/strong><\/p>\n<p>&nbsp;<\/p>\n<p>Con una inversi\u00f3n de m\u00e1s de 55 mdp, se pusieron en marcha las obras de rehabilitaci\u00f3n y saneamiento de la secci\u00f3n \u201cPresa Maravillas\u201d del R\u00edo San Pedro<\/p>\n<p>La gobernadora dijo que se impulsar\u00e1 la creaci\u00f3n de l\u00edneas moradas en las industrias y la construcci\u00f3n y rehabilitaci\u00f3n de m\u00e1s plantas de tratamiento<\/p>\n<p>El alcalde de Jes\u00fas Mar\u00eda dijo que la obra que hoy inici\u00f3 ser\u00e1 vital para recolectar las aguas negras de una importante zona de este municipio, al tiempo que anunci\u00f3 la creaci\u00f3n del Parque R\u00edo San Pedro<\/p>\n<p>La gobernadora de Aguascalientes, Tere Jim\u00e9nez, y el alcalde del municipio de Jes\u00fas Mar\u00eda, Jos\u00e9 Antonio Ar\u00e1mbula L\u00f3pez, pusieron en marcha las obras de rehabilitaci\u00f3n y saneamiento del R\u00edo San Pedro, de la secci\u00f3n conocida como \u201cPresa Maravillas\u201d, en las que se invertir\u00e1 una mezcla de recursos estatales y municipales superior a los 55 millones de pesos en tres etapas.<\/p>\n<p>\u201cTenemos que seguir apostando a que Aguascalientes tambi\u00e9n sea un modelo a nivel nacional en materia de medio ambiente; s\u00e9 que este tipo de obras nadie las quiere hacer porque no se ven, pero hoy las tenemos que hacer porque es un tema de vida y porque en un futuro las vamos a agradecer\u201d, precis\u00f3 la gobernadora.<\/p>\n<p>En ese sentido, Tere Jim\u00e9nez destac\u00f3 la importancia de reusar el agua, por lo que dijo que se impulsar\u00e1 la creaci\u00f3n de l\u00edneas moradas en las industrias y la construcci\u00f3n y rehabilitaci\u00f3n de m\u00e1s plantas de tratamiento para darle un segundo uso al vital l\u00edquido.<\/p>\n<p>Por su parte, el alcalde de Jes\u00fas Mar\u00eda dijo que esta infraestructura ser\u00e1 vital para recolectar las aguas negras que se generan en una importante zona de este municipio y llevarlas a trav\u00e9s de esta l\u00ednea de conducci\u00f3n hasta una planta de tratamiento; dijo que adicional a esta obra se realizar\u00e1n otras acciones y programas para el tratamiento adecuado de las aguas en esta parte del estado. Indic\u00f3 que el saneamiento de esa parte del R\u00edo San Pedro forma parte de un proyecto integral que dar\u00e1 paso a un parque ecol\u00f3gico, primero en su tipo en Jes\u00fas Mar\u00eda, que integrar\u00e1 de manera sustentable modernas instalaciones con el medio ambiente.<\/p>\n<p>\u201cLos beneficios a largo plazo son incalculables; un r\u00edo limpio y lleno de vida significa un entorno m\u00e1s saludable para todos nosotros y para las especies que dependen de este ecosistema; este es un primer paso de muchos que daremos en Jes\u00fas Mar\u00eda para ser un municipio de vanguardia en todos los sentidos, especialmente en el tema ecol\u00f3gico\u201d, subray\u00f3.<\/p>\n<p>En su intervenci\u00f3n, Jos\u00e9 C\u00e9sar Garc\u00eda Estrada, director general de la Comisi\u00f3n de Agua Potable, Alcantarillado y Saneamiento (CAPAS) de Jes\u00fas Mar\u00eda, detall\u00f3 que en la primera fase de la obra que hoy se puso en marcha, se destinar\u00e1n cerca de 12 millones de pesos para la rehabilitaci\u00f3n de 290 metros de colector marginal, la construcci\u00f3n de 260 metros de l\u00edneas sanitarias, la construcci\u00f3n de tres c\u00e1rcamos de bombeo y la instalaci\u00f3n de 160 metros de colector sanitario. Dijo que la obra se desarrollar\u00e1 en alrededor de 75 d\u00edas y beneficiar\u00e1 a m\u00e1s de 63 mil habitantes.<\/p>\n<p>En el evento tambi\u00e9n estuvieron presentes Liliana Coronado de Ar\u00e1mbula, presidenta del DIF Municipal de Jes\u00fas Mar\u00eda; la diputada Laura Patricia Ponce de Luna, presidenta de la Comisi\u00f3n de Desarrollo Social del H. Congreso del Estado; H\u00e9ctor Eduardo Anaya P\u00e9rez, procurador estatal de Protecci\u00f3n al Ambiente; Martina Garza Mart\u00ednez, secretaria del Medio Ambiente de Jes\u00fas Mar\u00eda; Claudia Guadalupe de Lira Beltr\u00e1n, regidora del Ayuntamiento de Jes\u00fas Mar\u00eda; y Adriana Alem\u00e1n L\u00f3pez, vicepresidenta del Club Rotario de Aguascalientes.<\/p>\n","protected":false},"excerpt":{"rendered":"<p>#informativoelvalledeaguascalientes #novaradioaguascalientes &nbsp; Con una inversi\u00f3n de m\u00e1s de 55 mdp, se pusieron en marcha las obras de rehabilitaci\u00f3n y saneamiento de la secci\u00f3n \u201cPresa Maravillas\u201d del R\u00edo San Pedro La gobernadora dijo que se impulsar\u00e1 la creaci\u00f3n de l\u00edneas moradas en las industrias y la construcci\u00f3n y rehabilitaci\u00f3n de m\u00e1s plantas de tratamiento El [&hellip;]<\/p>\n","protected":false},"author":1,"featured_media":48416,"comment_status":"closed","ping_status":"open","sticky":false,"template":"","format":"standard","meta":{"advanced_seo_description":"","jetpack_seo_html_title":"","jetpack_seo_noindex":false,"_jetpack_memberships_contains_paid_content":false,"footnotes":"","jetpack_publicize_message":"","jetpack_publicize_feature_enabled":true,"jetpack_social_post_already_shared":true,"jetpack_social_options":{"image_generator_settings":{"template":"highway","default_image_id":0,"font":"","enabled":false},"version":2}},"categories":[21,4,14],"tags":[22,45,320],"class_list":["post-48415","post","type-post","status-publish","format-standard","has-post-thumbnail","hentry","category-aguascalientes","category-gobierno-del-estado-aguascalientes","category-jesus-maria-aguascalientes","tag-aguascalientes","tag-jesus-maria-aguascalientes","tag-tere-jimenez"],"jetpack_publicize_connections":[],"jetpack_featured_media_url":"https:\/\/i0.wp.com\/informativoelvalledeaguascalientes.online\/wp-content\/uploads\/2023\/08\/e7b8d46f-bd47-44e2-9ac8-f41035af1d35.jpeg?fit=1531%2C1021&ssl=1","jetpack-related-posts":[],"jetpack_sharing_enabled":true,"jetpack_likes_enabled":true,"_links":{"self":[{"href":"https:\/\/informativoelvalledeaguascalientes.online\/index.php?rest_route=\/wp\/v2\/posts\/48415","targetHints":{"allow":["GET"]}}],"collection":[{"href":"https:\/\/informativoelvalledeaguascalientes.online\/index.php?rest_route=\/wp\/v2\/posts"}],"about":[{"href":"https:\/\/informativoelvalledeaguascalientes.online\/index.php?rest_route=\/wp\/v2\/types\/post"}],"author":[{"embeddable":true,"href":"https:\/\/informativoelvalledeaguascalientes.online\/index.php?rest_route=\/wp\/v2\/users\/1"}],"replies":[{"embeddable":true,"href":"https:\/\/informativoelvalledeaguascalientes.online\/index.php?rest_route=%2Fwp%2Fv2%2Fcomments&post=48415"}],"version-history":[{"count":1,"href":"https:\/\/informativoelvalledeaguascalientes.online\/index.php?rest_route=\/wp\/v2\/posts\/48415\/revisions"}],"predecessor-version":[{"id":48417,"href":"https:\/\/informativoelvalledeaguascalientes.online\/index.php?rest_route=\/wp\/v2\/posts\/48415\/revisions\/48417"}],"wp:featuredmedia":[{"embeddable":true,"href":"https:\/\/informativoelvalledeaguascalientes.online\/index.php?rest_route=\/wp\/v2\/media\/48416"}],"wp:attachment":[{"href":"https:\/\/informativoelvalledeaguascalientes.online\/index.php?rest_route=%2Fwp%2Fv2%2Fmedia&parent=48415"}],"wp:term":[{"taxonomy":"category","embeddable":true,"href":"https:\/\/informativoelvalledeaguascalientes.online\/index.php?rest_route=%2Fwp%2Fv2%2Fcategories&post=48415"},{"taxonomy":"post_tag","embeddable":true,"href":"https:\/\/informativoelvalledeaguascalientes.online\/index.php?rest_route=%2Fwp%2Fv2%2Ftags&post=48415"}],"curies":[{"name":"wp","href":"https:\/\/api.w.org\/{rel}","templated":true}]}}