{"id":48377,"date":"2023-08-23T15:20:01","date_gmt":"2023-08-23T21:20:01","guid":{"rendered":"https:\/\/informativoelvalledeaguascalientes.online\/?p=48377"},"modified":"2023-08-23T15:20:01","modified_gmt":"2023-08-23T21:20:01","slug":"ofreceran-servicios-veterinarios-gratuitos-en-san-francisco-de-los-romo-este-viernes","status":"publish","type":"post","link":"https:\/\/informativoelvalledeaguascalientes.online\/?p=48377","title":{"rendered":"OFRECER\u00c1N SERVICIOS VETERINARIOS GRATUITOS EN SAN FRANCISCO DE LOS ROMO ESTE VIERNES"},"content":{"rendered":"<p><strong><a href=\"https:\/\/www.facebook.com\/hashtag\/informativoelvalledeaguascalientes\">#informativoelvalledeaguascalientes<\/a><\/strong><\/p>\n<p><strong><a href=\"https:\/\/www.facebook.com\/hashtag\/novaradioaguascalientes\">#novaradioaguascalientes<\/a><\/strong><\/p>\n<p><strong><a href=\"https:\/\/www.facebook.com\/GobiernodeAguascalientes\">#ElGiganteDeMexico<\/a><\/strong><\/p>\n<div id=\"bgLayers_comp-l7sh9ubr2\" class=\"MW5IWV\" data-hook=\"bgLayers\"><\/div>\n<div class=\"\" data-mesh-id=\"comp-l7sh9ubr2inlineContent\" data-testid=\"inline-content\">\n<div data-mesh-id=\"comp-l7sh9ubr2inlineContent-gridContainer\" data-testid=\"mesh-container-content\">\n<div id=\"comp-l7yvxqo2\" class=\"MazNVa comp-l7yvxqo2 wixui-image rYiAuL\">\n<div class=\"j7pOnl\" data-testid=\"linkElement\"><\/div>\n<\/div>\n<div id=\"comp-l7sh9ubx\" class=\"TWFxr5\">\n<div class=\"comp-l7sh9ubx\">\n<div class=\"siSdJK4 comp-l7sh9ubx\" data-hook=\"ricosviewer-wrapper\">\n<div class=\"U4I07\" dir=\"ltr\" data-id=\"content-viewer\">\n<div class=\"hl-xW\">\n<div>\n<p id=\"viewer-foo\" class=\"-Zro6 -ZADH vVfzz AnCKd _57WYp\"><span class=\"d0767 vVfzz\">El Gobierno del Estado, a trav\u00e9s de la Procuradur\u00eda Estatal de Protecci\u00f3n al Ambiente (Proespa), invita a las y los propietarios de mascotas a aprovechar los servicios veterinarios gratuitos que se ofrecer\u00e1n el viernes 25 de agosto en el municipio de San Francisco de los Romo.<\/span><\/p>\n<div id=\"viewer-y13wn524\" class=\"-Zro6 -ZADH vVfzz _57WYp\"><span class=\"d0767 vVfzz\">\u00a0<\/span><\/div>\n<p id=\"viewer-ka3w6525\" class=\"-Zro6 -ZADH vVfzz AnCKd _57WYp\"><span class=\"d0767 vVfzz\">La cita es de 10:00 a 14:00 horas en la explanada c\u00edvica Dr. Alfonso Romo de Vivar, ubicada en Av. Francisco Romo Jim\u00e9nez No. 102, en el fracc. San Jos\u00e9 de Buenavista, frente a la Presidencia Municipal.\u00a0<\/span><\/p>\n<div id=\"viewer-u1f92527\" class=\"-Zro6 -ZADH vVfzz _57WYp\"><span class=\"d0767 vVfzz\">\u00a0<\/span><\/div>\n<p id=\"viewer-3bhm2528\" class=\"-Zro6 -ZADH vVfzz AnCKd _57WYp\"><span class=\"d0767 vVfzz\">Las mascotas podr\u00e1n tener acceso sin costo alguno a servicios como valoraci\u00f3n m\u00e9dica, esterilizaci\u00f3n, desparasitaci\u00f3n, vacunaci\u00f3n antirr\u00e1bica, est\u00e9tica, vacunas para cachorros y perros adultos; mientras que sus propietarios recibir\u00e1n pl\u00e1ticas de concientizaci\u00f3n sobre la tenencia de animales de compa\u00f1\u00eda.\u00a0<\/span><\/p>\n<div id=\"viewer-1wr2d530\" class=\"-Zro6 -ZADH vVfzz _57WYp\"><span class=\"d0767 vVfzz\">\u00a0<\/span><\/div>\n<p id=\"viewer-y7hie531\" class=\"-Zro6 -ZADH vVfzz AnCKd _57WYp\"><span class=\"d0767 vVfzz\">Para mayores informes, las y los interesados pueden comunicarse al tel\u00e9fono 449 917 10 51 en un horario de 8:00 a 16:00 horas.<\/span><\/p>\n<div id=\"viewer-fqwn3533\" class=\"-Zro6 -ZADH IjV6v _57WYp\"><\/div>\n<\/div>\n<\/div>\n<\/div>\n<\/div>\n<\/div>\n<\/div>\n<\/div>\n<\/div>\n","protected":false},"excerpt":{"rendered":"<p>#informativoelvalledeaguascalientes #novaradioaguascalientes #ElGiganteDeMexico El Gobierno del Estado, a trav\u00e9s de la Procuradur\u00eda Estatal de Protecci\u00f3n al Ambiente (Proespa), invita a las y los propietarios de mascotas a aprovechar los servicios veterinarios gratuitos que se ofrecer\u00e1n el viernes 25 de agosto en el municipio de San Francisco de los Romo. \u00a0 La cita es de 10:00 [&hellip;]<\/p>\n","protected":false},"author":1,"featured_media":48378,"comment_status":"closed","ping_status":"open","sticky":false,"template":"","format":"standard","meta":{"advanced_seo_description":"","jetpack_seo_html_title":"","jetpack_seo_noindex":false,"_jetpack_memberships_contains_paid_content":false,"footnotes":"","jetpack_publicize_message":"","jetpack_publicize_feature_enabled":true,"jetpack_social_post_already_shared":true,"jetpack_social_options":{"image_generator_settings":{"template":"highway","default_image_id":0,"font":"","enabled":false},"version":2}},"categories":[21,4],"tags":[22,615,86],"class_list":["post-48377","post","type-post","status-publish","format-standard","has-post-thumbnail","hentry","category-aguascalientes","category-gobierno-del-estado-aguascalientes","tag-aguascalientes","tag-gobierno-del-estado-de-aguascalientes","tag-proespa"],"jetpack_publicize_connections":[],"jetpack_featured_media_url":"https:\/\/i0.wp.com\/informativoelvalledeaguascalientes.online\/wp-content\/uploads\/2023\/08\/WhatsApp-Image-2022-08-11-at-1.57.32-PM-8.jpeg?fit=884%2C1280&ssl=1","jetpack-related-posts":[],"jetpack_sharing_enabled":true,"jetpack_likes_enabled":true,"_links":{"self":[{"href":"https:\/\/informativoelvalledeaguascalientes.online\/index.php?rest_route=\/wp\/v2\/posts\/48377","targetHints":{"allow":["GET"]}}],"collection":[{"href":"https:\/\/informativoelvalledeaguascalientes.online\/index.php?rest_route=\/wp\/v2\/posts"}],"about":[{"href":"https:\/\/informativoelvalledeaguascalientes.online\/index.php?rest_route=\/wp\/v2\/types\/post"}],"author":[{"embeddable":true,"href":"https:\/\/informativoelvalledeaguascalientes.online\/index.php?rest_route=\/wp\/v2\/users\/1"}],"replies":[{"embeddable":true,"href":"https:\/\/informativoelvalledeaguascalientes.online\/index.php?rest_route=%2Fwp%2Fv2%2Fcomments&post=48377"}],"version-history":[{"count":1,"href":"https:\/\/informativoelvalledeaguascalientes.online\/index.php?rest_route=\/wp\/v2\/posts\/48377\/revisions"}],"predecessor-version":[{"id":48379,"href":"https:\/\/informativoelvalledeaguascalientes.online\/index.php?rest_route=\/wp\/v2\/posts\/48377\/revisions\/48379"}],"wp:featuredmedia":[{"embeddable":true,"href":"https:\/\/informativoelvalledeaguascalientes.online\/index.php?rest_route=\/wp\/v2\/media\/48378"}],"wp:attachment":[{"href":"https:\/\/informativoelvalledeaguascalientes.online\/index.php?rest_route=%2Fwp%2Fv2%2Fmedia&parent=48377"}],"wp:term":[{"taxonomy":"category","embeddable":true,"href":"https:\/\/informativoelvalledeaguascalientes.online\/index.php?rest_route=%2Fwp%2Fv2%2Fcategories&post=48377"},{"taxonomy":"post_tag","embeddable":true,"href":"https:\/\/informativoelvalledeaguascalientes.online\/index.php?rest_route=%2Fwp%2Fv2%2Ftags&post=48377"}],"curies":[{"name":"wp","href":"https:\/\/api.w.org\/{rel}","templated":true}]}}