{"id":48370,"date":"2023-08-23T15:12:27","date_gmt":"2023-08-23T21:12:27","guid":{"rendered":"https:\/\/informativoelvalledeaguascalientes.online\/?p=48370"},"modified":"2023-08-23T15:12:27","modified_gmt":"2023-08-23T21:12:27","slug":"anuncia-tere-jimenez-que-por-primera-vez-en-el-estado-las-escuelas-publicas-contaran-con-internet","status":"publish","type":"post","link":"https:\/\/informativoelvalledeaguascalientes.online\/?p=48370","title":{"rendered":"ANUNCIA TERE JIM\u00c9NEZ QUE POR PRIMERA VEZ EN EL ESTADO, LAS ESCUELAS P\u00daBLICAS CONTAR\u00c1N CON INTERNET"},"content":{"rendered":"<p><strong><a href=\"https:\/\/www.facebook.com\/hashtag\/informativoelvalledeaguascalientes\">#informativoelvalledeaguascalientes<\/a><\/strong><\/p>\n<p><strong><a href=\"https:\/\/www.facebook.com\/hashtag\/novaradioaguascalientes\">#novaradioaguascalientes<\/a><\/strong><\/p>\n<p><strong><a href=\"https:\/\/www.facebook.com\/GobiernodeAguascalientes\">#ElGiganteDeMexico<\/a><\/strong><\/p>\n<p>&nbsp;<\/p>\n<p id=\"viewer-foo\" class=\"-Zro6 -ZADH vVfzz AnCKd _57WYp\"><span class=\"d0767 vVfzz\">La gobernadora Tere Jim\u00e9nez anunci\u00f3 que por primera vez en Aguascalientes, a partir del pr\u00f3ximo ciclo escolar todas las primarias, secundarias y telesecundarias p\u00fablicas del estado tendr\u00e1n acceso a internet, para que las y los alumnos cuenten con las herramientas necesarias para su pleno desarrollo acad\u00e9mico.<\/span><\/p>\n<div id=\"viewer-fg4s6134\" class=\"-Zro6 -ZADH vVfzz _57WYp\"><span class=\"d0767 vVfzz\">\u00a0<\/span><\/div>\n<p id=\"viewer-a8l0t135\" class=\"-Zro6 -ZADH vVfzz AnCKd _57WYp\"><span class=\"d0767 vVfzz\">Se\u00f1al\u00f3 que en su administraci\u00f3n se toman medidas que permiten elevar la calidad educativa para todas y todos, pues debe asegurarse su desarrollo en igualdad de circunstancias.<\/span><\/p>\n<div id=\"viewer-noz5a137\" class=\"-Zro6 -ZADH vVfzz _57WYp\"><span class=\"d0767 vVfzz\">\u00a0<\/span><\/div>\n<p id=\"viewer-25n3b138\" class=\"-Zro6 -ZADH vVfzz AnCKd _57WYp\"><span class=\"d0767 vVfzz\">\u201cSi queremos que nuestras ni\u00f1as, ni\u00f1os y j\u00f3venes reciban una educaci\u00f3n de calidad, tenemos que dotarlos de todo lo que requieren para su buen desempe\u00f1o escolar, y eso implica el uso de la tecnolog\u00eda y el acceso a la era digital\u201d, subray\u00f3.<\/span><\/p>\n<div id=\"viewer-bet6h140\" class=\"-Zro6 -ZADH vVfzz _57WYp\"><span class=\"d0767 vVfzz\">\u00a0<\/span><\/div>\n<p id=\"viewer-rnim8141\" class=\"-Zro6 -ZADH vVfzz AnCKd _57WYp\"><span class=\"d0767 vVfzz\">Hizo hincapi\u00e9 en que ser\u00e1n mil 200 planteles educativos los que contar\u00e1n con internet en todo el estado, incluso aquellos que se encuentran en las comunidades m\u00e1s alejadas, hasta donde se llevar\u00e1 el servicio con apoyo de tecnolog\u00eda satelital.<\/span><\/p>\n<div id=\"viewer-fgryr143\" class=\"-Zro6 -ZADH vVfzz _57WYp\"><span class=\"d0767 vVfzz\">\u00a0<\/span><\/div>\n<p id=\"viewer-d5cjw144\" class=\"-Zro6 -ZADH vVfzz AnCKd _57WYp\"><span class=\"d0767 vVfzz\">Al respecto, el secretario de Innovaci\u00f3n y Gobierno Digital, Ramiro Pedroza M\u00e1rquez, dijo que por indicaciones de la gobernadora, desde hace meses se trabaja en la instalaci\u00f3n de este servicio en todos los planteles educativos, a fin de que el pr\u00f3ximo 28 de agosto que arranca el ciclo escolar 2023-2024, est\u00e9 listo su funcionamiento.<\/span><\/p>\n<div id=\"viewer-btswr146\" class=\"-Zro6 -ZADH vVfzz _57WYp\"><span class=\"d0767 vVfzz\">\u00a0<\/span><\/div>\n<p id=\"viewer-2lo8f147\" class=\"-Zro6 -ZADH vVfzz AnCKd _57WYp\"><span class=\"d0767 vVfzz\">Destac\u00f3 la calidad del servicio que se ofrecer\u00e1 en las escuelas, adem\u00e1s enfatiz\u00f3 que se pusieron los candados y filtros necesarios para evitar que las y los alumnos accedan a contenidos que no son adecuados para su edad.<\/span><\/p>\n<div id=\"viewer-mz5s8149\" class=\"-Zro6 -ZADH vVfzz _57WYp\"><span class=\"d0767 vVfzz\">\u00a0<\/span><\/div>\n<p id=\"viewer-gsfjo150\" class=\"-Zro6 -ZADH vVfzz AnCKd _57WYp\"><span class=\"d0767 vVfzz\">Por \u00faltimo, Pedroza M\u00e1rquez destac\u00f3 que con este nuevo servicio no solo las y los estudiantes tendr\u00e1n la oportunidad de potenciar sus capacidades y mejorar su aprovechamiento escolar, sino que tambi\u00e9n ser\u00e1 de gran utilidad para las maestras y maestros en la impartici\u00f3n de sus clases.<\/span><\/p>\n","protected":false},"excerpt":{"rendered":"<p>#informativoelvalledeaguascalientes #novaradioaguascalientes #ElGiganteDeMexico &nbsp; La gobernadora Tere Jim\u00e9nez anunci\u00f3 que por primera vez en Aguascalientes, a partir del pr\u00f3ximo ciclo escolar todas las primarias, secundarias y telesecundarias p\u00fablicas del estado tendr\u00e1n acceso a internet, para que las y los alumnos cuenten con las herramientas necesarias para su pleno desarrollo acad\u00e9mico. \u00a0 Se\u00f1al\u00f3 que en su [&hellip;]<\/p>\n","protected":false},"author":1,"featured_media":48371,"comment_status":"closed","ping_status":"open","sticky":false,"template":"","format":"standard","meta":{"advanced_seo_description":"","jetpack_seo_html_title":"","jetpack_seo_noindex":false,"_jetpack_memberships_contains_paid_content":false,"footnotes":"","jetpack_publicize_message":"","jetpack_publicize_feature_enabled":true,"jetpack_social_post_already_shared":true,"jetpack_social_options":{"image_generator_settings":{"template":"highway","default_image_id":0,"font":"","enabled":false},"version":2}},"categories":[21,4],"tags":[22,615,39,714,320],"class_list":["post-48370","post","type-post","status-publish","format-standard","has-post-thumbnail","hentry","category-aguascalientes","category-gobierno-del-estado-aguascalientes","tag-aguascalientes","tag-gobierno-del-estado-de-aguascalientes","tag-iea","tag-secretaria-de-innovacion-y-gobierno-digital","tag-tere-jimenez"],"jetpack_publicize_connections":[],"jetpack_featured_media_url":"https:\/\/i0.wp.com\/informativoelvalledeaguascalientes.online\/wp-content\/uploads\/2023\/08\/tj-internet.jpeg?fit=1024%2C683&ssl=1","jetpack-related-posts":[],"jetpack_sharing_enabled":true,"jetpack_likes_enabled":true,"_links":{"self":[{"href":"https:\/\/informativoelvalledeaguascalientes.online\/index.php?rest_route=\/wp\/v2\/posts\/48370","targetHints":{"allow":["GET"]}}],"collection":[{"href":"https:\/\/informativoelvalledeaguascalientes.online\/index.php?rest_route=\/wp\/v2\/posts"}],"about":[{"href":"https:\/\/informativoelvalledeaguascalientes.online\/index.php?rest_route=\/wp\/v2\/types\/post"}],"author":[{"embeddable":true,"href":"https:\/\/informativoelvalledeaguascalientes.online\/index.php?rest_route=\/wp\/v2\/users\/1"}],"replies":[{"embeddable":true,"href":"https:\/\/informativoelvalledeaguascalientes.online\/index.php?rest_route=%2Fwp%2Fv2%2Fcomments&post=48370"}],"version-history":[{"count":1,"href":"https:\/\/informativoelvalledeaguascalientes.online\/index.php?rest_route=\/wp\/v2\/posts\/48370\/revisions"}],"predecessor-version":[{"id":48372,"href":"https:\/\/informativoelvalledeaguascalientes.online\/index.php?rest_route=\/wp\/v2\/posts\/48370\/revisions\/48372"}],"wp:featuredmedia":[{"embeddable":true,"href":"https:\/\/informativoelvalledeaguascalientes.online\/index.php?rest_route=\/wp\/v2\/media\/48371"}],"wp:attachment":[{"href":"https:\/\/informativoelvalledeaguascalientes.online\/index.php?rest_route=%2Fwp%2Fv2%2Fmedia&parent=48370"}],"wp:term":[{"taxonomy":"category","embeddable":true,"href":"https:\/\/informativoelvalledeaguascalientes.online\/index.php?rest_route=%2Fwp%2Fv2%2Fcategories&post=48370"},{"taxonomy":"post_tag","embeddable":true,"href":"https:\/\/informativoelvalledeaguascalientes.online\/index.php?rest_route=%2Fwp%2Fv2%2Ftags&post=48370"}],"curies":[{"name":"wp","href":"https:\/\/api.w.org\/{rel}","templated":true}]}}