{"id":48367,"date":"2023-08-23T15:02:50","date_gmt":"2023-08-23T21:02:50","guid":{"rendered":"https:\/\/informativoelvalledeaguascalientes.online\/?p=48367"},"modified":"2023-08-23T15:02:50","modified_gmt":"2023-08-23T21:02:50","slug":"con-los-comedores-comunitarios-buen-provecho-atendemos-a-quienes-mas-lo-necesitan-tere-jimenez","status":"publish","type":"post","link":"https:\/\/informativoelvalledeaguascalientes.online\/?p=48367","title":{"rendered":"CON LOS COMEDORES COMUNITARIOS \u201cBUEN PROVECHO\u201d ATENDEMOS A QUIENES M\u00c1S LO NECESITAN: TERE JIM\u00c9NEZ"},"content":{"rendered":"<p><strong><a href=\"https:\/\/www.facebook.com\/hashtag\/informativoelvalledeaguascalientes\">#informativoelvalledeaguascalientes<\/a><\/strong><\/p>\n<p><strong><a href=\"https:\/\/www.facebook.com\/hashtag\/novaradioaguascalientes\">#novaradioaguascalientes<\/a><\/strong><\/p>\n<p><strong><a href=\"https:\/\/www.facebook.com\/GobiernodeAguascalientes\">#ElGiganteDeMexico<\/a><\/strong><\/p>\n<p>&nbsp;<\/p>\n<ul class=\"xErDo AnCKd\">\n<li class=\"_04hd2 vVfzz\" dir=\"auto\">\n<div>\n<p id=\"viewer-o9116136\" class=\"-Zro6 -ZADH vVfzz AnCKd _57WYp\"><span class=\"d0767 vVfzz\">Existen 22 espacios de este tipo en todo el estado, donde se ofrecen alimentos calientes para garantizar que las personas accedan a la alimentaci\u00f3n<\/span><\/p>\n<\/div>\n<\/li>\n<li class=\"_04hd2 vVfzz\" dir=\"auto\">\n<div>\n<p id=\"viewer-vubph139\" class=\"-Zro6 -ZADH vVfzz AnCKd _57WYp\"><span class=\"d0767 vVfzz\">Funcionan de lunes a viernes a partir de las 10:00 de la ma\u00f1ana y hasta que se terminen los alimentos del d\u00eda<\/span><\/p>\n<\/div>\n<\/li>\n<li class=\"_04hd2 vVfzz\" dir=\"auto\">\n<div>\n<p id=\"viewer-wynku142\" class=\"-Zro6 -ZADH vVfzz AnCKd _57WYp\"><span class=\"d0767 vVfzz\">A los adultos mayores, enfermos y personas con discapacidad que no puedan acudir al comedor, se les lleva la comida hasta su domicilio<\/span><\/p>\n<\/div>\n<\/li>\n<\/ul>\n<div id=\"viewer-snq92144\" class=\"-Zro6 -ZADH vVfzz _57WYp\"><span class=\"d0767 vVfzz\">\u00a0<\/span><\/div>\n<p id=\"viewer-44rd7146\" class=\"-Zro6 -ZADH vVfzz AnCKd _57WYp\"><span class=\"d0767 vVfzz\">Como parte de las acciones que se realizan en Aguascalientes para propiciar\u00a0 mejores condiciones a quienes m\u00e1s lo necesitan, la gobernadora de Aguascalientes, Tere Jim\u00e9nez, dio a conocer que en todo el estado funcionan 22 comedores comunitarios \u201cBuen Provecho\u201d, en los que se proporciona alimento suficiente, variado y nutritivo, por lo que invit\u00f3 a la poblaci\u00f3n a que se acerque a estos espacios.<\/span><\/p>\n<div id=\"viewer-9vrz4148\" class=\"-Zro6 -ZADH vVfzz _57WYp\"><span class=\"d0767 vVfzz\">\u00a0<\/span><\/div>\n<p id=\"viewer-xoai5149\" class=\"-Zro6 -ZADH vVfzz AnCKd _57WYp\"><span class=\"d0767 vVfzz\">\u201cQueremos que nuestra gente viva mejor y que cuente con los satisfactores b\u00e1sicos para su sano desarrollo; con estos espacios queremos apoyar a muchas personas que no tienen qu\u00e9 comer; que sepan que no est\u00e1n solos, que siempre vamos a estar ah\u00ed para apoyarlas, porque todos somos una familia\u201d, sostuvo la gobernadora.<\/span><\/p>\n<div id=\"viewer-j9k56151\" class=\"-Zro6 -ZADH vVfzz _57WYp\"><span class=\"d0767 vVfzz\">\u00a0<\/span><\/div>\n<p id=\"viewer-kmc70152\" class=\"-Zro6 -ZADH vVfzz AnCKd _57WYp\"><span class=\"d0767 vVfzz\">Asimismo, Tere Jim\u00e9nez agradeci\u00f3 a las personas, instituciones y empresas que colaboran desinteresadamente con el Gobierno del Estado mediante la donaci\u00f3n de insumos para elaborar los alimentos que se ofrecen en estos lugares.\u00a0<\/span><\/p>\n<div id=\"viewer-c3td1154\" class=\"-Zro6 -ZADH vVfzz _57WYp\"><span class=\"d0767 vVfzz\">\u00a0<\/span><\/div>\n<p id=\"viewer-nzgop155\" class=\"-Zro6 -ZADH vVfzz AnCKd _57WYp\"><span class=\"d0767 vVfzz\">En su intervenci\u00f3n, Jos\u00e9 Alfredo Gallo Camacho, director general de Combate a la Pobreza y Atenci\u00f3n a Grupos Vulnerables de la Secretar\u00eda de Desarrollo Social (Sedeso), precis\u00f3 que de los 22 comedores que opera esta dependencia en todo el estado, 13 dan servicio en diferentes colonias de la ciudad capital y nueve en los municipios del interior.<\/span><\/p>\n<div id=\"viewer-wj3od157\" class=\"-Zro6 -ZADH vVfzz _57WYp\"><span class=\"d0767 vVfzz\">\u00a0<\/span><\/div>\n<p id=\"viewer-3ippf158\" class=\"-Zro6 -ZADH vVfzz AnCKd _57WYp\"><span class=\"d0767 vVfzz\">Coment\u00f3 que son cerca de 50 mujeres las que participan en la preparaci\u00f3n de los alimentos bajo el esquema de empleo temporal, con lo que tambi\u00e9n se favorece su econom\u00eda familiar.<\/span><\/p>\n<div id=\"viewer-ne7l2160\" class=\"-Zro6 -ZADH vVfzz _57WYp\"><span class=\"d0767 vVfzz\">\u00a0<\/span><\/div>\n<p id=\"viewer-jrzxo161\" class=\"-Zro6 -ZADH vVfzz AnCKd _57WYp\"><span class=\"d0767 vVfzz\">Gallo Camacho indic\u00f3 que estos espacios se ubican en las Casas del Bien Com\u00fan y brindan atenci\u00f3n de lunes a viernes a partir de las 10:00 de la ma\u00f1ana y hasta agotar los alimentos del d\u00eda; destac\u00f3 que a los adultos mayores, enfermos y personas con discapacidad que no pueden asistir al comedor, se les llevan los alimentos hasta su domicilio.<\/span><\/p>\n<div id=\"viewer-nbj9l165\" class=\"-Zro6 -ZADH vVfzz _57WYp\"><span class=\"d0767 vVfzz\">\u00a0<\/span><\/div>\n<p id=\"viewer-qxv4a166\" class=\"-Zro6 -ZADH vVfzz AnCKd _57WYp\"><span class=\"d0767 vVfzz\">Por \u00faltimo, Jos\u00e9 Guadalupe Barba V\u00e1zquez, beneficiario de este programa, agradeci\u00f3 la sensibilidad de la gobernadora Tere Jim\u00e9nez por crear estos espacios donde se les brinda comida caliente; \u201cgracias por darnos la posibilidad de contar con un plato de comida todos los d\u00edas\u201d, precis\u00f3.<\/span><\/p>\n<div id=\"viewer-x9yzb168\" class=\"-Zro6 -ZADH vVfzz _57WYp\"><span class=\"d0767 vVfzz\">\u00a0<\/span><\/div>\n<p id=\"viewer-j95v9169\" class=\"-Zro6 -ZADH vVfzz AnCKd _57WYp\"><span class=\"d0767 vVfzz\">Al t\u00e9rmino del evento, la gobernadora hizo un recorrido por la exposici\u00f3n que realizaron los 22 comedores \u201cBuen Provecho\u201d para mostrar los diferentes platillos que conforman los men\u00fas que elaboran a diario en beneficio de la comunidad.\u00a0<\/span><\/p>\n<div id=\"viewer-on6k3171\" class=\"-Zro6 -ZADH vVfzz _57WYp\"><span class=\"d0767 vVfzz\">\u00a0<\/span><\/div>\n<p id=\"viewer-40fbv172\" class=\"-Zro6 -ZADH vVfzz AnCKd _57WYp\"><span class=\"d0767 vVfzz\">En el evento tambi\u00e9n estuvieron presentes Luis Le\u00f3n M\u00e9ndez, director general de Desarrollo Social de la Sedeso, y Antonio Mej\u00eda Ibarra, beneficiario del programa.<\/span><\/p>\n","protected":false},"excerpt":{"rendered":"<p>#informativoelvalledeaguascalientes #novaradioaguascalientes #ElGiganteDeMexico &nbsp; Existen 22 espacios de este tipo en todo el estado, donde se ofrecen alimentos calientes para garantizar que las personas accedan a la alimentaci\u00f3n Funcionan de lunes a viernes a partir de las 10:00 de la ma\u00f1ana y hasta que se terminen los alimentos del d\u00eda A los adultos mayores, enfermos [&hellip;]<\/p>\n","protected":false},"author":1,"featured_media":48368,"comment_status":"closed","ping_status":"open","sticky":false,"template":"","format":"standard","meta":{"advanced_seo_description":"","jetpack_seo_html_title":"","jetpack_seo_noindex":false,"_jetpack_memberships_contains_paid_content":false,"footnotes":"","jetpack_publicize_message":"","jetpack_publicize_feature_enabled":true,"jetpack_social_post_already_shared":true,"jetpack_social_options":{"image_generator_settings":{"template":"highway","default_image_id":0,"font":"","enabled":false},"version":2}},"categories":[21,4],"tags":[22,615,24,320],"class_list":["post-48367","post","type-post","status-publish","format-standard","has-post-thumbnail","hentry","category-aguascalientes","category-gobierno-del-estado-aguascalientes","tag-aguascalientes","tag-gobierno-del-estado-de-aguascalientes","tag-sedeso","tag-tere-jimenez"],"jetpack_publicize_connections":[],"jetpack_featured_media_url":"https:\/\/i0.wp.com\/informativoelvalledeaguascalientes.online\/wp-content\/uploads\/2023\/08\/COMEDORES-1.jpg?fit=1440%2C960&ssl=1","jetpack-related-posts":[],"jetpack_sharing_enabled":true,"jetpack_likes_enabled":true,"_links":{"self":[{"href":"https:\/\/informativoelvalledeaguascalientes.online\/index.php?rest_route=\/wp\/v2\/posts\/48367","targetHints":{"allow":["GET"]}}],"collection":[{"href":"https:\/\/informativoelvalledeaguascalientes.online\/index.php?rest_route=\/wp\/v2\/posts"}],"about":[{"href":"https:\/\/informativoelvalledeaguascalientes.online\/index.php?rest_route=\/wp\/v2\/types\/post"}],"author":[{"embeddable":true,"href":"https:\/\/informativoelvalledeaguascalientes.online\/index.php?rest_route=\/wp\/v2\/users\/1"}],"replies":[{"embeddable":true,"href":"https:\/\/informativoelvalledeaguascalientes.online\/index.php?rest_route=%2Fwp%2Fv2%2Fcomments&post=48367"}],"version-history":[{"count":1,"href":"https:\/\/informativoelvalledeaguascalientes.online\/index.php?rest_route=\/wp\/v2\/posts\/48367\/revisions"}],"predecessor-version":[{"id":48369,"href":"https:\/\/informativoelvalledeaguascalientes.online\/index.php?rest_route=\/wp\/v2\/posts\/48367\/revisions\/48369"}],"wp:featuredmedia":[{"embeddable":true,"href":"https:\/\/informativoelvalledeaguascalientes.online\/index.php?rest_route=\/wp\/v2\/media\/48368"}],"wp:attachment":[{"href":"https:\/\/informativoelvalledeaguascalientes.online\/index.php?rest_route=%2Fwp%2Fv2%2Fmedia&parent=48367"}],"wp:term":[{"taxonomy":"category","embeddable":true,"href":"https:\/\/informativoelvalledeaguascalientes.online\/index.php?rest_route=%2Fwp%2Fv2%2Fcategories&post=48367"},{"taxonomy":"post_tag","embeddable":true,"href":"https:\/\/informativoelvalledeaguascalientes.online\/index.php?rest_route=%2Fwp%2Fv2%2Ftags&post=48367"}],"curies":[{"name":"wp","href":"https:\/\/api.w.org\/{rel}","templated":true}]}}