{"id":48352,"date":"2023-08-23T14:41:00","date_gmt":"2023-08-23T20:41:00","guid":{"rendered":"https:\/\/informativoelvalledeaguascalientes.online\/?p=48352"},"modified":"2023-08-23T14:41:00","modified_gmt":"2023-08-23T20:41:00","slug":"la-unidad-es-y-sera-siempre-un-principio-clave-para-an-y-el-interes-superior-mexico-jln","status":"publish","type":"post","link":"https:\/\/informativoelvalledeaguascalientes.online\/?p=48352","title":{"rendered":"LA UNIDAD ES Y SER\u00c1 SIEMPRE UN PRINCIPIO CLAVE PARA AN Y EL INTER\u00c9S SUPERIOR, M\u00c9XICO: JLN"},"content":{"rendered":"<p><strong><a href=\"https:\/\/www.facebook.com\/hashtag\/informativoelvalledeaguascalientes\">#informativoelvalledeaguascalientes<\/a><\/strong><\/p>\n<p><strong><a href=\"https:\/\/www.facebook.com\/hashtag\/novaradioaguascalientes\">#novaradioaguascalientes<\/a><\/strong><\/p>\n<p><strong>\u00a0<\/strong><\/p>\n<p><strong><em>\u00a0<\/em><\/strong><\/p>\n<ul>\n<li><strong><em>La meta es redirigir el futuro del pa\u00eds, ese es el principal objetivo y acuerdo en el PAN.<\/em><\/strong><\/li>\n<li><strong><em>El l\u00edder estatal panista reconoci\u00f3 la trayectoria y madurez de Santiago Creel Miranda, al declinar a favor de la aspirante del FAM, X\u00f3chitl G\u00e1lvez.<\/em><\/strong><\/li>\n<li><strong><em>Invita a militantes, simpatizantes y sociedad civil, a participar en los eventos que encabezar\u00e1 la panista el domingo durante su visita por Aguascalientes.<\/em><\/strong><\/li>\n<\/ul>\n<p><strong><em>\u00a0<\/em><\/strong><\/p>\n<p>&nbsp;<\/p>\n<p>Luego de que hace unos momentos el aspirante para la construcci\u00f3n del Frente Amplio por M\u00e9xico, Santiago Creel Miranda, declinara a favor de la tambi\u00e9n aspirante Xochitl G\u00e1lvez, reafirmando la unidad que prevalece dentro de Acci\u00f3n Nacional, el presidente estatal del partido en Aguascalientes, Javier Lu\u00e9vano N\u00fa\u00f1ez, se\u00f1al\u00f3 que una vez m\u00e1s el PAN, da muestra de civilidad, teniendo como inter\u00e9s superior a M\u00e9xico, por encima de cualquier inter\u00e9s particular.<\/p>\n<p>&nbsp;<\/p>\n<p>\u201cLa unidad ha sido, es y ser\u00e1 siempre un principio clave para Acci\u00f3n Nacional, en el que lejos de cualquier inter\u00e9s personal, ha prevalecido el inter\u00e9s por construir un mejor futuro, un mejor pa\u00eds\u201d afirm\u00f3 el titular estatal del PAN, quien reconoci\u00f3 la experiencia y trayectoria de Santiago Creel Miranda.<\/p>\n<p>&nbsp;<\/p>\n<p>\u201cEn el m\u00e1s estricto sentido de unidad, el panismo de M\u00e9xico, concentramos todo nuestro apoyo dirigido\u00a0 en un solo sentido con X\u00f3chitl G\u00e1lvez, aspirante\u00a0 de Acci\u00f3n Nacional, para que sea ella\u00a0 la persona responsable para la construcci\u00f3n del Frente Amplio por M\u00e9xico\u201d.<\/p>\n<p>&nbsp;<\/p>\n<p>El l\u00edder blanquiazul, puntualiz\u00f3 que en este proceso in\u00e9dito, se ha contado con aspirantes de amplia madurez pol\u00edtica, y que bajo los acuerdos suscritos y con la observancia del Comit\u00e9 Organizador, \u201cestaremos conociendo al finalizar la \u00faltima etapa a quien podr\u00e1 representar al FAM, trazando un nuevo rumbo para el pa\u00eds\u201d.<\/p>\n<p>&nbsp;<\/p>\n<p>\u201cEs justamente la trayectoria, conocimiento, experiencia y madurez pol\u00edtica, la que ha llevado a Santiago Creel a tomar tan importante decisi\u00f3n, que sin duda, fortalece el desarrollo del proceso. Ahora, la decisi\u00f3n corresponde a las y los ciudadanos que est\u00e1n participando en la plataforma y que son quienes decidir\u00e1n este pr\u00f3ximo 03 de septiembre\u201d puntualiz\u00f3 Javier Lu\u00e9vano N\u00fa\u00f1ez.<\/p>\n<p>&nbsp;<\/p>\n<p>En este sentido solicit\u00f3 a quienes se registraron en la plataforma a continuar pendientes y participativos, escuchar la propuesta de X\u00f3chitl G\u00e1lvez en los foros que se celebrar\u00e1n en los d\u00edas siguientes y cerrar filas en torno a la panista, para que sea ella quien lidere los trabajos de la construcci\u00f3n del Frente Amplio por M\u00e9xico rumbo al decisivo a\u00f1o 2024.<\/p>\n<p>&nbsp;<\/p>\n<p>Finalmente el l\u00edder de los panistas en Aguascalientes, invit\u00f3 a militantes, simpatizantes y sociedad en general a estar pendientes y participar de los eventos que encabezar\u00e1 Xochitl G\u00e1lvez, durante su visita a la entidad el pr\u00f3ximo domingo por Aguascalientes, donde sostendr\u00e1 dos actos p\u00fablicos uno de ellos con mujeres, y escuchar el mensaje con el que busca encabezar y obtener la primera posici\u00f3n\u00a0 al concluir \u00e9ste proceso.<\/p>\n","protected":false},"excerpt":{"rendered":"<p>#informativoelvalledeaguascalientes #novaradioaguascalientes \u00a0 \u00a0 La meta es redirigir el futuro del pa\u00eds, ese es el principal objetivo y acuerdo en el PAN. El l\u00edder estatal panista reconoci\u00f3 la trayectoria y madurez de Santiago Creel Miranda, al declinar a favor de la aspirante del FAM, X\u00f3chitl G\u00e1lvez. Invita a militantes, simpatizantes y sociedad civil, a participar [&hellip;]<\/p>\n","protected":false},"author":1,"featured_media":48353,"comment_status":"closed","ping_status":"open","sticky":false,"template":"","format":"standard","meta":{"advanced_seo_description":"","jetpack_seo_html_title":"","jetpack_seo_noindex":false,"_jetpack_memberships_contains_paid_content":false,"footnotes":"","jetpack_publicize_message":"","jetpack_publicize_feature_enabled":true,"jetpack_social_post_already_shared":true,"jetpack_social_options":{"image_generator_settings":{"template":"highway","default_image_id":0,"font":"","enabled":false},"version":2}},"categories":[21,19,7],"tags":[22,43],"class_list":["post-48352","post","type-post","status-publish","format-standard","has-post-thumbnail","hentry","category-aguascalientes","category-informacion-general","category-pan-aguascalientes","tag-aguascalientes","tag-pan-aguascalientes-cde"],"jetpack_publicize_connections":[],"jetpack_featured_media_url":"https:\/\/i0.wp.com\/informativoelvalledeaguascalientes.online\/wp-content\/uploads\/2023\/08\/70dd1141-c0a4-443a-a658-5b61ad5954b4.jpg?fit=1600%2C1066&ssl=1","jetpack-related-posts":[],"jetpack_sharing_enabled":true,"jetpack_likes_enabled":true,"_links":{"self":[{"href":"https:\/\/informativoelvalledeaguascalientes.online\/index.php?rest_route=\/wp\/v2\/posts\/48352","targetHints":{"allow":["GET"]}}],"collection":[{"href":"https:\/\/informativoelvalledeaguascalientes.online\/index.php?rest_route=\/wp\/v2\/posts"}],"about":[{"href":"https:\/\/informativoelvalledeaguascalientes.online\/index.php?rest_route=\/wp\/v2\/types\/post"}],"author":[{"embeddable":true,"href":"https:\/\/informativoelvalledeaguascalientes.online\/index.php?rest_route=\/wp\/v2\/users\/1"}],"replies":[{"embeddable":true,"href":"https:\/\/informativoelvalledeaguascalientes.online\/index.php?rest_route=%2Fwp%2Fv2%2Fcomments&post=48352"}],"version-history":[{"count":1,"href":"https:\/\/informativoelvalledeaguascalientes.online\/index.php?rest_route=\/wp\/v2\/posts\/48352\/revisions"}],"predecessor-version":[{"id":48354,"href":"https:\/\/informativoelvalledeaguascalientes.online\/index.php?rest_route=\/wp\/v2\/posts\/48352\/revisions\/48354"}],"wp:featuredmedia":[{"embeddable":true,"href":"https:\/\/informativoelvalledeaguascalientes.online\/index.php?rest_route=\/wp\/v2\/media\/48353"}],"wp:attachment":[{"href":"https:\/\/informativoelvalledeaguascalientes.online\/index.php?rest_route=%2Fwp%2Fv2%2Fmedia&parent=48352"}],"wp:term":[{"taxonomy":"category","embeddable":true,"href":"https:\/\/informativoelvalledeaguascalientes.online\/index.php?rest_route=%2Fwp%2Fv2%2Fcategories&post=48352"},{"taxonomy":"post_tag","embeddable":true,"href":"https:\/\/informativoelvalledeaguascalientes.online\/index.php?rest_route=%2Fwp%2Fv2%2Ftags&post=48352"}],"curies":[{"name":"wp","href":"https:\/\/api.w.org\/{rel}","templated":true}]}}