{"id":48208,"date":"2023-08-18T19:28:34","date_gmt":"2023-08-19T01:28:34","guid":{"rendered":"https:\/\/informativoelvalledeaguascalientes.online\/?p=48208"},"modified":"2023-08-18T19:28:57","modified_gmt":"2023-08-19T01:28:57","slug":"acompananos-a-la-eleccion-y-coronacion-de-la-reina-de-la-uva-evento-que-sera-en-vinicola-iberia-el-proximo-24-de-agosto-las-puertas-estaran-abiertas-a-partir-de-las-1300-horas","status":"publish","type":"post","link":"https:\/\/informativoelvalledeaguascalientes.online\/?p=48208","title":{"rendered":"Acomp\u00e1\u00f1anos a la elecci\u00f3n y coronaci\u00f3n de la Reina de la Uva, evento que ser\u00e1 en Vin\u00edcola Iberia el pr\u00f3ximo 24 de Agosto. Las puertas estar\u00e1n abiertas a partir de las 13:00 horas."},"content":{"rendered":"<p><strong><a href=\"https:\/\/www.facebook.com\/hashtag\/informativoelvalledeaguascalientes\">#informativoelvalledeaguascalientes<\/a><\/strong><\/p>\n<p><strong><a href=\"https:\/\/www.facebook.com\/hashtag\/novaradioaguascalientes\">#novaradioaguascalientes<\/a><\/strong><\/p>\n<p><strong><a href=\"https:\/\/www.facebook.com\/GobiernodeAguascalientes\">#ElGiganteDeMexico<\/a><\/strong><\/p>\n<p>&nbsp;<\/p>\n<p>\u25cf En Vin\u00edcola Iberia ser\u00e1 sede del concierto de Reik, como parte de las Fiestas de las Vendimias. El lugar asignado dentro del vi\u00f1edo para este concierto contar\u00e1 con una carpa de 50 metros de ancho por 50 metros, 2 mil 500 metros techados, ser\u00e1 un mega escenario de 40 metros de ah\u00ed que el espect\u00e1culo ser\u00e1 perfectamente visible para todos los asistentes.<br \/>\n\u25cf Si bien el acceso ser\u00e1 gratuito con boleto, tambi\u00e9n est\u00e1n a la venta lugares en los que los asistentes podr\u00e1n disfrutar de la experiencia de disfrutar del vino de excelente calidad que se produce en Iberia, que por cierto, tiene dos etiquetas premiadas por el Global Wine y una m\u00e1s premiada en la Ruta del Vino 2022.<br \/>\n\u25cf Habr\u00e1 mesas para 10 personas que tendr\u00e1n un costo de 1,500 por persona, se les regalar\u00e1 4 botellas de vino y estar\u00e1n a disposici\u00f3n dos cajones de estacionamiento en zona VIP.<br \/>\n\u25cf Tambi\u00e9n se contar\u00e1 con periqueras de 4 sillas a un costo de 1,000 pesos por persona. En este caso ser\u00e1 una botella de regalo y un caj\u00f3n de estacionamiento en zona VIP. LA VENTA DE LAS EXPERIENCIAS ES EN LA TIENDA DE IBERIA UBICADA EN COLOSIO # 324 A UN COSTADO DEL RESTAURANTE PUENTE VIEJO O BIEN RESERVAR A TRAV\u00c9S DE LLAMADA TELEF\u00d3NICA AL 449 195 1362 Y 449 150 6309<br \/>\n\u25cf Mencionarles que pr\u00f3ximamente ser\u00e1 inaugurado el hotel y restaurante all\u00ed mismo, en busca de mejorar la atenci\u00f3n a la gente que gusta de disfrutar la experiencia de convivir en un vi\u00f1edo, como es el caso de Iberia.<br \/>\n\u25cf Si quieres ampliar tu experiencia de convivencia en Vi\u00f1edos Iberia, el d\u00eda del concierto, jueves 24 de agosto el acceso al lugar ser\u00e1 desde las 12 o 1:00 de la tarde, habr\u00e1 alimentos y bebidas para la convivencia.<br \/>\n\u25cf Contamos con hotel que ser\u00e1 inaugurado la pr\u00f3xima semana, por lo que estar\u00e1n las habitaciones disponibles para que ampl\u00eden su experiencia.<br \/>\n\u25cf M\u00e1s a\u00fan, si algunos de los asistentes al concierto se quiere quedar en el vi\u00f1edo, se permitir\u00e1 la instalaci\u00f3n de casas de campa\u00f1a en un espacio asignado para ello.<\/p>\n","protected":false},"excerpt":{"rendered":"<p>#informativoelvalledeaguascalientes #novaradioaguascalientes #ElGiganteDeMexico &nbsp; \u25cf En Vin\u00edcola Iberia ser\u00e1 sede del concierto de Reik, como parte de las Fiestas de las Vendimias. El lugar asignado dentro del vi\u00f1edo para este concierto contar\u00e1 con una carpa de 50 metros de ancho por 50 metros, 2 mil 500 metros techados, ser\u00e1 un mega escenario de 40 metros [&hellip;]<\/p>\n","protected":false},"author":1,"featured_media":48209,"comment_status":"closed","ping_status":"open","sticky":false,"template":"","format":"standard","meta":{"advanced_seo_description":"","jetpack_seo_html_title":"","jetpack_seo_noindex":false,"_jetpack_memberships_contains_paid_content":false,"footnotes":"","jetpack_publicize_message":"","jetpack_publicize_feature_enabled":true,"jetpack_social_post_already_shared":true,"jetpack_social_options":{"image_generator_settings":{"template":"highway","default_image_id":0,"font":"","enabled":false},"version":2}},"categories":[21,4],"tags":[22,615,711,34,712],"class_list":["post-48208","post","type-post","status-publish","format-standard","has-post-thumbnail","hentry","category-aguascalientes","category-gobierno-del-estado-aguascalientes","tag-aguascalientes","tag-gobierno-del-estado-de-aguascalientes","tag-ruta-del-vino-2023","tag-sectur","tag-vive-vendimias"],"jetpack_publicize_connections":[],"jetpack_featured_media_url":"https:\/\/i0.wp.com\/informativoelvalledeaguascalientes.online\/wp-content\/uploads\/2023\/08\/a3aba936-f12e-464a-bdd3-a737490e8773.jpg?fit=813%2C810&ssl=1","jetpack-related-posts":[],"jetpack_sharing_enabled":true,"jetpack_likes_enabled":true,"_links":{"self":[{"href":"https:\/\/informativoelvalledeaguascalientes.online\/index.php?rest_route=\/wp\/v2\/posts\/48208","targetHints":{"allow":["GET"]}}],"collection":[{"href":"https:\/\/informativoelvalledeaguascalientes.online\/index.php?rest_route=\/wp\/v2\/posts"}],"about":[{"href":"https:\/\/informativoelvalledeaguascalientes.online\/index.php?rest_route=\/wp\/v2\/types\/post"}],"author":[{"embeddable":true,"href":"https:\/\/informativoelvalledeaguascalientes.online\/index.php?rest_route=\/wp\/v2\/users\/1"}],"replies":[{"embeddable":true,"href":"https:\/\/informativoelvalledeaguascalientes.online\/index.php?rest_route=%2Fwp%2Fv2%2Fcomments&post=48208"}],"version-history":[{"count":1,"href":"https:\/\/informativoelvalledeaguascalientes.online\/index.php?rest_route=\/wp\/v2\/posts\/48208\/revisions"}],"predecessor-version":[{"id":48210,"href":"https:\/\/informativoelvalledeaguascalientes.online\/index.php?rest_route=\/wp\/v2\/posts\/48208\/revisions\/48210"}],"wp:featuredmedia":[{"embeddable":true,"href":"https:\/\/informativoelvalledeaguascalientes.online\/index.php?rest_route=\/wp\/v2\/media\/48209"}],"wp:attachment":[{"href":"https:\/\/informativoelvalledeaguascalientes.online\/index.php?rest_route=%2Fwp%2Fv2%2Fmedia&parent=48208"}],"wp:term":[{"taxonomy":"category","embeddable":true,"href":"https:\/\/informativoelvalledeaguascalientes.online\/index.php?rest_route=%2Fwp%2Fv2%2Fcategories&post=48208"},{"taxonomy":"post_tag","embeddable":true,"href":"https:\/\/informativoelvalledeaguascalientes.online\/index.php?rest_route=%2Fwp%2Fv2%2Ftags&post=48208"}],"curies":[{"name":"wp","href":"https:\/\/api.w.org\/{rel}","templated":true}]}}