{"id":48191,"date":"2023-08-17T22:10:43","date_gmt":"2023-08-18T04:10:43","guid":{"rendered":"https:\/\/informativoelvalledeaguascalientes.online\/?p=48191"},"modified":"2023-08-17T22:10:43","modified_gmt":"2023-08-18T04:10:43","slug":"tere-jimenez-anuncia-25-mdp-para-garantizar-un-arranque-de-ciclo-escolar-sin-contratiempos-2","status":"publish","type":"post","link":"https:\/\/informativoelvalledeaguascalientes.online\/?p=48191","title":{"rendered":"TERE JIM\u00c9NEZ ANUNCIA 25 MDP PARA GARANTIZAR UN ARRANQUE DE CICLO ESCOLAR SIN CONTRATIEMPOS"},"content":{"rendered":"<p><strong><a href=\"https:\/\/www.facebook.com\/hashtag\/informativoelvalledeaguascalientes\">#informativoelvalledeaguascalientes<\/a><\/strong><\/p>\n<p><strong><a href=\"https:\/\/www.facebook.com\/hashtag\/novaradioaguascalientes\">#novaradioaguascalientes<\/a><\/strong><\/p>\n<p><strong><a href=\"https:\/\/www.facebook.com\/GobiernodeAguascalientes\">#ElGiganteDeMexico<\/a><\/strong><\/p>\n<p>&nbsp;<\/p>\n<p id=\"viewer-foo\" class=\"-Zro6 -ZADH vVfzz AnCKd _57WYp\"><span class=\"d0767 vVfzz\">Con el objetivo de que el Ciclo Escolar 2023-2024 inicie sin contratiempos y que las y los alumnos cuenten con las herramientas necesarias para su formaci\u00f3n educativa, la gobernadora de Aguascalientes, Tere Jim\u00e9nez, dispuso un adelanto de 25 millones de pesos del Programa de Apoyo a la Gesti\u00f3n Escolar (Proage) para que las escuelas cuenten con todos los materiales complementarios que se requieren para empezar las actividades acad\u00e9micas.<\/span><\/p>\n<div id=\"viewer-xxgas192\" class=\"-Zro6 -ZADH vVfzz _57WYp\"><span class=\"d0767 vVfzz\">\u00a0<\/span><\/div>\n<p id=\"viewer-ipmfd166\" class=\"-Zro6 -ZADH vVfzz AnCKd _57WYp\"><span class=\"d0767 vVfzz\">De igual manera, anunci\u00f3 que se destinar\u00e1n 22 millones de pesos para fortalecer el programa de ingl\u00e9s en las aulas, de los cuales, 4 mdp se ejercer\u00e1n este a\u00f1o y los 18 mdp restantes en 2024, lo cual permitir\u00e1 incrementar en 30 por ciento la cobertura en la ense\u00f1anza de este idioma en las escuelas p\u00fablicas de Aguascalientes.<\/span><\/p>\n<div id=\"viewer-47ssz203\" class=\"-Zro6 -ZADH vVfzz _57WYp\"><span class=\"d0767 vVfzz\">\u00a0<\/span><\/div>\n<p id=\"viewer-4h9vc168\" class=\"-Zro6 -ZADH vVfzz AnCKd _57WYp\"><span class=\"d0767 vVfzz\">El Instituto de Educaci\u00f3n de Aguascalientes (IEA) inform\u00f3 que como parte de este plan, se dotar\u00e1 de materiales did\u00e1cticos, gu\u00edas, ficheros y libros complementarios a las escuelas para fortalecer los conocimientos de pensamiento matem\u00e1tico y lectoescritura.\u00a0<\/span><\/p>\n<div id=\"viewer-afn4m214\" class=\"-Zro6 -ZADH vVfzz _57WYp\"><span class=\"d0767 vVfzz\">\u00a0<\/span><\/div>\n<p id=\"viewer-7u152170\" class=\"-Zro6 -ZADH vVfzz AnCKd _57WYp\"><span class=\"d0767 vVfzz\">Asimismo, se instalar\u00e1n mesas t\u00e9cnicas de docentes con amplio conocimiento pedag\u00f3gico para que den acompa\u00f1amiento a maestras y maestros en el aula, a fin de guiarlos y brindarles apoyo en sus procesos de ense\u00f1anza.<\/span><\/p>\n<div id=\"viewer-a8kjz225\" class=\"-Zro6 -ZADH vVfzz _57WYp\"><span class=\"d0767 vVfzz\">\u00a0<\/span><\/div>\n<p id=\"viewer-jfyb8172\" class=\"-Zro6 -ZADH vVfzz AnCKd _57WYp\"><span class=\"d0767 vVfzz\">Tambi\u00e9n se continuar\u00e1 con la capacitaci\u00f3n y formaci\u00f3n continua de las y los docentes de Aguascalientes, con el objetivo de asegurar que los estudiantes de educaci\u00f3n b\u00e1sica adquieran los conocimientos que en su grado y nivel deben aprender.\u00a0<\/span><\/p>\n<div id=\"viewer-7wnj0236\" class=\"-Zro6 -ZADH vVfzz _57WYp\"><span class=\"d0767 vVfzz\">\u00a0<\/span><\/div>\n<p id=\"viewer-rcjmz174\" class=\"-Zro6 -ZADH vVfzz AnCKd _57WYp\"><span class=\"d0767 vVfzz\">Por otro lado, la autoridad educativa estatal inform\u00f3 que se est\u00e1 a la espera de conocer la resoluci\u00f3n del amparo promovido por ciudadanos y organizaciones de la sociedad civil sobre la distribuci\u00f3n de los libros de texto gratuitos; sin embargo, independientemente de ello, el Gobierno del Estado, a trav\u00e9s del IEA, ha definido las cinco acciones antes mencionadas para no afectar la formaci\u00f3n de las ni\u00f1as, ni\u00f1os y adolescentes de la entidad. \u00a0<\/span><\/p>\n<div id=\"viewer-xio5n248\" class=\"-Zro6 -ZADH vVfzz _57WYp\"><span class=\"d0767 vVfzz\">\u00a0<\/span><\/div>\n<p id=\"viewer-4aqai177\" class=\"-Zro6 -ZADH vVfzz AnCKd _57WYp\"><span class=\"d0767 vVfzz\">Finalmente, las autoridades del IEA destacaron que el magisterio de Aguascalientes es altamente competitivo y con un perfil acad\u00e9mico s\u00f3lido, por lo que est\u00e1n preparados y capacitados para el arranque del Ciclo Escolar 2023-2024, dando muestra de su compromiso y vocaci\u00f3n en la labor docente. Por lo anterior, se dijo que no debe haber incertidumbre, ya que en \u201cEl Gigante de M\u00e9xico\u201d se continuar\u00e1 trabajando a favor de la educaci\u00f3n de las y los alumnos.<\/span><\/p>\n","protected":false},"excerpt":{"rendered":"<p>#informativoelvalledeaguascalientes #novaradioaguascalientes #ElGiganteDeMexico &nbsp; Con el objetivo de que el Ciclo Escolar 2023-2024 inicie sin contratiempos y que las y los alumnos cuenten con las herramientas necesarias para su formaci\u00f3n educativa, la gobernadora de Aguascalientes, Tere Jim\u00e9nez, dispuso un adelanto de 25 millones de pesos del Programa de Apoyo a la Gesti\u00f3n Escolar (Proage) para [&hellip;]<\/p>\n","protected":false},"author":1,"featured_media":48192,"comment_status":"closed","ping_status":"open","sticky":false,"template":"","format":"standard","meta":{"advanced_seo_description":"","jetpack_seo_html_title":"","jetpack_seo_noindex":false,"_jetpack_memberships_contains_paid_content":false,"footnotes":"","jetpack_publicize_message":"","jetpack_publicize_feature_enabled":true,"jetpack_social_post_already_shared":true,"jetpack_social_options":{"image_generator_settings":{"template":"highway","default_image_id":0,"font":"","enabled":false},"version":2}},"categories":[21,4],"tags":[22,615,39],"class_list":["post-48191","post","type-post","status-publish","format-standard","has-post-thumbnail","hentry","category-aguascalientes","category-gobierno-del-estado-aguascalientes","tag-aguascalientes","tag-gobierno-del-estado-de-aguascalientes","tag-iea"],"jetpack_publicize_connections":[],"jetpack_featured_media_url":"https:\/\/i0.wp.com\/informativoelvalledeaguascalientes.online\/wp-content\/uploads\/2023\/08\/WhatsApp-Image-2023-08-17-at-4.50.48-PM-2.jpeg?fit=1600%2C1066&ssl=1","jetpack-related-posts":[],"jetpack_sharing_enabled":true,"jetpack_likes_enabled":true,"_links":{"self":[{"href":"https:\/\/informativoelvalledeaguascalientes.online\/index.php?rest_route=\/wp\/v2\/posts\/48191","targetHints":{"allow":["GET"]}}],"collection":[{"href":"https:\/\/informativoelvalledeaguascalientes.online\/index.php?rest_route=\/wp\/v2\/posts"}],"about":[{"href":"https:\/\/informativoelvalledeaguascalientes.online\/index.php?rest_route=\/wp\/v2\/types\/post"}],"author":[{"embeddable":true,"href":"https:\/\/informativoelvalledeaguascalientes.online\/index.php?rest_route=\/wp\/v2\/users\/1"}],"replies":[{"embeddable":true,"href":"https:\/\/informativoelvalledeaguascalientes.online\/index.php?rest_route=%2Fwp%2Fv2%2Fcomments&post=48191"}],"version-history":[{"count":1,"href":"https:\/\/informativoelvalledeaguascalientes.online\/index.php?rest_route=\/wp\/v2\/posts\/48191\/revisions"}],"predecessor-version":[{"id":48193,"href":"https:\/\/informativoelvalledeaguascalientes.online\/index.php?rest_route=\/wp\/v2\/posts\/48191\/revisions\/48193"}],"wp:featuredmedia":[{"embeddable":true,"href":"https:\/\/informativoelvalledeaguascalientes.online\/index.php?rest_route=\/wp\/v2\/media\/48192"}],"wp:attachment":[{"href":"https:\/\/informativoelvalledeaguascalientes.online\/index.php?rest_route=%2Fwp%2Fv2%2Fmedia&parent=48191"}],"wp:term":[{"taxonomy":"category","embeddable":true,"href":"https:\/\/informativoelvalledeaguascalientes.online\/index.php?rest_route=%2Fwp%2Fv2%2Fcategories&post=48191"},{"taxonomy":"post_tag","embeddable":true,"href":"https:\/\/informativoelvalledeaguascalientes.online\/index.php?rest_route=%2Fwp%2Fv2%2Ftags&post=48191"}],"curies":[{"name":"wp","href":"https:\/\/api.w.org\/{rel}","templated":true}]}}