{"id":48188,"date":"2023-08-17T22:08:19","date_gmt":"2023-08-18T04:08:19","guid":{"rendered":"https:\/\/informativoelvalledeaguascalientes.online\/?p=48188"},"modified":"2023-08-17T22:08:19","modified_gmt":"2023-08-18T04:08:19","slug":"tere-jimenez-primera-mujer-en-encabezar-la-asociacion-de-gobernadores-de-accion-nacional","status":"publish","type":"post","link":"https:\/\/informativoelvalledeaguascalientes.online\/?p=48188","title":{"rendered":"TERE JIM\u00c9NEZ, PRIMERA MUJER EN ENCABEZAR LA ASOCIACI\u00d3N DE GOBERNADORES DE ACCI\u00d3N NACIONAL"},"content":{"rendered":"<p><strong><a href=\"https:\/\/www.facebook.com\/hashtag\/informativoelvalledeaguascalientes\">#informativoelvalledeaguascalientes<\/a><\/strong><\/p>\n<p><strong><a href=\"https:\/\/www.facebook.com\/hashtag\/novaradioaguascalientes\">#novaradioaguascalientes<\/a><\/strong><\/p>\n<p><strong><a href=\"https:\/\/www.facebook.com\/GobiernodeAguascalientes\">#ElGiganteDeMexico<\/a><\/strong><\/p>\n<p>&nbsp;<\/p>\n<ul class=\"xErDo AnCKd\">\n<li class=\"_04hd2 vVfzz\" dir=\"auto\">\n<div>\n<p id=\"viewer-foo\" class=\"-Zro6 -ZADH vVfzz AnCKd _57WYp\"><span class=\"d0767 vVfzz\">Por unanimidad, sus hom\u00f3logos de Chihuahua, Yucat\u00e1n, Quer\u00e9taro y Guanajuato la eligieron como su representante<\/span><\/p>\n<\/div>\n<\/li>\n<li class=\"_04hd2 vVfzz\" dir=\"auto\">\n<div>\n<p id=\"viewer-kuxqa138\" class=\"-Zro6 -ZADH vVfzz AnCKd _57WYp\"><span class=\"d0767 vVfzz\">Su l\u00ednea de trabajo se centrar\u00e1 en el fortalecimiento de la seguridad p\u00fablica, atracci\u00f3n de inversiones, salud, empleo y educaci\u00f3n<\/span><\/p>\n<\/div>\n<\/li>\n<li class=\"_04hd2 vVfzz\" dir=\"auto\">\n<div>\n<p id=\"viewer-ryrb0141\" class=\"-Zro6 -ZADH vVfzz AnCKd _57WYp\"><span class=\"d0767 vVfzz\">Tere Jim\u00e9nez llam\u00f3 a los gobernadores de Chihuahua, Yucat\u00e1n, Quer\u00e9taro y Guanajuato al di\u00e1logo, la unidad y la coordinaci\u00f3n nacional\u00a0<\/span><\/p>\n<\/div>\n<\/li>\n<\/ul>\n<div id=\"viewer-idnot143\" class=\"-Zro6 -ZADH vVfzz _57WYp\"><span class=\"d0767 vVfzz\">\u00a0<\/span><\/div>\n<p id=\"viewer-jnbf6144\" class=\"-Zro6 -ZADH vVfzz AnCKd _57WYp\"><span class=\"d0767 vVfzz\">La gobernadora de Aguascalientes, Tere Jim\u00e9nez, fue designada por unanimidad como presidenta de la Asociaci\u00f3n de Gobernadores de Acci\u00f3n Nacional (GOAN), en sucesi\u00f3n de su hom\u00f3logo de Yucat\u00e1n, Mauricio Vila Dosal.<\/span><\/p>\n<div id=\"viewer-z6xee146\" class=\"-Zro6 -ZADH vVfzz _57WYp\"><span class=\"d0767 vVfzz\">\u00a0<\/span><\/div>\n<p id=\"viewer-42fx1147\" class=\"-Zro6 -ZADH vVfzz AnCKd _57WYp\"><span class=\"d0767 vVfzz\">Tere Jim\u00e9nez dijo que encabezar este organismo es una gran responsabilidad, pues se trabaja en pol\u00edticas en beneficio del pa\u00eds, por lo que se\u00f1al\u00f3 que su l\u00ednea de trabajo al frente de esta asociaci\u00f3n se centrar\u00e1 fundamentalmente en el fortalecimiento de las estrategias de seguridad p\u00fablica, atracci\u00f3n de inversiones, acceso a la salud, generaci\u00f3n de empleo y educaci\u00f3n, entre otros rubros.<\/span><\/p>\n<div id=\"viewer-owjh4149\" class=\"-Zro6 -ZADH vVfzz _57WYp\"><span class=\"d0767 vVfzz\">\u00a0<\/span><\/div>\n<p id=\"viewer-b45j7150\" class=\"-Zro6 -ZADH vVfzz AnCKd _57WYp\"><span class=\"d0767 vVfzz\">\u201cAgradezco la confianza de las y los compa\u00f1eros gobernadores, quienes me han encomendado encabezar los esfuerzos que realizamos en beneficio de nuestras entidades y de todo M\u00e9xico\u201d.<\/span><\/p>\n<div id=\"viewer-8kv69152\" class=\"-Zro6 -ZADH vVfzz _57WYp\"><span class=\"d0767 vVfzz\">\u00a0<\/span><\/div>\n<p id=\"viewer-v3pls153\" class=\"-Zro6 -ZADH vVfzz AnCKd _57WYp\"><span class=\"d0767 vVfzz\">Tere Jim\u00e9nez hizo un llamado a los gobernadores de Chihuahua, Yucat\u00e1n, Quer\u00e9taro y Guanajuato al di\u00e1logo, la unidad y la coordinaci\u00f3n nacional para superar los desaf\u00edos de M\u00e9xico y para que cada una de las entidades que encabezan se consoliden como ejemplo nacional e internacional de progreso y prosperidad.<\/span><\/p>\n<div id=\"viewer-n3oyc155\" class=\"-Zro6 -ZADH vVfzz _57WYp\"><span class=\"d0767 vVfzz\">\u00a0<\/span><\/div>\n<p id=\"viewer-0qagt156\" class=\"-Zro6 -ZADH vVfzz AnCKd _57WYp\"><span class=\"d0767 vVfzz\">\u201cTenemos que trabajar con fortaleza, unidad y visi\u00f3n para consolidar el pleno desarrollo de nuestros estados y de la naci\u00f3n; si queremos tener un M\u00e9xico mejor, tenemos que trabajar siempre en equipo\u201d, les dijo la gobernadora Tere Jim\u00e9nez a sus hom\u00f3logos.<\/span><\/p>\n<div id=\"viewer-ix9ir158\" class=\"-Zro6 -ZADH vVfzz _57WYp\"><span class=\"d0767 vVfzz\">\u00a0<\/span><\/div>\n<p id=\"viewer-fzi16159\" class=\"-Zro6 -ZADH vVfzz AnCKd _57WYp\"><span class=\"d0767 vVfzz\">Ante los gobernadores Diego Sinhue Rodr\u00edguez Vallejo, de Guanajuato; Mauricio Kuri Gonz\u00e1lez, de Quer\u00e9taro; Mauricio Vila Dosal, de Yucat\u00e1n; y Mar\u00eda Eugenia Campos Galv\u00e1n, de Chihuahua; Tere Jim\u00e9nez dijo que actuar\u00e1 con responsabilidad y pondr\u00e1 todas sus fuerzas y determinaci\u00f3n durante su gesti\u00f3n al frente de este organismo.<\/span><\/p>\n<div id=\"viewer-uvbyz161\" class=\"-Zro6 -ZADH vVfzz _57WYp\"><span class=\"d0767 vVfzz\">\u00a0<\/span><\/div>\n<p id=\"viewer-882oq162\" class=\"-Zro6 -ZADH vVfzz AnCKd _57WYp\"><span class=\"d0767 vVfzz\">La gobernadora de Aguascalientes dijo por \u00faltimo que tambi\u00e9n impulsar\u00e1 el fortalecimiento de los municipios como la organizaci\u00f3n m\u00e1s cercana al ciudadano y donde encuentra respuestas a sus necesidades b\u00e1sicas; as\u00ed como el federalismo, por ser el instrumento de coordinaci\u00f3n en todos los \u00e1mbitos para multiplicar servicios p\u00fablicos que mejoren la calidad de vida de la poblaci\u00f3n.<\/span><\/p>\n","protected":false},"excerpt":{"rendered":"<p>#informativoelvalledeaguascalientes #novaradioaguascalientes #ElGiganteDeMexico &nbsp; Por unanimidad, sus hom\u00f3logos de Chihuahua, Yucat\u00e1n, Quer\u00e9taro y Guanajuato la eligieron como su representante Su l\u00ednea de trabajo se centrar\u00e1 en el fortalecimiento de la seguridad p\u00fablica, atracci\u00f3n de inversiones, salud, empleo y educaci\u00f3n Tere Jim\u00e9nez llam\u00f3 a los gobernadores de Chihuahua, Yucat\u00e1n, Quer\u00e9taro y Guanajuato al di\u00e1logo, la unidad [&hellip;]<\/p>\n","protected":false},"author":1,"featured_media":48189,"comment_status":"closed","ping_status":"open","sticky":false,"template":"","format":"standard","meta":{"advanced_seo_description":"","jetpack_seo_html_title":"","jetpack_seo_noindex":false,"_jetpack_memberships_contains_paid_content":false,"footnotes":"","jetpack_publicize_message":"","jetpack_publicize_feature_enabled":true,"jetpack_social_post_already_shared":true,"jetpack_social_options":{"image_generator_settings":{"template":"highway","default_image_id":0,"font":"","enabled":false},"version":2}},"categories":[21,4],"tags":[22,615,320],"class_list":["post-48188","post","type-post","status-publish","format-standard","has-post-thumbnail","hentry","category-aguascalientes","category-gobierno-del-estado-aguascalientes","tag-aguascalientes","tag-gobierno-del-estado-de-aguascalientes","tag-tere-jimenez"],"jetpack_publicize_connections":[],"jetpack_featured_media_url":"https:\/\/i0.wp.com\/informativoelvalledeaguascalientes.online\/wp-content\/uploads\/2023\/08\/GOAN-1.jpg?fit=1440%2C972&ssl=1","jetpack-related-posts":[],"jetpack_sharing_enabled":true,"jetpack_likes_enabled":true,"_links":{"self":[{"href":"https:\/\/informativoelvalledeaguascalientes.online\/index.php?rest_route=\/wp\/v2\/posts\/48188","targetHints":{"allow":["GET"]}}],"collection":[{"href":"https:\/\/informativoelvalledeaguascalientes.online\/index.php?rest_route=\/wp\/v2\/posts"}],"about":[{"href":"https:\/\/informativoelvalledeaguascalientes.online\/index.php?rest_route=\/wp\/v2\/types\/post"}],"author":[{"embeddable":true,"href":"https:\/\/informativoelvalledeaguascalientes.online\/index.php?rest_route=\/wp\/v2\/users\/1"}],"replies":[{"embeddable":true,"href":"https:\/\/informativoelvalledeaguascalientes.online\/index.php?rest_route=%2Fwp%2Fv2%2Fcomments&post=48188"}],"version-history":[{"count":1,"href":"https:\/\/informativoelvalledeaguascalientes.online\/index.php?rest_route=\/wp\/v2\/posts\/48188\/revisions"}],"predecessor-version":[{"id":48190,"href":"https:\/\/informativoelvalledeaguascalientes.online\/index.php?rest_route=\/wp\/v2\/posts\/48188\/revisions\/48190"}],"wp:featuredmedia":[{"embeddable":true,"href":"https:\/\/informativoelvalledeaguascalientes.online\/index.php?rest_route=\/wp\/v2\/media\/48189"}],"wp:attachment":[{"href":"https:\/\/informativoelvalledeaguascalientes.online\/index.php?rest_route=%2Fwp%2Fv2%2Fmedia&parent=48188"}],"wp:term":[{"taxonomy":"category","embeddable":true,"href":"https:\/\/informativoelvalledeaguascalientes.online\/index.php?rest_route=%2Fwp%2Fv2%2Fcategories&post=48188"},{"taxonomy":"post_tag","embeddable":true,"href":"https:\/\/informativoelvalledeaguascalientes.online\/index.php?rest_route=%2Fwp%2Fv2%2Ftags&post=48188"}],"curies":[{"name":"wp","href":"https:\/\/api.w.org\/{rel}","templated":true}]}}