{"id":48105,"date":"2023-08-16T15:15:20","date_gmt":"2023-08-16T21:15:20","guid":{"rendered":"https:\/\/informativoelvalledeaguascalientes.online\/?p=48105"},"modified":"2023-08-16T15:15:20","modified_gmt":"2023-08-16T21:15:20","slug":"municipio-de-aguascalientes-en-busca-de-emprendedores-para-el-mes-de-la-juventud","status":"publish","type":"post","link":"https:\/\/informativoelvalledeaguascalientes.online\/?p=48105","title":{"rendered":"MUNICIPIO DE AGUASCALIENTES EN BUSCA DE EMPRENDEDORES PARA EL MES DE LA JUVENTUD"},"content":{"rendered":"<p><strong><a href=\"https:\/\/www.facebook.com\/hashtag\/informativoelvalledeaguascalientes\">#informativoelvalledeaguascalientes<\/a><\/strong><\/p>\n<p><strong><a href=\"https:\/\/www.facebook.com\/hashtag\/novaradioaguascalientes\">#novaradioaguascalientes<\/a><\/strong><\/p>\n<p><strong><a class=\"x1i10hfl xjbqb8w x6umtig x1b1mbwd xaqea5y xav7gou x9f619 x1ypdohk xt0psk2 xe8uvvx xdj266r x11i5rnm xat24cr x1mh8g0r xexx8yu x4uap5 x18d9i69 xkhd6sd x16tdsg8 x1hl2dhg xggy1nq x1a2a7pz xt0b8zv x1qq9wsj xo1l8bm\" tabindex=\"0\" role=\"link\" href=\"https:\/\/www.facebook.com\/hashtag\/laciudaddetuvida?__eep__=6&amp;__cft__[0]=AZVUzG-uzEgkHBxlWi4clX4-qXx_nfGicugdShvx3oYxvDeUIl1My5bfFXiXTmVU7O9FCNwHdVuQiVqIjO99-u7dxeUq1S3CqcB1PNpBXLQtm-Q1JLiRFFX8c4SEMe3VqRRgSs9kS8-Ajp6HnW6ebLd3GeB3j-SCsEGrTUVXz1WdbDeQs8bs0Dry33nLaV6fVU4&amp;__tn__=*NK-R\">#LaCiudadDeTuVida<\/a><\/strong><\/p>\n<p>&nbsp;<\/p>\n<ul>\n<li><strong>Podr\u00e1n exhibir sus productos durante la gran final del \u201cPalomazo 2023\u201d los d\u00edas 26 y 27 de agosto en el Foro de las Estrellas<\/strong><\/li>\n<\/ul>\n<p>El Municipio de Aguascalientes, a trav\u00e9s del Instituto Municipal de la Juventud (IMJUVA), invita a emprendedores, empresas de alimentos y artesan\u00edas, a exhibir sus productos durante el evento de la gran final del concurso \u00abPalomazo 2023\u00bb, adem\u00e1s de ser testigos del primer festival \u201cRock and Rap\u201d.<\/p>\n<p><strong>Karla Ortega<\/strong>, directora del IMJUVA, coment\u00f3 que, en esta segunda edici\u00f3n del concurso de canto, los participantes han mostrado su talento en diferentes sedes del municipio lo que ayud\u00f3 a seleccionar a los 12 finalistas que competir\u00e1n por obtener los primeros lugares los d\u00edas 26 y 27 de agosto en el Foro de las Estrellas.<\/p>\n<p>Adem\u00e1s, se\u00f1al\u00f3 que se llevar\u00e1 a cabo el primer festival de \u201cRock and Rap\u201d, el cual contar\u00e1 con exhibici\u00f3n de motocicletas y autos, as\u00ed como presentaciones de artistas locales y nacionales, juegos mec\u00e1nicos, entre otras sorpresas que har\u00e1n de esto un evento completamente familiar.<\/p>\n<p>Para mayor informaci\u00f3n, los emprendedores interesados podr\u00e1n registrarse en las instalaciones del Patronato de la Feria Nacional de San Marcos ubicadas en P.\u00ba de la Feria 103, Las Flores, de lunes a viernes en un horario de 8:00 a 15:30 horas, teniendo como fecha l\u00edmite el d\u00eda 24 de agosto, o bien, podr\u00e1n comunicarse al tel\u00e9fono 449 910 4127 extensi\u00f3n 4171 y 4173.<\/p>\n","protected":false},"excerpt":{"rendered":"<p>#informativoelvalledeaguascalientes #novaradioaguascalientes #LaCiudadDeTuVida &nbsp; Podr\u00e1n exhibir sus productos durante la gran final del \u201cPalomazo 2023\u201d los d\u00edas 26 y 27 de agosto en el Foro de las Estrellas El Municipio de Aguascalientes, a trav\u00e9s del Instituto Municipal de la Juventud (IMJUVA), invita a emprendedores, empresas de alimentos y artesan\u00edas, a exhibir sus productos durante el [&hellip;]<\/p>\n","protected":false},"author":1,"featured_media":48106,"comment_status":"closed","ping_status":"open","sticky":false,"template":"","format":"standard","meta":{"advanced_seo_description":"","jetpack_seo_html_title":"","jetpack_seo_noindex":false,"_jetpack_memberships_contains_paid_content":false,"footnotes":"","jetpack_publicize_message":"","jetpack_publicize_feature_enabled":true,"jetpack_social_post_already_shared":true,"jetpack_social_options":{"image_generator_settings":{"template":"highway","default_image_id":0,"font":"","enabled":false},"version":2}},"categories":[21,3],"tags":[],"class_list":["post-48105","post","type-post","status-publish","format-standard","has-post-thumbnail","hentry","category-aguascalientes","category-municipio-aguascalientes"],"jetpack_publicize_connections":[],"jetpack_featured_media_url":"https:\/\/i0.wp.com\/informativoelvalledeaguascalientes.online\/wp-content\/uploads\/2023\/08\/mpio-ags-imjuva.jpg?fit=1236%2C1600&ssl=1","jetpack-related-posts":[],"jetpack_sharing_enabled":true,"jetpack_likes_enabled":true,"_links":{"self":[{"href":"https:\/\/informativoelvalledeaguascalientes.online\/index.php?rest_route=\/wp\/v2\/posts\/48105","targetHints":{"allow":["GET"]}}],"collection":[{"href":"https:\/\/informativoelvalledeaguascalientes.online\/index.php?rest_route=\/wp\/v2\/posts"}],"about":[{"href":"https:\/\/informativoelvalledeaguascalientes.online\/index.php?rest_route=\/wp\/v2\/types\/post"}],"author":[{"embeddable":true,"href":"https:\/\/informativoelvalledeaguascalientes.online\/index.php?rest_route=\/wp\/v2\/users\/1"}],"replies":[{"embeddable":true,"href":"https:\/\/informativoelvalledeaguascalientes.online\/index.php?rest_route=%2Fwp%2Fv2%2Fcomments&post=48105"}],"version-history":[{"count":1,"href":"https:\/\/informativoelvalledeaguascalientes.online\/index.php?rest_route=\/wp\/v2\/posts\/48105\/revisions"}],"predecessor-version":[{"id":48107,"href":"https:\/\/informativoelvalledeaguascalientes.online\/index.php?rest_route=\/wp\/v2\/posts\/48105\/revisions\/48107"}],"wp:featuredmedia":[{"embeddable":true,"href":"https:\/\/informativoelvalledeaguascalientes.online\/index.php?rest_route=\/wp\/v2\/media\/48106"}],"wp:attachment":[{"href":"https:\/\/informativoelvalledeaguascalientes.online\/index.php?rest_route=%2Fwp%2Fv2%2Fmedia&parent=48105"}],"wp:term":[{"taxonomy":"category","embeddable":true,"href":"https:\/\/informativoelvalledeaguascalientes.online\/index.php?rest_route=%2Fwp%2Fv2%2Fcategories&post=48105"},{"taxonomy":"post_tag","embeddable":true,"href":"https:\/\/informativoelvalledeaguascalientes.online\/index.php?rest_route=%2Fwp%2Fv2%2Ftags&post=48105"}],"curies":[{"name":"wp","href":"https:\/\/api.w.org\/{rel}","templated":true}]}}