{"id":481,"date":"2019-12-02T01:00:32","date_gmt":"2019-12-02T07:00:32","guid":{"rendered":"http:\/\/informativoelvalledeaguascalientes.online\/?p=481"},"modified":"2019-12-02T01:00:32","modified_gmt":"2019-12-02T07:00:32","slug":"ruben-garcia-jr-tricampeon-de-la-nascar-mexico","status":"publish","type":"post","link":"https:\/\/informativoelvalledeaguascalientes.online\/?p=481","title":{"rendered":"RUB\u00c9N GARC\u00cdA JR. TRICAMPE\u00d3N DE LA NASCAR M\u00c9XICO"},"content":{"rendered":"<p>Rub\u00e9n Garc\u00eda, del equipo Canel\u00b4s, cerr\u00f3 un fin de semana perfecto en el Gran Premio FedEx CDMX una vez que cruz\u00f3 la l\u00ednea de meta por delante de sus contrincantes para, con ello, coronarse como el campe\u00f3n de la temporada 2019 de la NASCAR PEAK M\u00e9xico Series presentado por Telcel.<\/p>\n<p>&nbsp;<\/p>\n<p>Con cinco triunfos en su haber en la presente campa\u00f1a el ahora triple monarca de la categor\u00eda ha acumulado un envidiable curriculum deportivo que le ha llevado a empatar la marca de Germ\u00e1n Quiroga como los pilotos con mayor n\u00famero de t\u00edtulos en los autos stocks. En el 2015, 2018 y ahora el 2019 el piloto Canels se ha llevado los m\u00e1ximos honores en este el campeonato de automovilismo deportivo m\u00e1s importante del pa\u00eds.<\/p>\n<p>&nbsp;<\/p>\n<p>\u201cEn verdad no se que decirles\u2026 Estoy m\u00e1s que contento\u2026 El trabajo de todo un a\u00f1o se ve reflejado en este logro. Trabajamos mucho. Todo el equipo de ingenieros, mec\u00e1nicos y dem\u00e1s personal que nos apoya se ha esforzado al m\u00e1ximo para darme un auto en condiciones de competencia en cada una de las carreras a lo largo del a\u00f1o. Desde aqu\u00ed agradezco a cada uno de ellos su dedicaci\u00f3n y esfuerzo. Este campeonato es de todos y de \u00a0uno a uno de los aficionados que nos han apoyado en las distintas plazas. Gracias\u2026 mil gracias a todos\u2026 \u00a1 LO LOGRAMOS \u00a1\u201d, concluy\u00f3 el tricampe\u00f3n Rub\u00e9n Garc\u00eda Jr..<\/p>\n<p>&nbsp;<\/p>\n<p>M\u00e1s de veintiocho mil aficionados se dieron cita en las instalaciones del aut\u00f3dromo Hermanos Rodr\u00edguez para atestiguar el campeonato del internacional piloto en un cierre por dem\u00e1s espectacular. La carrera fue ganada por Salvador de Alba Jr. quien pele\u00f3 a lo largo de todas las vueltas a que se pact\u00f3, no cedi\u00f3 terreno y siempre fue un digno contrincante. Irwin Vences fue segundo y Xavi Razo termin\u00f3 en tercero.<\/p>\n<p>&nbsp;<\/p>\n<p>En la Fedex Challenge, Max Guti\u00e9rrez, del Equipo Prorally, se adjudic\u00f3 los honores en una competencia que pr\u00e1cticamente domin\u00f3 de punta a punta. El piloto triunfador impuso un tiempo de 59\u201956.968\u201d en las 62 vueltas que se lograron dar en el tiempo pactado. Michael Dorrbecker par\u00f3 los cron\u00f3metros en 59\u201958.530\u201d y Rodrigo Rej\u00f3n en 1:00\u201908.589\u201d para quedarse con el segundo y tercer sitio, respectivamente. El top five lo completaron Juan Manuel Gonz\u00e1lez y Alejandro de Alba.<\/p>\n<p>&nbsp;<\/p>\n<p>\u201cQue gusto el correr en la Ciudad de M\u00e9xico y haber logrado ganar la carrera. Estoy muy contento con ello. La verdad es que trabajamos mucho para llegar a este triunfo. Muchas gracias a todo mi equipo y a todas aquellas personas que pusieron su esfuerzo para que lograra este triunfo\u201d, concluy\u00f3 Max Guti\u00e9rrez, ganador de la Fedex Challenge.<\/p>\n<p>&nbsp;<\/p>\n<p>Con este resultado Juan Manuel Gonz\u00e1lez, del Sidral Aga Racing Team, se queda con un muy espectacular campeonato ganado a base de mucho trabajo a lo largo del a\u00f1o. \u201cLogramos coronar una temporada de mucho esfuerzo\u2026 En definitiva no hay nada como el sabor de la victoria y que mejor si es en un aut\u00f3dromo como lo es el de la Ciudad de M\u00e9xico. Fue una carrera muy dif\u00edcil en donde no sab\u00edamos qui\u00e9n iba a obtener el t\u00edtulo sino hasta el final. Much\u00edsimas felicidades a todos los pilotos de la categor\u00eda que en conjunto logramos dar un espect\u00e1culo a la altura del campeonato y del aut\u00f3dromo. Mil gracias, de igual manera, a todos los aficionados que nos apoyaron a lo largo del a\u00f1o\u201d, concluy\u00f3 el ahora campe\u00f3n.<\/p>\n<p>&nbsp;<\/p>\n<p>En las Mikel\u00b4s Trucks, Jorge de la Parra, del Team Tyson, fue quien se llev\u00f3 los m\u00e1ximos honores de esta categor\u00eda semillero una vez que cruz\u00f3 la l\u00ednea de meta, de una carrera pactada a 62 vueltas, en un tiempo de 1:04\u201922.790\u201d. Nico Rivas termin\u00f3 las acciones en 1:04\u201923.980\u201d para ocupar el segundo casillero del podio de triunfadores y Diego Ort\u00edz concluy\u00f3 en tercero.<\/p>\n<p>&nbsp;<\/p>\n<p>Tal resultado hace que el piloto Jorge de la Parra quede campe\u00f3n de la temporada 2019 de las Mikel\u00b4s Trucks cerrando el a\u00f1o con un r\u00e9cord impresionante de 5 victorias y 10 pole positions.<\/p>\n","protected":false},"excerpt":{"rendered":"<p>Rub\u00e9n Garc\u00eda, del equipo Canel\u00b4s, cerr\u00f3 un fin de semana perfecto en el Gran Premio FedEx CDMX una vez que cruz\u00f3 la l\u00ednea de meta por delante de sus contrincantes para, con ello, coronarse como el campe\u00f3n de la temporada 2019 de la NASCAR PEAK M\u00e9xico Series presentado por Telcel. &nbsp; Con cinco triunfos en [&hellip;]<\/p>\n","protected":false},"author":1,"featured_media":482,"comment_status":"open","ping_status":"open","sticky":false,"template":"","format":"standard","meta":{"advanced_seo_description":"","jetpack_seo_html_title":"","jetpack_seo_noindex":false,"_jetpack_memberships_contains_paid_content":false,"footnotes":"","jetpack_publicize_message":"","jetpack_publicize_feature_enabled":true,"jetpack_social_post_already_shared":false,"jetpack_social_options":{"image_generator_settings":{"template":"highway","default_image_id":0,"font":"","enabled":false},"version":2}},"categories":[19],"tags":[20],"class_list":["post-481","post","type-post","status-publish","format-standard","has-post-thumbnail","hentry","category-informacion-general","tag-nascar-peak-cdmx-2019"],"jetpack_publicize_connections":[],"jetpack_featured_media_url":"https:\/\/i0.wp.com\/informativoelvalledeaguascalientes.online\/wp-content\/uploads\/2019\/12\/nascar_01122019.jpg?fit=882%2C582&ssl=1","jetpack-related-posts":[],"jetpack_sharing_enabled":true,"jetpack_likes_enabled":true,"_links":{"self":[{"href":"https:\/\/informativoelvalledeaguascalientes.online\/index.php?rest_route=\/wp\/v2\/posts\/481","targetHints":{"allow":["GET"]}}],"collection":[{"href":"https:\/\/informativoelvalledeaguascalientes.online\/index.php?rest_route=\/wp\/v2\/posts"}],"about":[{"href":"https:\/\/informativoelvalledeaguascalientes.online\/index.php?rest_route=\/wp\/v2\/types\/post"}],"author":[{"embeddable":true,"href":"https:\/\/informativoelvalledeaguascalientes.online\/index.php?rest_route=\/wp\/v2\/users\/1"}],"replies":[{"embeddable":true,"href":"https:\/\/informativoelvalledeaguascalientes.online\/index.php?rest_route=%2Fwp%2Fv2%2Fcomments&post=481"}],"version-history":[{"count":1,"href":"https:\/\/informativoelvalledeaguascalientes.online\/index.php?rest_route=\/wp\/v2\/posts\/481\/revisions"}],"predecessor-version":[{"id":483,"href":"https:\/\/informativoelvalledeaguascalientes.online\/index.php?rest_route=\/wp\/v2\/posts\/481\/revisions\/483"}],"wp:featuredmedia":[{"embeddable":true,"href":"https:\/\/informativoelvalledeaguascalientes.online\/index.php?rest_route=\/wp\/v2\/media\/482"}],"wp:attachment":[{"href":"https:\/\/informativoelvalledeaguascalientes.online\/index.php?rest_route=%2Fwp%2Fv2%2Fmedia&parent=481"}],"wp:term":[{"taxonomy":"category","embeddable":true,"href":"https:\/\/informativoelvalledeaguascalientes.online\/index.php?rest_route=%2Fwp%2Fv2%2Fcategories&post=481"},{"taxonomy":"post_tag","embeddable":true,"href":"https:\/\/informativoelvalledeaguascalientes.online\/index.php?rest_route=%2Fwp%2Fv2%2Ftags&post=481"}],"curies":[{"name":"wp","href":"https:\/\/api.w.org\/{rel}","templated":true}]}}