{"id":48093,"date":"2023-08-16T13:07:41","date_gmt":"2023-08-16T19:07:41","guid":{"rendered":"https:\/\/informativoelvalledeaguascalientes.online\/?p=48093"},"modified":"2023-08-16T13:07:41","modified_gmt":"2023-08-16T19:07:41","slug":"recibe-municipio-de-aguascalientes-contenedores-tipo-iglu-para-reciclaje-de-envases-tetra-pak","status":"publish","type":"post","link":"https:\/\/informativoelvalledeaguascalientes.online\/?p=48093","title":{"rendered":"RECIBE MUNICIPIO DE AGUASCALIENTES CONTENEDORES TIPO IGL\u00da PARA RECICLAJE DE ENVASES TETRA PAK"},"content":{"rendered":"<p><strong><a href=\"https:\/\/www.facebook.com\/hashtag\/informativoelvalledeaguascalientes\">#informativoelvalledeaguascalientes<\/a><\/strong><\/p>\n<p><strong><a href=\"https:\/\/www.facebook.com\/hashtag\/novaradioaguascalientes\">#novaradioaguascalientes<\/a><\/strong><\/p>\n<p><strong><a class=\"x1i10hfl xjbqb8w x6umtig x1b1mbwd xaqea5y xav7gou x9f619 x1ypdohk xt0psk2 xe8uvvx xdj266r x11i5rnm xat24cr x1mh8g0r xexx8yu x4uap5 x18d9i69 xkhd6sd x16tdsg8 x1hl2dhg xggy1nq x1a2a7pz xt0b8zv x1qq9wsj xo1l8bm\" tabindex=\"0\" role=\"link\" href=\"https:\/\/www.facebook.com\/hashtag\/laciudaddetuvida?__eep__=6&amp;__cft__[0]=AZVUzG-uzEgkHBxlWi4clX4-qXx_nfGicugdShvx3oYxvDeUIl1My5bfFXiXTmVU7O9FCNwHdVuQiVqIjO99-u7dxeUq1S3CqcB1PNpBXLQtm-Q1JLiRFFX8c4SEMe3VqRRgSs9kS8-Ajp6HnW6ebLd3GeB3j-SCsEGrTUVXz1WdbDeQs8bs0Dry33nLaV6fVU4&amp;__tn__=*NK-R\">#LaCiudadDeTuVida<\/a><\/strong><\/p>\n<p>&nbsp;<\/p>\n<ul>\n<li><strong>Se ubicar\u00e1n en los 13 centros de acopio municipales con la finalidad de brindar un nuevo uso a envases para crear mobiliario urbano<\/strong><\/li>\n<\/ul>\n<p>El Municipio de Aguascalientes, a trav\u00e9s de la Secretar\u00eda de Servicios P\u00fablicos (SSP) recibi\u00f3 la donaci\u00f3n de 13 contenedores tipo igl\u00fa por parte de la empresa \u201cTetra Pak\u201d, que apoya los trabajos de la concientizaci\u00f3n ambiental y del programa \u201cPor un Aguascalientes a\u00fan m\u00e1s limpio, Yo reciclo\u201d; esto tuvo como sede el Centro de Acopio ubicado en el centro comercial Plaza Universidad.<\/p>\n<p>El presidente municipal,\u00a0<strong>Leo Monta\u00f1ez<\/strong>, agradeci\u00f3 a Tetra Pak por sumarse al tema de generar conciencia y promover una adecuada cultura del reciclaje, asimismo se\u00f1al\u00f3 que, es importante seguir con las campa\u00f1as de cuidado al entorno, as\u00ed como trabajar en hacer una sociedad m\u00e1s amable con el medio ambiente en beneficio de nuestro municipio.<\/p>\n<p>Por su parte,\u00a0<strong>Alfredo Rom\u00e1n Ben\u00edtez<\/strong>, gerente de Sustentabilidad de Tetra Pak M\u00e9xico y\u00a0<strong>Rodrigo Alonso<\/strong>, encargado de Promotor\u00eda Institucional para Tetra Pak, invitaron a la ciudadan\u00eda a depositar de manera adecuada los residuos, y dijeron que con esta iniciativa se busca recuperar los envases para utilizar los materiales que estos emiten y sirvan como apoyo para poder realizar diferentes productos \u00fatiles para la poblaci\u00f3n, o bien, crear mobiliario urbano.<\/p>\n<p>Dichos dep\u00f3sitos estar\u00e1n ubicados en los 13 centros de acopio que se encuentran en todo el municipio capital y podr\u00e1n depositar en ellos los envases Tetra Pak, que son totalmente reciclables y est\u00e1n compuestos 72 por ciento de cart\u00f3n, 23 por ciento de polietileno y 5 por ciento de \u00a0aluminio, por lo que todos esos elementos se pueden transformar en nuevos productos de uso diario como cuadernos, papel de impresi\u00f3n, servilletas, papel higi\u00e9nico, tapas de coladeras, l\u00e1minas para techado, pisos y bancas.<\/p>\n<p><strong>Carlos Espa\u00f1a Mart\u00ednez<\/strong>, titular de la SSP, coment\u00f3 que gracias a este acuerdo de colaboraci\u00f3n con la empresa se tiene como objetivo impulsar una educaci\u00f3n ambiental a trav\u00e9s del acopio de residuos para transformarlos, y darle vida a nuevos materiales;\u00a0estos contenedores\u00a0 est\u00e1n fabricados en polietileno de media densidad con protecci\u00f3n a rayos ultravioleta y que adem\u00e1s cuentan con una protecci\u00f3n antigraffiti en su constituci\u00f3n.<\/p>\n<p>De esta manera, el Municipio de Aguascalientes continuar\u00e1 con la tarea de mejorar el medio ambiente, involucrando a la ciudadan\u00eda para sumarse en el correcto dep\u00f3sito de residuos y cuidado del entorno para fortalecer la cultura del reciclaje.<\/p>\n<p>En el evento se cont\u00f3 con la presencia de las regidoras\u00a0<strong>Mar\u00eda Guadalupe Arellano Espinosa<\/strong>,\u00a0<strong>Patricia Garc\u00eda<\/strong>, regidor,\u00a0<strong>Alejandro Serrano Almanza<\/strong>;\u00a0<strong>Christian Hern\u00e1ndez<\/strong>, director de Limpia y Aseo P\u00fablico de la SSP y\u00a0<strong>Judith Torres<\/strong>, coordinadora de Proyectos de la SSP.<\/p>\n","protected":false},"excerpt":{"rendered":"<p>#informativoelvalledeaguascalientes #novaradioaguascalientes #LaCiudadDeTuVida &nbsp; Se ubicar\u00e1n en los 13 centros de acopio municipales con la finalidad de brindar un nuevo uso a envases para crear mobiliario urbano El Municipio de Aguascalientes, a trav\u00e9s de la Secretar\u00eda de Servicios P\u00fablicos (SSP) recibi\u00f3 la donaci\u00f3n de 13 contenedores tipo igl\u00fa por parte de la empresa \u201cTetra Pak\u201d, [&hellip;]<\/p>\n","protected":false},"author":1,"featured_media":48094,"comment_status":"closed","ping_status":"open","sticky":false,"template":"","format":"standard","meta":{"advanced_seo_description":"","jetpack_seo_html_title":"","jetpack_seo_noindex":false,"_jetpack_memberships_contains_paid_content":false,"footnotes":"","jetpack_publicize_message":"","jetpack_publicize_feature_enabled":true,"jetpack_social_post_already_shared":true,"jetpack_social_options":{"image_generator_settings":{"template":"highway","default_image_id":0,"font":"","enabled":false},"version":2}},"categories":[21,3],"tags":[22,25,139],"class_list":["post-48093","post","type-post","status-publish","format-standard","has-post-thumbnail","hentry","category-aguascalientes","category-municipio-aguascalientes","tag-aguascalientes","tag-mpio-aguascalientes","tag-mpio-aguascalientes-ssp"],"jetpack_publicize_connections":[],"jetpack_featured_media_url":"https:\/\/i0.wp.com\/informativoelvalledeaguascalientes.online\/wp-content\/uploads\/2023\/08\/mpio-ags-ssp-contenedores.jpg?fit=2560%2C1696&ssl=1","jetpack-related-posts":[],"jetpack_sharing_enabled":true,"jetpack_likes_enabled":true,"_links":{"self":[{"href":"https:\/\/informativoelvalledeaguascalientes.online\/index.php?rest_route=\/wp\/v2\/posts\/48093","targetHints":{"allow":["GET"]}}],"collection":[{"href":"https:\/\/informativoelvalledeaguascalientes.online\/index.php?rest_route=\/wp\/v2\/posts"}],"about":[{"href":"https:\/\/informativoelvalledeaguascalientes.online\/index.php?rest_route=\/wp\/v2\/types\/post"}],"author":[{"embeddable":true,"href":"https:\/\/informativoelvalledeaguascalientes.online\/index.php?rest_route=\/wp\/v2\/users\/1"}],"replies":[{"embeddable":true,"href":"https:\/\/informativoelvalledeaguascalientes.online\/index.php?rest_route=%2Fwp%2Fv2%2Fcomments&post=48093"}],"version-history":[{"count":1,"href":"https:\/\/informativoelvalledeaguascalientes.online\/index.php?rest_route=\/wp\/v2\/posts\/48093\/revisions"}],"predecessor-version":[{"id":48095,"href":"https:\/\/informativoelvalledeaguascalientes.online\/index.php?rest_route=\/wp\/v2\/posts\/48093\/revisions\/48095"}],"wp:featuredmedia":[{"embeddable":true,"href":"https:\/\/informativoelvalledeaguascalientes.online\/index.php?rest_route=\/wp\/v2\/media\/48094"}],"wp:attachment":[{"href":"https:\/\/informativoelvalledeaguascalientes.online\/index.php?rest_route=%2Fwp%2Fv2%2Fmedia&parent=48093"}],"wp:term":[{"taxonomy":"category","embeddable":true,"href":"https:\/\/informativoelvalledeaguascalientes.online\/index.php?rest_route=%2Fwp%2Fv2%2Fcategories&post=48093"},{"taxonomy":"post_tag","embeddable":true,"href":"https:\/\/informativoelvalledeaguascalientes.online\/index.php?rest_route=%2Fwp%2Fv2%2Ftags&post=48093"}],"curies":[{"name":"wp","href":"https:\/\/api.w.org\/{rel}","templated":true}]}}