{"id":478,"date":"2019-12-02T00:57:47","date_gmt":"2019-12-02T06:57:47","guid":{"rendered":"http:\/\/informativoelvalledeaguascalientes.online\/?p=478"},"modified":"2019-12-02T00:57:47","modified_gmt":"2019-12-02T06:57:47","slug":"primer-ano-de-gobierno-cero-aciertos-para-mexico-gustavo-baez","status":"publish","type":"post","link":"https:\/\/informativoelvalledeaguascalientes.online\/?p=478","title":{"rendered":"PRIMER A\u00d1O DE GOBIERNO, CERO ACIERTOS PARA M\u00c9XICO: GUSTAVO B\u00c1EZ"},"content":{"rendered":"<ul>\n<li style=\"font-weight: 400;\"><strong>Hoy se cumple un a\u00f1o de que un gobierno clientelar, electorero e improductivo, lleg\u00f3 al poder y ha dejado a M\u00e9xico en ceros.<\/strong><\/li>\n<\/ul>\n<p style=\"font-weight: 400;\"><strong>\u00a0<\/strong><\/p>\n<ul>\n<li style=\"font-weight: 400;\"><strong>M\u00e9xico est\u00e1 frente a un gobierno represor que se ha dedicado a proteger a sus aliados y que esa transformaci\u00f3n que por tantos a\u00f1os dese\u00f3 acab\u00f3 siendo una destrucci\u00f3n.<\/strong><\/li>\n<\/ul>\n<p style=\"font-weight: 400;\">\n<p style=\"font-weight: 400;\">\u00a0\u00a0\u00a0El presidente del PAN, Gustavo B\u00e1ez Leos, dijo que al cumplirse un a\u00f1o de que Morena lleg\u00f3 al poder,\u00a0M\u00e9xico va de mal en peor, porque la democracia se ha debilitado, reinando la concentraci\u00f3n del podere, porque al presidente no le gustan los contrapesos y equilibrios.<\/p>\n<p style=\"font-weight: 400;\">\n<p style=\"font-weight: 400;\">\u00a0\u00a0\u00a0\u201cHoy se cumple un a\u00f1o de que un gobierno clientelar, electorero e improductivo, lleg\u00f3 al poder y ha dejado a M\u00e9xico en ceros, cero crecimiento econ\u00f3mico; cero seguridad, cero inversi\u00f3n extranjera, cero salud, cero empleos, cero apoyos al campo, rompiendo as\u00ed todos los r\u00e9cords\u201d, enfatiz\u00f3.<\/p>\n<p style=\"font-weight: 400;\">\n<p style=\"font-weight: 400;\">\u00a0\u00a0\u00a0B\u00e1ez Leos, dijo que este gobierno est\u00e1 dejando olvidados y con una fuerte carga de incertidumbre a los mexicanos que votaron por \u00e9l y a los que no lo hicieron tambi\u00e9n.<\/p>\n<p style=\"font-weight: 400;\">\n<p style=\"font-weight: 400;\">\u00a0\u00a0\u00a0\u201cSus actos populistas han hecho que su aprobaci\u00f3n vaya de bajada, porque M\u00e9xico no est\u00e1 avanzando, est\u00e1 cayendo la econom\u00eda, M\u00e9xico est\u00e1 en recesi\u00f3n y siendo castigado por Morena, que a un a\u00f1o de estar en la silla presidencial se ha caracterizado por su autoritarismo, divisionismo y polarizaci\u00f3n\u201d, puntualiz\u00f3.<\/p>\n<p style=\"font-weight: 400;\">\n<p style=\"font-weight: 400;\">\u00a0\u00a0\u00a0El dirigente panista asegur\u00f3 que M\u00e9xico est\u00e1 frente a un gobierno represor que se ha dedicado a proteger a sus aliados y que esa transformaci\u00f3n que por tantos a\u00f1os dese\u00f3 acab\u00f3 siendo una destrucci\u00f3n porque el pa\u00eds est\u00e1 viviendo una crisis pol\u00edtica grave.<\/p>\n<p style=\"font-weight: 400;\">\n<p style=\"font-weight: 400;\">\u00a0\u00a0\u00a0Para finalizar, Gustavo B\u00e1ez Leos asegur\u00f3 que Acci\u00f3n Nacional no va a permitir que se vulnere la democracia, porque con el gobierno de Morena M\u00e9xico est\u00e1 desmoronando.<\/p>\n","protected":false},"excerpt":{"rendered":"<p>Hoy se cumple un a\u00f1o de que un gobierno clientelar, electorero e improductivo, lleg\u00f3 al poder y ha dejado a M\u00e9xico en ceros. \u00a0 M\u00e9xico est\u00e1 frente a un gobierno represor que se ha dedicado a proteger a sus aliados y que esa transformaci\u00f3n que por tantos a\u00f1os dese\u00f3 acab\u00f3 siendo una destrucci\u00f3n. \u00a0\u00a0\u00a0El presidente [&hellip;]<\/p>\n","protected":false},"author":1,"featured_media":479,"comment_status":"open","ping_status":"open","sticky":false,"template":"","format":"standard","meta":{"advanced_seo_description":"","jetpack_seo_html_title":"","jetpack_seo_noindex":false,"_jetpack_memberships_contains_paid_content":false,"footnotes":"","jetpack_publicize_message":"","jetpack_publicize_feature_enabled":true,"jetpack_social_post_already_shared":false,"jetpack_social_options":{"image_generator_settings":{"template":"highway","default_image_id":0,"font":"","enabled":false},"version":2}},"categories":[21,19,7,6],"tags":[22,43],"class_list":["post-478","post","type-post","status-publish","format-standard","has-post-thumbnail","hentry","category-aguascalientes","category-informacion-general","category-pan-aguascalientes","category-partidos-politicos","tag-aguascalientes","tag-pan-aguascalientes-cde"],"jetpack_publicize_connections":[],"jetpack_featured_media_url":"https:\/\/i0.wp.com\/informativoelvalledeaguascalientes.online\/wp-content\/uploads\/2019\/12\/pan_ags_cde_01122019.jpg?fit=926%2C582&ssl=1","jetpack-related-posts":[],"jetpack_sharing_enabled":true,"jetpack_likes_enabled":true,"_links":{"self":[{"href":"https:\/\/informativoelvalledeaguascalientes.online\/index.php?rest_route=\/wp\/v2\/posts\/478","targetHints":{"allow":["GET"]}}],"collection":[{"href":"https:\/\/informativoelvalledeaguascalientes.online\/index.php?rest_route=\/wp\/v2\/posts"}],"about":[{"href":"https:\/\/informativoelvalledeaguascalientes.online\/index.php?rest_route=\/wp\/v2\/types\/post"}],"author":[{"embeddable":true,"href":"https:\/\/informativoelvalledeaguascalientes.online\/index.php?rest_route=\/wp\/v2\/users\/1"}],"replies":[{"embeddable":true,"href":"https:\/\/informativoelvalledeaguascalientes.online\/index.php?rest_route=%2Fwp%2Fv2%2Fcomments&post=478"}],"version-history":[{"count":1,"href":"https:\/\/informativoelvalledeaguascalientes.online\/index.php?rest_route=\/wp\/v2\/posts\/478\/revisions"}],"predecessor-version":[{"id":480,"href":"https:\/\/informativoelvalledeaguascalientes.online\/index.php?rest_route=\/wp\/v2\/posts\/478\/revisions\/480"}],"wp:featuredmedia":[{"embeddable":true,"href":"https:\/\/informativoelvalledeaguascalientes.online\/index.php?rest_route=\/wp\/v2\/media\/479"}],"wp:attachment":[{"href":"https:\/\/informativoelvalledeaguascalientes.online\/index.php?rest_route=%2Fwp%2Fv2%2Fmedia&parent=478"}],"wp:term":[{"taxonomy":"category","embeddable":true,"href":"https:\/\/informativoelvalledeaguascalientes.online\/index.php?rest_route=%2Fwp%2Fv2%2Fcategories&post=478"},{"taxonomy":"post_tag","embeddable":true,"href":"https:\/\/informativoelvalledeaguascalientes.online\/index.php?rest_route=%2Fwp%2Fv2%2Ftags&post=478"}],"curies":[{"name":"wp","href":"https:\/\/api.w.org\/{rel}","templated":true}]}}