{"id":47656,"date":"2023-08-03T22:45:14","date_gmt":"2023-08-04T04:45:14","guid":{"rendered":"https:\/\/informativoelvalledeaguascalientes.online\/?p=47656"},"modified":"2023-08-03T22:45:14","modified_gmt":"2023-08-04T04:45:14","slug":"uaa-retoma-su-programa-de-movilidad-tras-pandemia-y-recibe-a-21-estudiantes-de-mexico-y-otros-paises","status":"publish","type":"post","link":"https:\/\/informativoelvalledeaguascalientes.online\/?p=47656","title":{"rendered":"UAA retoma su programa de movilidad tras pandemia y recibe a 21 estudiantes de M\u00e9xico y otros pa\u00edses"},"content":{"rendered":"<p><strong><a href=\"https:\/\/www.facebook.com\/hashtag\/informativoelvalledeaguascalientes\">#informativoelvalledeaguascalientes<\/a><\/strong><\/p>\n<p><strong><a href=\"https:\/\/www.facebook.com\/hashtag\/novaradioaguascalientes\">#novaradioaguascalientes<\/a><\/strong><\/p>\n<p>\u25cf Luego de una suspensi\u00f3n de casi tres a\u00f1os, este semestre agosto-diciembre 2023 recibe a los primeros alumnos de movilidad entrante.<\/p>\n<p>\u25cf Se trata de 15 estudiantes internacionales y 6 nacionales quienes cursar\u00e1n uno o dos semestres en la m\u00e1xima casa de estudios del estado.<\/p>\n<p>La Universidad Aut\u00f3noma de Aguascalientes retom\u00f3 su programa de movilidad al recibir a los primeros 21 estudiantes de intercambio luego de casi tres a\u00f1os de suspensi\u00f3n de esta actividad a causa de la pandemia.<\/p>\n<p>En el marco de una sesi\u00f3n de inducci\u00f3n con los 15 alumnos internacionales y 6 nacionales que se incorporan a las clases, los universitarios recibieron informaci\u00f3n correspondiente a los tr\u00e1mites administrativos y acad\u00e9micos, as\u00ed como aspectos culturales durante su estancia en la UAA y en Aguascalientes.<\/p>\n<p>En ese sentido, el Mtro. Jos\u00e9 de Jes\u00fas Ruiz Gallegos, director general de Servicios Educativos, reconoci\u00f3 que los programas de movilidad que ofrece la instituci\u00f3n, representan una oportunidad para enriquecer la formaci\u00f3n profesional de la comunidad estudiantil nacional y extranjera, adem\u00e1s de proporcionar una valiosa experiencia cultural.<\/p>\n<p>En su participaci\u00f3n, la Mtra. Silvia Vanessa Mart\u00edn G\u00f3mez, jefa del Departamento de Apoyo a la Formaci\u00f3n Integral, puntualiz\u00f3 que uno de los objetivos principales de este tipo de actividades es fortalecer la formaci\u00f3n de los futuros profesionistas a partir del estudio de asignaturas compatibles con el plan de estudios de su universidad de origen.<\/p>\n<p>Los alumnos que en esta ocasi\u00f3n recibe la UAA provienen de universidades de Alemania, Argentina, Colombia, Espa\u00f1a; Francia, Coahuila, Ciudad de M\u00e9xico, San Luis Potos\u00ed, Sonora y Veracruz. Algunos de ellos cursar\u00e1n un semestre mientras que otros formar\u00e1n parte de la instituci\u00f3n durante un a\u00f1o completo, dependiendo de cada caso.<\/p>\n<p>&nbsp;<\/p>\n","protected":false},"excerpt":{"rendered":"<p>#informativoelvalledeaguascalientes #novaradioaguascalientes \u25cf Luego de una suspensi\u00f3n de casi tres a\u00f1os, este semestre agosto-diciembre 2023 recibe a los primeros alumnos de movilidad entrante. \u25cf Se trata de 15 estudiantes internacionales y 6 nacionales quienes cursar\u00e1n uno o dos semestres en la m\u00e1xima casa de estudios del estado. La Universidad Aut\u00f3noma de Aguascalientes retom\u00f3 su programa [&hellip;]<\/p>\n","protected":false},"author":1,"featured_media":47657,"comment_status":"closed","ping_status":"open","sticky":false,"template":"","format":"standard","meta":{"advanced_seo_description":"","jetpack_seo_html_title":"","jetpack_seo_noindex":false,"_jetpack_memberships_contains_paid_content":false,"footnotes":"","jetpack_publicize_message":"","jetpack_publicize_feature_enabled":true,"jetpack_social_post_already_shared":true,"jetpack_social_options":{"image_generator_settings":{"template":"highway","default_image_id":0,"font":"","enabled":false},"version":2}},"categories":[21,629],"tags":[22,142],"class_list":["post-47656","post","type-post","status-publish","format-standard","has-post-thumbnail","hentry","category-aguascalientes","category-universidad-autonoma-de-aguascalientes","tag-aguascalientes","tag-uaa"],"jetpack_publicize_connections":[],"jetpack_featured_media_url":"https:\/\/i0.wp.com\/informativoelvalledeaguascalientes.online\/wp-content\/uploads\/2023\/08\/becfbcf1-0b06-4df1-a6ae-eb48355f501c.jpeg?fit=1600%2C945&ssl=1","jetpack-related-posts":[],"jetpack_sharing_enabled":true,"jetpack_likes_enabled":true,"_links":{"self":[{"href":"https:\/\/informativoelvalledeaguascalientes.online\/index.php?rest_route=\/wp\/v2\/posts\/47656","targetHints":{"allow":["GET"]}}],"collection":[{"href":"https:\/\/informativoelvalledeaguascalientes.online\/index.php?rest_route=\/wp\/v2\/posts"}],"about":[{"href":"https:\/\/informativoelvalledeaguascalientes.online\/index.php?rest_route=\/wp\/v2\/types\/post"}],"author":[{"embeddable":true,"href":"https:\/\/informativoelvalledeaguascalientes.online\/index.php?rest_route=\/wp\/v2\/users\/1"}],"replies":[{"embeddable":true,"href":"https:\/\/informativoelvalledeaguascalientes.online\/index.php?rest_route=%2Fwp%2Fv2%2Fcomments&post=47656"}],"version-history":[{"count":1,"href":"https:\/\/informativoelvalledeaguascalientes.online\/index.php?rest_route=\/wp\/v2\/posts\/47656\/revisions"}],"predecessor-version":[{"id":47658,"href":"https:\/\/informativoelvalledeaguascalientes.online\/index.php?rest_route=\/wp\/v2\/posts\/47656\/revisions\/47658"}],"wp:featuredmedia":[{"embeddable":true,"href":"https:\/\/informativoelvalledeaguascalientes.online\/index.php?rest_route=\/wp\/v2\/media\/47657"}],"wp:attachment":[{"href":"https:\/\/informativoelvalledeaguascalientes.online\/index.php?rest_route=%2Fwp%2Fv2%2Fmedia&parent=47656"}],"wp:term":[{"taxonomy":"category","embeddable":true,"href":"https:\/\/informativoelvalledeaguascalientes.online\/index.php?rest_route=%2Fwp%2Fv2%2Fcategories&post=47656"},{"taxonomy":"post_tag","embeddable":true,"href":"https:\/\/informativoelvalledeaguascalientes.online\/index.php?rest_route=%2Fwp%2Fv2%2Ftags&post=47656"}],"curies":[{"name":"wp","href":"https:\/\/api.w.org\/{rel}","templated":true}]}}