{"id":4754,"date":"2020-03-29T21:06:48","date_gmt":"2020-03-30T03:06:48","guid":{"rendered":"https:\/\/informativoelvalledeaguascalientes.online\/?p=4754"},"modified":"2020-03-29T21:06:48","modified_gmt":"2020-03-30T03:06:48","slug":"dan-de-alta-a-los-primeros-dos-pacientes-con-coronavirus-en-la-entidad","status":"publish","type":"post","link":"https:\/\/informativoelvalledeaguascalientes.online\/?p=4754","title":{"rendered":"DAN DE ALTA A LOS PRIMEROS DOS PACIENTES CON CORONAVIRUS EN LA ENTIDAD"},"content":{"rendered":"<ul>\n<li dir=\"ltr\">\n<p dir=\"ltr\">Tras aislamiento y prevenciones sanitarias dan negativo a la prueba aplicada.<\/p>\n<\/li>\n<li dir=\"ltr\">\n<p dir=\"ltr\">Determinante en este momento seguir las recomendaciones preventivas, para evitar m\u00e1s contagios.<\/p>\n<\/li>\n<\/ul>\n<p>&nbsp;<\/p>\n<p dir=\"ltr\">El gobernador Mart\u00edn Orozco Sandoval dio a conocer esta ma\u00f1ana que el Instituto de Servicios de Salud del Estado de Aguascalientes (ISSEA) ha dado de alta a los dos primeros pacientes que fueron diagnosticados con Coronavirus (COVID-19) en la entidad.<\/p>\n<p>&nbsp;<\/p>\n<p dir=\"ltr\">El mandatario estatal inform\u00f3 que tras los d\u00edas recomendados de aislamiento y siguiendo los protocolos de la Secretar\u00eda de Salud, se les aplic\u00f3 nuevamente una prueba y su resultado fue negativo, con lo que se determin\u00f3 darlos de alta.<\/p>\n<p>&nbsp;<\/p>\n<p dir=\"ltr\">Al respecto, Orozco Sandoval llam\u00f3 a la poblaci\u00f3n a confiar en el sector salud que todos los d\u00edas trabaja y da su mejor esfuerzo para combatir esta pandemia. De igual forma, agradeci\u00f3 a la sociedad por mantener su colaboraci\u00f3n al seguir las recomendaciones del ISSEA y continuar con la pr\u00e1ctica de las medidas preventivas correspondientes.<\/p>\n<p>&nbsp;<\/p>\n<p dir=\"ltr\">El ISSEA dio a conocer el informe t\u00e9cnico diario sobre la situaci\u00f3n del COVID-19 en Aguascalientes dando a conocer que al 29 de marzo se han confirmado 27 casos positivos, 111 sospechosos y 224 han sido descartados.<\/p>\n","protected":false},"excerpt":{"rendered":"<p>Tras aislamiento y prevenciones sanitarias dan negativo a la prueba aplicada. Determinante en este momento seguir las recomendaciones preventivas, para evitar m\u00e1s contagios. &nbsp; El gobernador Mart\u00edn Orozco Sandoval dio a conocer esta ma\u00f1ana que el Instituto de Servicios de Salud del Estado de Aguascalientes (ISSEA) ha dado de alta a los dos primeros pacientes [&hellip;]<\/p>\n","protected":false},"author":1,"featured_media":4755,"comment_status":"closed","ping_status":"open","sticky":false,"template":"","format":"standard","meta":{"advanced_seo_description":"","jetpack_seo_html_title":"","jetpack_seo_noindex":false,"_jetpack_memberships_contains_paid_content":false,"footnotes":"","jetpack_publicize_message":"","jetpack_publicize_feature_enabled":true,"jetpack_social_post_already_shared":true,"jetpack_social_options":{"image_generator_settings":{"template":"highway","default_image_id":0,"font":"","enabled":false},"version":2}},"categories":[21,4],"tags":[22,30,31],"class_list":["post-4754","post","type-post","status-publish","format-standard","has-post-thumbnail","hentry","category-aguascalientes","category-gobierno-del-estado-aguascalientes","tag-aguascalientes","tag-issea","tag-mos"],"jetpack_publicize_connections":[],"jetpack_featured_media_url":"https:\/\/i0.wp.com\/informativoelvalledeaguascalientes.online\/wp-content\/uploads\/2020\/03\/mos_issea_29032020.jpg?fit=946%2C631&ssl=1","jetpack-related-posts":[],"jetpack_sharing_enabled":true,"jetpack_likes_enabled":true,"_links":{"self":[{"href":"https:\/\/informativoelvalledeaguascalientes.online\/index.php?rest_route=\/wp\/v2\/posts\/4754","targetHints":{"allow":["GET"]}}],"collection":[{"href":"https:\/\/informativoelvalledeaguascalientes.online\/index.php?rest_route=\/wp\/v2\/posts"}],"about":[{"href":"https:\/\/informativoelvalledeaguascalientes.online\/index.php?rest_route=\/wp\/v2\/types\/post"}],"author":[{"embeddable":true,"href":"https:\/\/informativoelvalledeaguascalientes.online\/index.php?rest_route=\/wp\/v2\/users\/1"}],"replies":[{"embeddable":true,"href":"https:\/\/informativoelvalledeaguascalientes.online\/index.php?rest_route=%2Fwp%2Fv2%2Fcomments&post=4754"}],"version-history":[{"count":1,"href":"https:\/\/informativoelvalledeaguascalientes.online\/index.php?rest_route=\/wp\/v2\/posts\/4754\/revisions"}],"predecessor-version":[{"id":4756,"href":"https:\/\/informativoelvalledeaguascalientes.online\/index.php?rest_route=\/wp\/v2\/posts\/4754\/revisions\/4756"}],"wp:featuredmedia":[{"embeddable":true,"href":"https:\/\/informativoelvalledeaguascalientes.online\/index.php?rest_route=\/wp\/v2\/media\/4755"}],"wp:attachment":[{"href":"https:\/\/informativoelvalledeaguascalientes.online\/index.php?rest_route=%2Fwp%2Fv2%2Fmedia&parent=4754"}],"wp:term":[{"taxonomy":"category","embeddable":true,"href":"https:\/\/informativoelvalledeaguascalientes.online\/index.php?rest_route=%2Fwp%2Fv2%2Fcategories&post=4754"},{"taxonomy":"post_tag","embeddable":true,"href":"https:\/\/informativoelvalledeaguascalientes.online\/index.php?rest_route=%2Fwp%2Fv2%2Ftags&post=4754"}],"curies":[{"name":"wp","href":"https:\/\/api.w.org\/{rel}","templated":true}]}}