{"id":47532,"date":"2023-07-30T17:22:30","date_gmt":"2023-07-30T23:22:30","guid":{"rendered":"https:\/\/informativoelvalledeaguascalientes.online\/?p=47532"},"modified":"2023-07-30T17:22:30","modified_gmt":"2023-07-30T23:22:30","slug":"tere-jimenez-y-asociaciones-civiles-suman-esfuerzos-por-aguascalientes","status":"publish","type":"post","link":"https:\/\/informativoelvalledeaguascalientes.online\/?p=47532","title":{"rendered":"TERE JIM\u00c9NEZ Y ASOCIACIONES CIVILES SUMAN ESFUERZOS POR AGUASCALIENTES"},"content":{"rendered":"<div class=\"j7pOnl\" data-testid=\"linkElement\">\n<p><strong><a href=\"https:\/\/www.facebook.com\/hashtag\/informativoelvalledeaguascalientes\">#informativoelvalledeaguascalientes<\/a><\/strong><\/p>\n<p><strong><a href=\"https:\/\/www.facebook.com\/hashtag\/novaradioaguascalientes\">#novaradioaguascalientes<\/a><\/strong><\/p>\n<p><strong><a href=\"https:\/\/www.facebook.com\/GobiernodeAguascalientes\">#ElGiganteDeMexico<\/a><\/strong><\/p>\n<\/div>\n<div data-testid=\"linkElement\"><\/div>\n<div class=\"\" data-mesh-id=\"comp-l7sh9ubr2inlineContent\" data-testid=\"inline-content\">\n<div data-mesh-id=\"comp-l7sh9ubr2inlineContent-gridContainer\" data-testid=\"mesh-container-content\">\n<div id=\"comp-l7sh9ubx\" class=\"TWFxr5\">\n<div class=\"comp-l7sh9ubx\">\n<div class=\"siSdJK4 comp-l7sh9ubx\" data-hook=\"ricosviewer-wrapper\">\n<div class=\"itVXy _8a1b4\" dir=\"ltr\" data-id=\"rich-content-viewer\">\n<div class=\"mhGZq\">\n<p id=\"viewer-foo\" class=\"xVISr Y9Dpf OZy-3 _40ACk public-DraftStyleDefault-block-depth0 fixed-tab-size public-DraftStyleDefault-text-ltr\"><span class=\"B2EFF public-DraftStyleDefault-ltr\">La gobernadora de Aguascalientes, Tere Jim\u00e9nez, firm\u00f3 un convenio de colaboraci\u00f3n con m\u00e1s de 200 organizaciones de la sociedad civil (OSC), las cuales suman sus servicios a los beneficios que ofrece la Tarjeta Soluciones a la poblaci\u00f3n.<\/span><\/p>\n<p id=\"viewer-xb416132\" class=\"xVISr Y9Dpf OZy-3 _40ACk public-DraftStyleDefault-block-depth0 fixed-tab-size public-DraftStyleDefault-text-ltr\"><span class=\"B2EFF public-DraftStyleDefault-ltr\">\u201cEs muy importante que estemos unidos y trabajemos en equipo para que el humanismo y la dignidad de las personas sean una realidad; reconozco el trabajo que las asociaciones hacen a diario por la poblaci\u00f3n, sin inter\u00e9s alguno; vamos a ayudarnos y sumar esfuerzos para que todos est\u00e9n en igualdad de condiciones, pues Aguascalientes es grande por su gente\u201d, asegur\u00f3 la gobernadora.<\/span><\/p>\n<p id=\"viewer-ysmrp136\" class=\"xVISr Y9Dpf OZy-3 _40ACk public-DraftStyleDefault-block-depth0 fixed-tab-size public-DraftStyleDefault-text-ltr\"><span class=\"B2EFF public-DraftStyleDefault-ltr\">Al respecto, la secretaria de Desarrollo Social, Patricia Castillo Romero, agradeci\u00f3 a las asociaciones por el trabajo que realizan en pro de Aguascalientes.<\/span><\/p>\n<p id=\"viewer-j82vb140\" class=\"xVISr Y9Dpf OZy-3 _40ACk public-DraftStyleDefault-block-depth0 fixed-tab-size public-DraftStyleDefault-text-ltr\"><span class=\"B2EFF public-DraftStyleDefault-ltr\">\u201cHoy es un d\u00eda muy importante, firmamos esta alianza para que las asociaciones y el Gobierno trabajemos de la mano. S\u00e9 que la gobernadora es una mujer sensible que se preocupa por el bienestar de las personas con discapacidad, adultos mayores, ni\u00f1as, ni\u00f1os, jefas de familia; seguiremos su encomienda y vamos a trabajar en equipo\u201d, mencion\u00f3.<\/span><\/p>\n<p id=\"viewer-2o9rf167\" class=\"xVISr Y9Dpf OZy-3 _40ACk public-DraftStyleDefault-block-depth0 fixed-tab-size public-DraftStyleDefault-text-ltr\"><span class=\"B2EFF public-DraftStyleDefault-ltr\">A nombre de las OSC, Claudia Lomel\u00ed Guti\u00e9rrez, presidenta de la Asociaci\u00f3n Cambiando una Vida, reconoci\u00f3 el trabajo de la gobernadora Tere Jim\u00e9nez por impulsar acciones en beneficio de la ciudadan\u00eda. \u201cCon esto la gobernadora nos demuestra que los aguascalentenses y sus necesidades le importan y son prioridad para su gobierno; con estas acciones nos dice que le importa que tengamos una mejor calidad de vida y Aguascalientes sea de primera\u201d, destac\u00f3 Claudia Lomel\u00ed.<\/span><\/p>\n<\/div>\n<\/div>\n<\/div>\n<\/div>\n<\/div>\n<\/div>\n<\/div>\n","protected":false},"excerpt":{"rendered":"<p>#informativoelvalledeaguascalientes #novaradioaguascalientes #ElGiganteDeMexico La gobernadora de Aguascalientes, Tere Jim\u00e9nez, firm\u00f3 un convenio de colaboraci\u00f3n con m\u00e1s de 200 organizaciones de la sociedad civil (OSC), las cuales suman sus servicios a los beneficios que ofrece la Tarjeta Soluciones a la poblaci\u00f3n. \u201cEs muy importante que estemos unidos y trabajemos en equipo para que el humanismo y [&hellip;]<\/p>\n","protected":false},"author":1,"featured_media":47533,"comment_status":"closed","ping_status":"open","sticky":false,"template":"","format":"standard","meta":{"_monsterinsights_skip_tracking":false,"advanced_seo_description":"","jetpack_seo_html_title":"","jetpack_seo_noindex":false,"jetpack_seo_schema_type":"","_jetpack_newsletter_access":"","_jetpack_dont_email_post_to_subs":false,"_jetpack_newsletter_tier_id":0,"_jetpack_memberships_contains_paywalled_content":false,"_jetpack_feature_clip_id":0,"_jetpack_memberships_contains_paid_content":false,"footnotes":"","jetpack_publicize_message":"","jetpack_publicize_feature_enabled":true,"jetpack_social_post_already_shared":true,"jetpack_social_options":{"image_generator_settings":{"template":"highway","default_image_id":0,"font":"","enabled":false},"version":2},"jetpack_post_was_ever_published":false},"categories":[21,4],"tags":[22,615,24,320],"class_list":["post-47532","post","type-post","status-publish","format-standard","has-post-thumbnail","hentry","category-aguascalientes","category-gobierno-del-estado-aguascalientes","tag-aguascalientes","tag-gobierno-del-estado-de-aguascalientes","tag-sedeso","tag-tere-jimenez"],"jetpack_publicize_connections":[],"jetpack_featured_media_url":"https:\/\/i0.wp.com\/informativoelvalledeaguascalientes.online\/wp-content\/uploads\/2023\/07\/gob-edo-tj-sedeso.jpg?fit=1024%2C683&ssl=1","jetpack-related-posts":[],"jetpack_sharing_enabled":true,"jetpack_likes_enabled":true,"_links":{"self":[{"href":"https:\/\/informativoelvalledeaguascalientes.online\/index.php?rest_route=\/wp\/v2\/posts\/47532","targetHints":{"allow":["GET"]}}],"collection":[{"href":"https:\/\/informativoelvalledeaguascalientes.online\/index.php?rest_route=\/wp\/v2\/posts"}],"about":[{"href":"https:\/\/informativoelvalledeaguascalientes.online\/index.php?rest_route=\/wp\/v2\/types\/post"}],"author":[{"embeddable":true,"href":"https:\/\/informativoelvalledeaguascalientes.online\/index.php?rest_route=\/wp\/v2\/users\/1"}],"replies":[{"embeddable":true,"href":"https:\/\/informativoelvalledeaguascalientes.online\/index.php?rest_route=%2Fwp%2Fv2%2Fcomments&post=47532"}],"version-history":[{"count":1,"href":"https:\/\/informativoelvalledeaguascalientes.online\/index.php?rest_route=\/wp\/v2\/posts\/47532\/revisions"}],"predecessor-version":[{"id":47534,"href":"https:\/\/informativoelvalledeaguascalientes.online\/index.php?rest_route=\/wp\/v2\/posts\/47532\/revisions\/47534"}],"wp:featuredmedia":[{"embeddable":true,"href":"https:\/\/informativoelvalledeaguascalientes.online\/index.php?rest_route=\/wp\/v2\/media\/47533"}],"wp:attachment":[{"href":"https:\/\/informativoelvalledeaguascalientes.online\/index.php?rest_route=%2Fwp%2Fv2%2Fmedia&parent=47532"}],"wp:term":[{"taxonomy":"category","embeddable":true,"href":"https:\/\/informativoelvalledeaguascalientes.online\/index.php?rest_route=%2Fwp%2Fv2%2Fcategories&post=47532"},{"taxonomy":"post_tag","embeddable":true,"href":"https:\/\/informativoelvalledeaguascalientes.online\/index.php?rest_route=%2Fwp%2Fv2%2Ftags&post=47532"}],"curies":[{"name":"wp","href":"https:\/\/api.w.org\/{rel}","templated":true}]}}