{"id":47529,"date":"2023-07-30T17:15:37","date_gmt":"2023-07-30T23:15:37","guid":{"rendered":"https:\/\/informativoelvalledeaguascalientes.online\/?p=47529"},"modified":"2023-07-30T17:15:37","modified_gmt":"2023-07-30T23:15:37","slug":"ofrece-municipio-atencion-especial-en-salud-mental-para-adolescentes","status":"publish","type":"post","link":"https:\/\/informativoelvalledeaguascalientes.online\/?p=47529","title":{"rendered":"OFRECE MUNICIPIO ATENCI\u00d3N ESPECIAL EN SALUD MENTAL PARA ADOLESCENTES"},"content":{"rendered":"<p><strong><a href=\"https:\/\/www.facebook.com\/hashtag\/informativoelvalledeaguascalientes\">#informativoelvalledeaguascalientes<\/a><\/strong><\/p>\n<p><strong><a href=\"https:\/\/www.facebook.com\/hashtag\/novaradioaguascalientes\">#novaradioaguascalientes<\/a><\/strong><\/p>\n<p><strong><a class=\"x1i10hfl xjbqb8w x6umtig x1b1mbwd xaqea5y xav7gou x9f619 x1ypdohk xt0psk2 xe8uvvx xdj266r x11i5rnm xat24cr x1mh8g0r xexx8yu x4uap5 x18d9i69 xkhd6sd x16tdsg8 x1hl2dhg xggy1nq x1a2a7pz xt0b8zv x1qq9wsj xo1l8bm\" tabindex=\"0\" role=\"link\" href=\"https:\/\/www.facebook.com\/hashtag\/laciudaddetuvida?__eep__=6&amp;__cft__[0]=AZVUzG-uzEgkHBxlWi4clX4-qXx_nfGicugdShvx3oYxvDeUIl1My5bfFXiXTmVU7O9FCNwHdVuQiVqIjO99-u7dxeUq1S3CqcB1PNpBXLQtm-Q1JLiRFFX8c4SEMe3VqRRgSs9kS8-Ajp6HnW6ebLd3GeB3j-SCsEGrTUVXz1WdbDeQs8bs0Dry33nLaV6fVU4&amp;__tn__=*NK-R\">#LaCiudadDeTuVida<\/a><\/strong><\/p>\n<p>&nbsp;<\/p>\n<ul>\n<li><strong>Se ayuda a detectar s\u00edntomas y se brinda orientaci\u00f3n para un mejor desarrollo<\/strong><\/li>\n<\/ul>\n<p>Desde el Instituto Municipal de Salud Mental de Aguascalientes (Imasam), se impulsan programas preventivos dirigidos a la poblaci\u00f3n de todas las edades, a trav\u00e9s de los cuales se ayuda a detectar factores de riesgo que indican si los adolescentes requieren atenci\u00f3n psicol\u00f3gica.<\/p>\n<p>La directora de Imasam,\u00a0<strong>Brenda Yaneli Barrientos Delgado,\u00a0<\/strong>destac\u00f3 que los \u00a0s\u00edntomas m\u00e1s evidentes, consisten en cambios en el estado de \u00e1nimo, irritabilidad, ira y llanto. Hay que estar alerta en cambios de h\u00e1bitos alimenticios, p\u00e9rdida de inter\u00e9s en las cosas que habitualmente le gustan o abandono de actividades que disfrutan<\/p>\n<p>Indic\u00f3 que tambi\u00e9n se pueden manifestar en mayor retraimiento del habitual de amigos, familiares y la comunidad, cancelaci\u00f3n de planes con sus amigos m\u00e1s cercanos con poca o ninguna explicaci\u00f3n, dificultades acad\u00e9micas, se\u00f1ales de consumo de alcohol y sustancias prohibidas, adem\u00e1s de pasar tiempo excesivo en el tel\u00e9fono o videojuegos, entre otras.<\/p>\n<p>La directora del Imasam hizo \u00e9nfasis en que solo s\u00edntoma no significa que el adolescente este experimentando una crisis, ya que existen factores biol\u00f3gicos que puedes afectar el estado de \u00e1nimo.<\/p>\n<p>En caso de observar constantemente una o m\u00e1s de estas se\u00f1ales, hay que conversar sobre la salud mental del adolescente y buscar ayuda psicol\u00f3gica. Reiter\u00f3 en este sentido la disposici\u00f3n del Imasam para brindar la ayuda necesaria y mencion\u00f3 que se pueden pedir mayores informes y agendar citas al n\u00famero telef\u00f3nico 449 968 45 03.<\/p>\n","protected":false},"excerpt":{"rendered":"<p>#informativoelvalledeaguascalientes #novaradioaguascalientes #LaCiudadDeTuVida &nbsp; Se ayuda a detectar s\u00edntomas y se brinda orientaci\u00f3n para un mejor desarrollo Desde el Instituto Municipal de Salud Mental de Aguascalientes (Imasam), se impulsan programas preventivos dirigidos a la poblaci\u00f3n de todas las edades, a trav\u00e9s de los cuales se ayuda a detectar factores de riesgo que indican si los [&hellip;]<\/p>\n","protected":false},"author":1,"featured_media":47530,"comment_status":"closed","ping_status":"open","sticky":false,"template":"","format":"standard","meta":{"_monsterinsights_skip_tracking":false,"advanced_seo_description":"","jetpack_seo_html_title":"","jetpack_seo_noindex":false,"jetpack_seo_schema_type":"","_jetpack_newsletter_access":"","_jetpack_dont_email_post_to_subs":false,"_jetpack_newsletter_tier_id":0,"_jetpack_memberships_contains_paywalled_content":false,"_jetpack_feature_clip_id":0,"_jetpack_memberships_contains_paid_content":false,"footnotes":"","jetpack_publicize_message":"","jetpack_publicize_feature_enabled":true,"jetpack_social_post_already_shared":true,"jetpack_social_options":{"image_generator_settings":{"template":"highway","default_image_id":0,"font":"","enabled":false},"version":2},"jetpack_post_was_ever_published":false},"categories":[21,3],"tags":[22,25,606],"class_list":["post-47529","post","type-post","status-publish","format-standard","has-post-thumbnail","hentry","category-aguascalientes","category-municipio-aguascalientes","tag-aguascalientes","tag-mpio-aguascalientes","tag-mpio-aguascalientes-imasam"],"jetpack_publicize_connections":[],"jetpack_featured_media_url":"https:\/\/i0.wp.com\/informativoelvalledeaguascalientes.online\/wp-content\/uploads\/2023\/07\/mpio-ags-imasam.jpg?fit=2560%2C1920&ssl=1","jetpack-related-posts":[],"jetpack_sharing_enabled":true,"jetpack_likes_enabled":true,"_links":{"self":[{"href":"https:\/\/informativoelvalledeaguascalientes.online\/index.php?rest_route=\/wp\/v2\/posts\/47529","targetHints":{"allow":["GET"]}}],"collection":[{"href":"https:\/\/informativoelvalledeaguascalientes.online\/index.php?rest_route=\/wp\/v2\/posts"}],"about":[{"href":"https:\/\/informativoelvalledeaguascalientes.online\/index.php?rest_route=\/wp\/v2\/types\/post"}],"author":[{"embeddable":true,"href":"https:\/\/informativoelvalledeaguascalientes.online\/index.php?rest_route=\/wp\/v2\/users\/1"}],"replies":[{"embeddable":true,"href":"https:\/\/informativoelvalledeaguascalientes.online\/index.php?rest_route=%2Fwp%2Fv2%2Fcomments&post=47529"}],"version-history":[{"count":1,"href":"https:\/\/informativoelvalledeaguascalientes.online\/index.php?rest_route=\/wp\/v2\/posts\/47529\/revisions"}],"predecessor-version":[{"id":47531,"href":"https:\/\/informativoelvalledeaguascalientes.online\/index.php?rest_route=\/wp\/v2\/posts\/47529\/revisions\/47531"}],"wp:featuredmedia":[{"embeddable":true,"href":"https:\/\/informativoelvalledeaguascalientes.online\/index.php?rest_route=\/wp\/v2\/media\/47530"}],"wp:attachment":[{"href":"https:\/\/informativoelvalledeaguascalientes.online\/index.php?rest_route=%2Fwp%2Fv2%2Fmedia&parent=47529"}],"wp:term":[{"taxonomy":"category","embeddable":true,"href":"https:\/\/informativoelvalledeaguascalientes.online\/index.php?rest_route=%2Fwp%2Fv2%2Fcategories&post=47529"},{"taxonomy":"post_tag","embeddable":true,"href":"https:\/\/informativoelvalledeaguascalientes.online\/index.php?rest_route=%2Fwp%2Fv2%2Ftags&post=47529"}],"curies":[{"name":"wp","href":"https:\/\/api.w.org\/{rel}","templated":true}]}}