{"id":4751,"date":"2020-03-29T21:04:17","date_gmt":"2020-03-30T03:04:17","guid":{"rendered":"https:\/\/informativoelvalledeaguascalientes.online\/?p=4751"},"modified":"2020-03-29T21:04:17","modified_gmt":"2020-03-30T03:04:17","slug":"implementa-gobierno-del-estado-estrategia-reforzada-de-seguridad-publica","status":"publish","type":"post","link":"https:\/\/informativoelvalledeaguascalientes.online\/?p=4751","title":{"rendered":"IMPLEMENTA GOBIERNO DEL ESTADO ESTRATEGIA REFORZADA DE SEGURIDAD P\u00daBLICA"},"content":{"rendered":"<ul>\n<li style=\"font-weight: 400;\"><strong><em>Se busca la prevenci\u00f3n de actos delictivos derivados de la contingencia sanitaria como robos o posibles saqueos<\/em><\/strong><\/li>\n<li style=\"font-weight: 400;\"><strong><em>Se instalar\u00e1 un filtro sanitario adicional en la comunidad de El Taray para asegurar todos los accesos al estado<\/em><\/strong><\/li>\n<\/ul>\n<p style=\"font-weight: 400;\"><strong><em>\u00a0<\/em><\/strong><strong><em>\u00a0<\/em><\/strong><\/p>\n<p style=\"font-weight: 400;\">Acuerdan en mesa de seguridad reforzar y adaptar la estrategia general de seguridad p\u00fablica, con el fin de prevenir cualquier acto vand\u00e1lico o delictivo derivado de la contingencia sanitaria actual por el COVID-19 (Coronavirus), tales como robo o posibles saqueos, as\u00ed lo se\u00f1al\u00f3 la secretaria General de Gobierno, Siomar Estrada Cruz.<\/p>\n<p style=\"font-weight: 400;\">\n<p style=\"font-weight: 400;\">Durante la reuni\u00f3n de trabajo a la que asistieron el secretario de Seguridad P\u00fablica del Estado, Porfirio S\u00e1nchez Mendoza, el fiscal General del Estado, Jes\u00fas Figueroa Ortega, el comandante de la XIV Zona Militar,\u00a0General Carlos Francisco del Socorro Espadas Ceballos, entre otras autoridades,\u00a0se establecieron los mecanismos para fortalecer las acciones correspondientes a los \u00e1mbitos de competencia de las corporaciones y mantener una misma l\u00ednea de coordinaci\u00f3n.<\/p>\n<p style=\"font-weight: 400;\">\n<p style=\"font-weight: 400;\">Tambi\u00e9n se anunci\u00f3 que como parte de las acciones que se han implementado en conjunto por parte del Instituto de Salud del Estado de Aguascalientes, Seguridad P\u00fablica y la Coordinaci\u00f3n Estatal de Protecci\u00f3n Civil, para combatir la propagaci\u00f3n del Coronavirus, ser\u00e1n reforzados los filtros sanitarios instalados en las puertas norte y sur, as\u00ed como en los puntos de revisi\u00f3n del oriente y poniente, con el fin de tener un mayor blindaje en los accesos al estado.<\/p>\n<p style=\"font-weight: 400;\">\n","protected":false},"excerpt":{"rendered":"<p>Se busca la prevenci\u00f3n de actos delictivos derivados de la contingencia sanitaria como robos o posibles saqueos Se instalar\u00e1 un filtro sanitario adicional en la comunidad de El Taray para asegurar todos los accesos al estado \u00a0\u00a0 Acuerdan en mesa de seguridad reforzar y adaptar la estrategia general de seguridad p\u00fablica, con el fin de [&hellip;]<\/p>\n","protected":false},"author":1,"featured_media":4752,"comment_status":"closed","ping_status":"open","sticky":false,"template":"","format":"standard","meta":{"advanced_seo_description":"","jetpack_seo_html_title":"","jetpack_seo_noindex":false,"_jetpack_memberships_contains_paid_content":false,"footnotes":"","jetpack_publicize_message":"","jetpack_publicize_feature_enabled":true,"jetpack_social_post_already_shared":true,"jetpack_social_options":{"image_generator_settings":{"template":"highway","default_image_id":0,"font":"","enabled":false},"version":2}},"categories":[21,4],"tags":[22,30,51],"class_list":["post-4751","post","type-post","status-publish","format-standard","has-post-thumbnail","hentry","category-aguascalientes","category-gobierno-del-estado-aguascalientes","tag-aguascalientes","tag-issea","tag-seggob"],"jetpack_publicize_connections":[],"jetpack_featured_media_url":"https:\/\/i0.wp.com\/informativoelvalledeaguascalientes.online\/wp-content\/uploads\/2020\/03\/seggob_issea_29032020.jpg?fit=947%2C631&ssl=1","jetpack-related-posts":[],"jetpack_sharing_enabled":true,"jetpack_likes_enabled":true,"_links":{"self":[{"href":"https:\/\/informativoelvalledeaguascalientes.online\/index.php?rest_route=\/wp\/v2\/posts\/4751","targetHints":{"allow":["GET"]}}],"collection":[{"href":"https:\/\/informativoelvalledeaguascalientes.online\/index.php?rest_route=\/wp\/v2\/posts"}],"about":[{"href":"https:\/\/informativoelvalledeaguascalientes.online\/index.php?rest_route=\/wp\/v2\/types\/post"}],"author":[{"embeddable":true,"href":"https:\/\/informativoelvalledeaguascalientes.online\/index.php?rest_route=\/wp\/v2\/users\/1"}],"replies":[{"embeddable":true,"href":"https:\/\/informativoelvalledeaguascalientes.online\/index.php?rest_route=%2Fwp%2Fv2%2Fcomments&post=4751"}],"version-history":[{"count":1,"href":"https:\/\/informativoelvalledeaguascalientes.online\/index.php?rest_route=\/wp\/v2\/posts\/4751\/revisions"}],"predecessor-version":[{"id":4753,"href":"https:\/\/informativoelvalledeaguascalientes.online\/index.php?rest_route=\/wp\/v2\/posts\/4751\/revisions\/4753"}],"wp:featuredmedia":[{"embeddable":true,"href":"https:\/\/informativoelvalledeaguascalientes.online\/index.php?rest_route=\/wp\/v2\/media\/4752"}],"wp:attachment":[{"href":"https:\/\/informativoelvalledeaguascalientes.online\/index.php?rest_route=%2Fwp%2Fv2%2Fmedia&parent=4751"}],"wp:term":[{"taxonomy":"category","embeddable":true,"href":"https:\/\/informativoelvalledeaguascalientes.online\/index.php?rest_route=%2Fwp%2Fv2%2Fcategories&post=4751"},{"taxonomy":"post_tag","embeddable":true,"href":"https:\/\/informativoelvalledeaguascalientes.online\/index.php?rest_route=%2Fwp%2Fv2%2Ftags&post=4751"}],"curies":[{"name":"wp","href":"https:\/\/api.w.org\/{rel}","templated":true}]}}