{"id":47493,"date":"2023-07-30T15:38:40","date_gmt":"2023-07-30T21:38:40","guid":{"rendered":"https:\/\/informativoelvalledeaguascalientes.online\/?p=47493"},"modified":"2023-07-30T15:38:40","modified_gmt":"2023-07-30T21:38:40","slug":"casi-un-centenar-de-registrados-en-la-convocatoria-del-premio-agua-mia-2023","status":"publish","type":"post","link":"https:\/\/informativoelvalledeaguascalientes.online\/?p=47493","title":{"rendered":"CASI UN CENTENAR DE REGISTRADOS EN LA CONVOCATORIA DEL PREMIO \u201cAGUA M\u00cdA 2023\u201d"},"content":{"rendered":"<p><strong><a href=\"https:\/\/www.facebook.com\/hashtag\/informativoelvalledeaguascalientes\">#informativoelvalledeaguascalientes<\/a><\/strong><\/p>\n<p><strong><a href=\"https:\/\/www.facebook.com\/hashtag\/novaradioaguascalientes\">#novaradioaguascalientes<\/a><\/strong><\/p>\n<p><strong><a class=\"x1i10hfl xjbqb8w x6umtig x1b1mbwd xaqea5y xav7gou x9f619 x1ypdohk xt0psk2 xe8uvvx xdj266r x11i5rnm xat24cr x1mh8g0r xexx8yu x4uap5 x18d9i69 xkhd6sd x16tdsg8 x1hl2dhg xggy1nq x1a2a7pz xt0b8zv x1qq9wsj xo1l8bm\" tabindex=\"0\" role=\"link\" href=\"https:\/\/www.facebook.com\/hashtag\/laciudaddetuvida?__eep__=6&amp;__cft__[0]=AZVUzG-uzEgkHBxlWi4clX4-qXx_nfGicugdShvx3oYxvDeUIl1My5bfFXiXTmVU7O9FCNwHdVuQiVqIjO99-u7dxeUq1S3CqcB1PNpBXLQtm-Q1JLiRFFX8c4SEMe3VqRRgSs9kS8-Ajp6HnW6ebLd3GeB3j-SCsEGrTUVXz1WdbDeQs8bs0Dry33nLaV6fVU4&amp;__tn__=*NK-R\">#LaCiudadDeTuVida<\/a><\/strong><\/p>\n<p>&nbsp;<\/p>\n<ul>\n<li><strong><em>Del 11 al 22 de septiembre pr\u00f3ximos deber\u00e1n entregar sus proyectos y propuestas sobre el uso, manejo, re\u00faso, cuidado o destino del agua<\/em><\/strong><\/li>\n<\/ul>\n<p>&nbsp;<\/p>\n<p>Cerca de 100 personas se registraron para participar en la convocatoria del premio \u201cAgua M\u00eda 2023\u201d, a trav\u00e9s de la cual se busca que el sector empresarial, universidades, sociedad y gobierno, trabajen de la mano en proyectos de innovaci\u00f3n a favor del agua.<\/p>\n<p>&nbsp;<\/p>\n<p>La secretaria de Enlace Ciudadano del Municipio de Aguascalientes,\u00a0<strong>Sylvia Garfias Cedillo<\/strong>, inform\u00f3 que los inscritos tendr\u00e1n que entregar sus proyectos innovadores sobre el uso, manejo, re\u00faso, cuidado o destino del agua, del 11 al 22 de septiembre pr\u00f3ximo y ser\u00e1 en el mes de octubre cuando se realice la premiaci\u00f3n a los tres primeros lugares.<\/p>\n<p>&nbsp;<\/p>\n<p>Coment\u00f3 que con esta convocatoria se busca fomentar la conciencia sobre el cuidado y preservaci\u00f3n del l\u00edquido vital, as\u00ed como impulsar aportaciones cient\u00edficas, de investigaci\u00f3n, tecnol\u00f3gicas y sociales, para solucionar la escasez y el uso indiscriminado del agua.<\/p>\n<p>&nbsp;<\/p>\n<p>Finalmente, la secretaria de Enlace Ciudadano sostuvo que la actual administraci\u00f3n municipal tiene un verdadero inter\u00e9s de hacer equipo con la ciudadan\u00eda, para cuidar el agua y darle a las futuras generaciones soluciones al problema de escases.<\/p>\n","protected":false},"excerpt":{"rendered":"<p>#informativoelvalledeaguascalientes #novaradioaguascalientes #LaCiudadDeTuVida &nbsp; Del 11 al 22 de septiembre pr\u00f3ximos deber\u00e1n entregar sus proyectos y propuestas sobre el uso, manejo, re\u00faso, cuidado o destino del agua &nbsp; Cerca de 100 personas se registraron para participar en la convocatoria del premio \u201cAgua M\u00eda 2023\u201d, a trav\u00e9s de la cual se busca que el sector empresarial, [&hellip;]<\/p>\n","protected":false},"author":1,"featured_media":47494,"comment_status":"closed","ping_status":"open","sticky":false,"template":"","format":"standard","meta":{"advanced_seo_description":"","jetpack_seo_html_title":"","jetpack_seo_noindex":false,"_jetpack_memberships_contains_paid_content":false,"footnotes":"","jetpack_publicize_message":"","jetpack_publicize_feature_enabled":true,"jetpack_social_post_already_shared":true,"jetpack_social_options":{"image_generator_settings":{"template":"highway","default_image_id":0,"font":"","enabled":false},"version":2}},"categories":[21,3],"tags":[22,25,486],"class_list":["post-47493","post","type-post","status-publish","format-standard","has-post-thumbnail","hentry","category-aguascalientes","category-municipio-aguascalientes","tag-aguascalientes","tag-mpio-aguascalientes","tag-mpio-aguascalientes-secretariado-de-enlace-ciudadano"],"jetpack_publicize_connections":[],"jetpack_featured_media_url":"https:\/\/i0.wp.com\/informativoelvalledeaguascalientes.online\/wp-content\/uploads\/2023\/07\/mpio-ags-premio-miaa.jpeg?fit=1200%2C1599&ssl=1","jetpack-related-posts":[],"jetpack_sharing_enabled":true,"jetpack_likes_enabled":true,"_links":{"self":[{"href":"https:\/\/informativoelvalledeaguascalientes.online\/index.php?rest_route=\/wp\/v2\/posts\/47493","targetHints":{"allow":["GET"]}}],"collection":[{"href":"https:\/\/informativoelvalledeaguascalientes.online\/index.php?rest_route=\/wp\/v2\/posts"}],"about":[{"href":"https:\/\/informativoelvalledeaguascalientes.online\/index.php?rest_route=\/wp\/v2\/types\/post"}],"author":[{"embeddable":true,"href":"https:\/\/informativoelvalledeaguascalientes.online\/index.php?rest_route=\/wp\/v2\/users\/1"}],"replies":[{"embeddable":true,"href":"https:\/\/informativoelvalledeaguascalientes.online\/index.php?rest_route=%2Fwp%2Fv2%2Fcomments&post=47493"}],"version-history":[{"count":1,"href":"https:\/\/informativoelvalledeaguascalientes.online\/index.php?rest_route=\/wp\/v2\/posts\/47493\/revisions"}],"predecessor-version":[{"id":47495,"href":"https:\/\/informativoelvalledeaguascalientes.online\/index.php?rest_route=\/wp\/v2\/posts\/47493\/revisions\/47495"}],"wp:featuredmedia":[{"embeddable":true,"href":"https:\/\/informativoelvalledeaguascalientes.online\/index.php?rest_route=\/wp\/v2\/media\/47494"}],"wp:attachment":[{"href":"https:\/\/informativoelvalledeaguascalientes.online\/index.php?rest_route=%2Fwp%2Fv2%2Fmedia&parent=47493"}],"wp:term":[{"taxonomy":"category","embeddable":true,"href":"https:\/\/informativoelvalledeaguascalientes.online\/index.php?rest_route=%2Fwp%2Fv2%2Fcategories&post=47493"},{"taxonomy":"post_tag","embeddable":true,"href":"https:\/\/informativoelvalledeaguascalientes.online\/index.php?rest_route=%2Fwp%2Fv2%2Ftags&post=47493"}],"curies":[{"name":"wp","href":"https:\/\/api.w.org\/{rel}","templated":true}]}}