{"id":47490,"date":"2023-07-30T15:32:34","date_gmt":"2023-07-30T21:32:34","guid":{"rendered":"https:\/\/informativoelvalledeaguascalientes.online\/?p=47490"},"modified":"2023-07-30T15:32:34","modified_gmt":"2023-07-30T21:32:34","slug":"aguascalientes-es-sede-del-campeonato-nacional-charro-por-ser-uno-de-los-estados-mas-seguros-del-pais","status":"publish","type":"post","link":"https:\/\/informativoelvalledeaguascalientes.online\/?p=47490","title":{"rendered":"AGUASCALIENTES ES SEDE DEL CAMPEONATO NACIONAL CHARRO POR SER UNO DE LOS ESTADOS M\u00c1S SEGUROS DEL PA\u00cdS"},"content":{"rendered":"<p><strong><a href=\"https:\/\/www.facebook.com\/hashtag\/informativoelvalledeaguascalientes\">#informativoelvalledeaguascalientes<\/a><\/strong><\/p>\n<p><strong><a href=\"https:\/\/www.facebook.com\/hashtag\/novaradioaguascalientes\">#novaradioaguascalientes<\/a><\/strong><\/p>\n<p><strong><a href=\"https:\/\/www.facebook.com\/GobiernodeAguascalientes\">#ElGiganteDeMexico<\/a><\/strong><\/p>\n<p>&nbsp;<\/p>\n<ul class=\"public-DraftStyleDefault-ul\">\n<li id=\"viewer-foo\" class=\"s-SEY _40ACk public-DraftStyleDefault-unorderedListItem public-DraftStyleDefault-depth0 public-DraftStyleDefault-list-ltr fixed-tab-size public-DraftStyleDefault-reset OZy-3 _40ACk\">\n<p class=\"Y9Dpf OZy-3 _40ACk undefined\"><strong><em>El campeonato Nacional se desarrolla en la Arena San Marcos y finaliza el 13 de agosto<\/em><\/strong><\/p>\n<\/li>\n<li id=\"viewer-lstkh127\" class=\"s-SEY _40ACk public-DraftStyleDefault-unorderedListItem public-DraftStyleDefault-depth0 public-DraftStyleDefault-list-ltr fixed-tab-size OZy-3 _40ACk\">\n<p class=\"Y9Dpf OZy-3 _40ACk undefined\"><strong><em>En total participan 200 equipos de M\u00e9xico y Estados Unidos de Am\u00e9rica<\/em><\/strong><\/p>\n<\/li>\n<\/ul>\n<div id=\"viewer-vd0fj153\" class=\"xVISr Y9Dpf OZy-3 _40ACk public-DraftStyleDefault-block-depth0 fixed-tab-size public-DraftStyleDefault-text-ltr\"><span class=\"B2EFF public-DraftStyleDefault-ltr\">\u00a0<\/span><\/div>\n<p id=\"viewer-xnycs129\" class=\"xVISr Y9Dpf OZy-3 _40ACk public-DraftStyleDefault-block-depth0 fixed-tab-size public-DraftStyleDefault-text-ltr\"><span class=\"B2EFF public-DraftStyleDefault-ltr\">La gobernadora de Aguascalientes, Tere Jim\u00e9nez, inaugur\u00f3 el<em> XXX Campeonato Nacional Charro Infantil, Juvenil y de Escaramuzas 2023<\/em>, en el que participan m\u00e1s de 200 equipos de M\u00e9xico y Estados Unidos de Am\u00e9rica, los cuales estar\u00e1n compitiendo hasta el 13 de agosto en la Arena San Marcos en Aguascalientes.<\/span><\/p>\n<div id=\"viewer-rweda170\" class=\"xVISr Y9Dpf OZy-3 _40ACk public-DraftStyleDefault-block-depth0 fixed-tab-size public-DraftStyleDefault-text-ltr\"><span class=\"B2EFF public-DraftStyleDefault-ltr\">\u00a0<\/span><\/div>\n<p id=\"viewer-64xlv131\" class=\"xVISr Y9Dpf OZy-3 _40ACk public-DraftStyleDefault-block-depth0 fixed-tab-size public-DraftStyleDefault-text-ltr\"><span class=\"B2EFF public-DraftStyleDefault-ltr\">Tere Jim\u00e9nez resalt\u00f3 que la entidad fue seleccionada para ser sede del campeonato por ser uno de los estados m\u00e1s seguros del pa\u00eds, lo cual posiciona al Gigante de M\u00e9xico como el lugar id\u00f3neo para realizar diversas actividades de talla internacional; dijo sentirse contenta de recibir a las familias que ponen en alto a la Charrer\u00eda Mexicana declarada Patrimonio Inmaterial de la Humanidad por la Organizaci\u00f3n de Naciones Unidas para la Educaci\u00f3n, la Ciencia y la Cultura (Unesco), se\u00f1al\u00f3 que el evento atraer\u00e1 la visita de miles de aficionados charros provenientes de varias partes de la Rep\u00fablica. <\/span><\/p>\n<div id=\"viewer-8my8b187\" class=\"xVISr Y9Dpf OZy-3 _40ACk public-DraftStyleDefault-block-depth0 fixed-tab-size public-DraftStyleDefault-text-ltr\"><span class=\"B2EFF public-DraftStyleDefault-ltr\">\u00a0<\/span><\/div>\n<p id=\"viewer-axre8133\" class=\"xVISr Y9Dpf OZy-3 _40ACk public-DraftStyleDefault-block-depth0 fixed-tab-size public-DraftStyleDefault-text-ltr\"><span class=\"B2EFF public-DraftStyleDefault-ltr\">\u201cHay cinco palabras que definen este deporte nacional: arte, disciplina, identidad, tradici\u00f3n y cultura. Este a\u00f1o nos sentimos orgullosos porque el evento ser\u00e1 en honor al maestro Jos\u00e9 Guadalupe Posada Aguilar, oriundo de Aguascalientes, gran ilustrador, grabador y caricaturista, quien difundi\u00f3 a M\u00e9xico a trav\u00e9s de su arte\u201d, dijo Tere Jim\u00e9nez.<\/span><\/p>\n<div id=\"viewer-0omtb204\" class=\"xVISr Y9Dpf OZy-3 _40ACk public-DraftStyleDefault-block-depth0 fixed-tab-size public-DraftStyleDefault-text-ltr\"><span class=\"B2EFF public-DraftStyleDefault-ltr\">\u00a0<\/span><\/div>\n<p id=\"viewer-uifso135\" class=\"xVISr Y9Dpf OZy-3 _40ACk public-DraftStyleDefault-block-depth0 fixed-tab-size public-DraftStyleDefault-text-ltr\"><span class=\"B2EFF public-DraftStyleDefault-ltr\">Al respecto, Gloria Romo Cuesta, titular de la Secretar\u00eda de Turismo (Sectur), mencion\u00f3 que este campeonato re\u00fane lo mejor del deporte nacional en el que se celebra la esencia de nuestra cultura y tradiciones; dijo que por primera vez ser\u00e1 un evento con causa, en el que todo lo recaudado en taquilla ser\u00e1 donado a la Casa del Adolescente del DIF Estatal. <\/span><\/p>\n<div id=\"viewer-os3lk221\" class=\"xVISr Y9Dpf OZy-3 _40ACk public-DraftStyleDefault-block-depth0 fixed-tab-size public-DraftStyleDefault-text-ltr\"><span class=\"B2EFF public-DraftStyleDefault-ltr\">\u00a0<\/span><\/div>\n<p id=\"viewer-fyt9b137\" class=\"xVISr Y9Dpf OZy-3 _40ACk public-DraftStyleDefault-block-depth0 fixed-tab-size public-DraftStyleDefault-text-ltr\"><span class=\"B2EFF public-DraftStyleDefault-ltr\">Reconoci\u00f3 el trabajo de las diferentes dependencias estatales que trabajaron en conjunto para llevar a cabo este magno evento, as\u00ed como de la Federaci\u00f3n Mexicana de Charrer\u00eda para que las ni\u00f1as, ni\u00f1os y j\u00f3venes tuvieran la oportunidad de participar y poner en pr\u00e1ctica lo aprendido; destac\u00f3 que este a\u00f1o Coahuila es el estado invitado, el cual tiene una exhibici\u00f3n de sarape, prenda de vestir t\u00edpica mexicana.<\/span><\/p>\n<div id=\"viewer-3b72v238\" class=\"xVISr Y9Dpf OZy-3 _40ACk public-DraftStyleDefault-block-depth0 fixed-tab-size public-DraftStyleDefault-text-ltr\"><span class=\"B2EFF public-DraftStyleDefault-ltr\">\u00a0<\/span><\/div>\n<p id=\"viewer-f4822139\" class=\"xVISr Y9Dpf OZy-3 _40ACk public-DraftStyleDefault-block-depth0 fixed-tab-size public-DraftStyleDefault-text-ltr\"><span class=\"B2EFF public-DraftStyleDefault-ltr\">Jos\u00e9 Antonio Salcedo L\u00f3pez, presidente del Consejo Directivo de la Federaci\u00f3n Mexicana de Charrer\u00eda, agradeci\u00f3 el apoyo de la gobernadora por abrir las puertas del estado a este gran evento. \u201cEste es uno de los campeonatos m\u00e1s importantes por ser el semillero de los nuevos talentos, sin duda para nosotros es el deporte m\u00e1s bonito que hay en el mundo\u201d, finaliz\u00f3. <\/span><\/p>\n<div id=\"viewer-lh2s3255\" class=\"xVISr Y9Dpf OZy-3 _40ACk public-DraftStyleDefault-block-depth0 fixed-tab-size public-DraftStyleDefault-text-ltr\"><span class=\"B2EFF public-DraftStyleDefault-ltr\">\u00a0<\/span><\/div>\n<p id=\"viewer-79f4i141\" class=\"xVISr Y9Dpf OZy-3 _40ACk public-DraftStyleDefault-block-depth0 fixed-tab-size public-DraftStyleDefault-text-ltr\"><span class=\"B2EFF public-DraftStyleDefault-ltr\">Las actividades se llevar\u00e1n a cabo en horarios entre las 8:00 a. m. y 11:00 a. m., hasta las 8:00 p. m. Para consultar el programa, se puede visitar la p\u00e1gina <a class=\"TWoY9 itht3\" href=\"https:\/\/fmcharreria.org.mx\/\" target=\"_self\" rel=\"noopener noreferrer\" data-hook=\"linkViewer\">https:\/\/fmcharreria.org.mx\/<\/a>.<\/span><\/p>\n<div id=\"viewer-zvw6m417\" class=\"xVISr Y9Dpf OZy-3 _40ACk public-DraftStyleDefault-block-depth0 fixed-tab-size public-DraftStyleDefault-text-ltr\"><span class=\"B2EFF public-DraftStyleDefault-ltr\">\u00a0<\/span><\/div>\n<p id=\"viewer-6ardg145\" class=\"xVISr Y9Dpf OZy-3 _40ACk public-DraftStyleDefault-block-depth0 fixed-tab-size public-DraftStyleDefault-text-ltr\"><span class=\"B2EFF public-DraftStyleDefault-ltr\">Los boletos se encuentran a la venta en M\u00e1sBoletos, en la p\u00e1gina <a class=\"TWoY9 itht3\" href=\"https:\/\/masboletos.mx\/\" target=\"_self\" rel=\"noopener noreferrer\" data-hook=\"linkViewer\">https:\/\/masboletos.mx\/<\/a>. En la zona Segundo Nivel, con un costo de $58.00 por d\u00eda, o VIP, la m\u00e1s cercana al ruedo, a un precio de $111.00 por d\u00eda. <\/span><\/p>\n<div id=\"viewer-4pxll307\" class=\"xVISr Y9Dpf OZy-3 _40ACk public-DraftStyleDefault-block-depth0 fixed-tab-size public-DraftStyleDefault-text-ltr\"><span class=\"B2EFF public-DraftStyleDefault-ltr\">\u00a0<\/span><\/div>\n<p id=\"viewer-uofef149\" class=\"xVISr Y9Dpf OZy-3 _40ACk public-DraftStyleDefault-block-depth0 fixed-tab-size public-DraftStyleDefault-text-ltr\"><span class=\"B2EFF public-DraftStyleDefault-ltr\">En el evento estuvieron presentes Aurora Jim\u00e9nez Esquivel, presidenta del DIF Estatal; Fernando Marmolejo Montoya, diputado local; Margarita Gallegos Soto, presidenta municipal de San Francisco de los Romo; Humberto Ambriz Delgadillo, presidente municipal de Pabell\u00f3n de Arteaga; C\u00e9zar Pedroza Ortega, presidente municipal de El Llano; Elisa Aceves S\u00e1nchez, presidenta del Comit\u00e9 de Damas Charras de la Federaci\u00f3n Mexicana de Charrer\u00eda; Jes\u00fas Ferm\u00edn Torres, vicepresidente de la Uni\u00f3n de Charros de Coahuila; Melissa Alejandra Vera Torres, coordinadora nacional de Escaramuzas; Mar\u00eda Ang\u00e9lica Mu\u00f1oz M\u00e1rquez, delegada estatal de Escaramuzas de Aguascalientes; Luisa I, reina de la Federaci\u00f3n Mexicana de Charrer\u00eda; Abel D\u00edaz Tapia, secretario de Prensa y Difusi\u00f3n; Alejandro Franco Lucio, coordinador de Categor\u00edas Infantiles; y Manuel de Jes\u00fas Esparza, presidente de la Uni\u00f3n de Asociaciones del Estado de Aguascalientes.<\/span><\/p>\n","protected":false},"excerpt":{"rendered":"<p>#informativoelvalledeaguascalientes #novaradioaguascalientes #ElGiganteDeMexico &nbsp; El campeonato Nacional se desarrolla en la Arena San Marcos y finaliza el 13 de agosto En total participan 200 equipos de M\u00e9xico y Estados Unidos de Am\u00e9rica \u00a0 La gobernadora de Aguascalientes, Tere Jim\u00e9nez, inaugur\u00f3 el XXX Campeonato Nacional Charro Infantil, Juvenil y de Escaramuzas 2023, en el que participan [&hellip;]<\/p>\n","protected":false},"author":1,"featured_media":47491,"comment_status":"closed","ping_status":"open","sticky":false,"template":"","format":"standard","meta":{"advanced_seo_description":"","jetpack_seo_html_title":"","jetpack_seo_noindex":false,"_jetpack_memberships_contains_paid_content":false,"footnotes":"","jetpack_publicize_message":"","jetpack_publicize_feature_enabled":true,"jetpack_social_post_already_shared":true,"jetpack_social_options":{"image_generator_settings":{"template":"highway","default_image_id":0,"font":"","enabled":false},"version":2}},"categories":[21,4],"tags":[22,65,615,34],"class_list":["post-47490","post","type-post","status-publish","format-standard","has-post-thumbnail","hentry","category-aguascalientes","category-gobierno-del-estado-aguascalientes","tag-aguascalientes","tag-dif-estatal-aguascalientes","tag-gobierno-del-estado-de-aguascalientes","tag-sectur"],"jetpack_publicize_connections":[],"jetpack_featured_media_url":"https:\/\/i0.wp.com\/informativoelvalledeaguascalientes.online\/wp-content\/uploads\/2023\/07\/gob-edo-tj-nacional-charro.jpeg?fit=1920%2C1280&ssl=1","jetpack-related-posts":[],"jetpack_sharing_enabled":true,"jetpack_likes_enabled":true,"_links":{"self":[{"href":"https:\/\/informativoelvalledeaguascalientes.online\/index.php?rest_route=\/wp\/v2\/posts\/47490","targetHints":{"allow":["GET"]}}],"collection":[{"href":"https:\/\/informativoelvalledeaguascalientes.online\/index.php?rest_route=\/wp\/v2\/posts"}],"about":[{"href":"https:\/\/informativoelvalledeaguascalientes.online\/index.php?rest_route=\/wp\/v2\/types\/post"}],"author":[{"embeddable":true,"href":"https:\/\/informativoelvalledeaguascalientes.online\/index.php?rest_route=\/wp\/v2\/users\/1"}],"replies":[{"embeddable":true,"href":"https:\/\/informativoelvalledeaguascalientes.online\/index.php?rest_route=%2Fwp%2Fv2%2Fcomments&post=47490"}],"version-history":[{"count":1,"href":"https:\/\/informativoelvalledeaguascalientes.online\/index.php?rest_route=\/wp\/v2\/posts\/47490\/revisions"}],"predecessor-version":[{"id":47492,"href":"https:\/\/informativoelvalledeaguascalientes.online\/index.php?rest_route=\/wp\/v2\/posts\/47490\/revisions\/47492"}],"wp:featuredmedia":[{"embeddable":true,"href":"https:\/\/informativoelvalledeaguascalientes.online\/index.php?rest_route=\/wp\/v2\/media\/47491"}],"wp:attachment":[{"href":"https:\/\/informativoelvalledeaguascalientes.online\/index.php?rest_route=%2Fwp%2Fv2%2Fmedia&parent=47490"}],"wp:term":[{"taxonomy":"category","embeddable":true,"href":"https:\/\/informativoelvalledeaguascalientes.online\/index.php?rest_route=%2Fwp%2Fv2%2Fcategories&post=47490"},{"taxonomy":"post_tag","embeddable":true,"href":"https:\/\/informativoelvalledeaguascalientes.online\/index.php?rest_route=%2Fwp%2Fv2%2Ftags&post=47490"}],"curies":[{"name":"wp","href":"https:\/\/api.w.org\/{rel}","templated":true}]}}