{"id":47481,"date":"2023-07-30T15:18:46","date_gmt":"2023-07-30T21:18:46","guid":{"rendered":"https:\/\/informativoelvalledeaguascalientes.online\/?p=47481"},"modified":"2023-07-30T15:18:46","modified_gmt":"2023-07-30T21:18:46","slug":"tere-jimenez-y-murata-spring-empresa-japonesa-anuncian-expansion-en-aguascalientes","status":"publish","type":"post","link":"https:\/\/informativoelvalledeaguascalientes.online\/?p=47481","title":{"rendered":"TERE JIM\u00c9NEZ Y MURATA SPRING, EMPRESA JAPONESA, ANUNCIAN EXPANSI\u00d3N EN AGUASCALIENTES"},"content":{"rendered":"<p><strong><a href=\"https:\/\/www.facebook.com\/hashtag\/informativoelvalledeaguascalientes\">#informativoelvalledeaguascalientes<\/a><\/strong><\/p>\n<p><strong><a href=\"https:\/\/www.facebook.com\/hashtag\/novaradioaguascalientes\">#novaradioaguascalientes<\/a><\/strong><\/p>\n<p><strong><a href=\"https:\/\/www.facebook.com\/GobiernodeAguascalientes\">#ElGiganteDeMexico<\/a><\/strong><\/p>\n<p>&nbsp;<\/p>\n<ul class=\"public-DraftStyleDefault-ul\">\n<li id=\"viewer-foo\" class=\"s-SEY _40ACk public-DraftStyleDefault-unorderedListItem public-DraftStyleDefault-depth0 public-DraftStyleDefault-list-ltr fixed-tab-size public-DraftStyleDefault-reset OZy-3 _40ACk\">\n<p class=\"Y9Dpf OZy-3 _40ACk undefined\"><strong><em>En el estado se trabaja con las energ\u00edas limpias y el re\u00faso de agua, lo que beneficia a la poblaci\u00f3n y a las empresas<\/em><\/strong><\/p>\n<\/li>\n<li id=\"viewer-t97zh847\" class=\"s-SEY _40ACk public-DraftStyleDefault-unorderedListItem public-DraftStyleDefault-depth0 public-DraftStyleDefault-list-ltr fixed-tab-size OZy-3 _40ACk\">\n<p class=\"Y9Dpf OZy-3 _40ACk undefined\"><strong><em>Los trabajos de expansi\u00f3n comenzar\u00e1n el siguiente mes y terminar\u00e1n en diciembre<\/em><\/strong><\/p>\n<\/li>\n<\/ul>\n<div id=\"viewer-x6dk2849\" class=\"xVISr Y9Dpf OZy-3 _40ACk public-DraftStyleDefault-block-depth0 fixed-tab-size public-DraftStyleDefault-text-ltr\"><span class=\"B2EFF public-DraftStyleDefault-ltr\">\u00a0<\/span><\/div>\n<p id=\"viewer-ctc9v850\" class=\"xVISr Y9Dpf OZy-3 _40ACk public-DraftStyleDefault-block-depth0 fixed-tab-size public-DraftStyleDefault-text-ltr\"><span class=\"B2EFF public-DraftStyleDefault-ltr\">La gobernadora de Aguascalientes, Tere Jim\u00e9nez, y directivos de la empresa Murata Spring anunciaron la expansi\u00f3n de su planta en el estado, con lo que se generar\u00e1n nuevos empleos y se fortalecer\u00e1 la industria automotriz.<\/span><\/p>\n<div id=\"viewer-mn1b0852\" class=\"xVISr Y9Dpf OZy-3 _40ACk public-DraftStyleDefault-block-depth0 fixed-tab-size public-DraftStyleDefault-text-ltr\"><span class=\"B2EFF public-DraftStyleDefault-ltr\">\u00a0<\/span><\/div>\n<p id=\"viewer-5cdjg853\" class=\"xVISr Y9Dpf OZy-3 _40ACk public-DraftStyleDefault-block-depth0 fixed-tab-size public-DraftStyleDefault-text-ltr\"><span class=\"B2EFF public-DraftStyleDefault-ltr\">La gobernadora apunt\u00f3 que Aguascalientes es un estado reconocido por su clima de paz, lo que genera confianza a los inversionistas.\u00a0<\/span><\/p>\n<div id=\"viewer-22hw4855\" class=\"xVISr Y9Dpf OZy-3 _40ACk public-DraftStyleDefault-block-depth0 fixed-tab-size public-DraftStyleDefault-text-ltr\"><span class=\"B2EFF public-DraftStyleDefault-ltr\">\u00a0<\/span><\/div>\n<p id=\"viewer-gtoi7856\" class=\"xVISr Y9Dpf OZy-3 _40ACk public-DraftStyleDefault-block-depth0 fixed-tab-size public-DraftStyleDefault-text-ltr\"><span class=\"B2EFF public-DraftStyleDefault-ltr\">\u201cGracias a la confianza de Murata, nuestro estado sigue avanzando en desarrollo; esto no es una casualidad, pues estamos atrayendo m\u00e1s inversiones y concretando expansiones, gracias al clima de paz, seguridad y estabilidad que tenemos en la entidad\u201d, mencion\u00f3 Tere Jim\u00e9nez.<\/span><\/p>\n<div id=\"viewer-6r5vl858\" class=\"xVISr Y9Dpf OZy-3 _40ACk public-DraftStyleDefault-block-depth0 fixed-tab-size public-DraftStyleDefault-text-ltr\"><span class=\"B2EFF public-DraftStyleDefault-ltr\">\u00a0<\/span><\/div>\n<p id=\"viewer-d31jp859\" class=\"xVISr Y9Dpf OZy-3 _40ACk public-DraftStyleDefault-block-depth0 fixed-tab-size public-DraftStyleDefault-text-ltr\"><span class=\"B2EFF public-DraftStyleDefault-ltr\">A\u00f1adi\u00f3 que en el estado se trabaja con nuevas tecnolog\u00edas, como el uso de energ\u00edas limpias, industria 5.0 y el re\u00faso de agua, lo que impulsa una mejor productividad para las plantas instaladas en Aguascalientes.<\/span><\/p>\n<div id=\"viewer-9rcoo861\" class=\"xVISr Y9Dpf OZy-3 _40ACk public-DraftStyleDefault-block-depth0 fixed-tab-size public-DraftStyleDefault-text-ltr\"><span class=\"B2EFF public-DraftStyleDefault-ltr\">\u00a0<\/span><\/div>\n<p id=\"viewer-pc6dn862\" class=\"xVISr Y9Dpf OZy-3 _40ACk public-DraftStyleDefault-block-depth0 fixed-tab-size public-DraftStyleDefault-text-ltr\"><span class=\"B2EFF public-DraftStyleDefault-ltr\">Manuel Alejandro Gonz\u00e1lez Mart\u00ednez, secretario de Desarrollo Econ\u00f3mico, Ciencia y Tecnolog\u00eda (Sedecyt), mencion\u00f3 que esta empresa funciona desde hace una d\u00e9cada en el estado, lo que\u00a0 les ha permitido conocer la din\u00e1mica que priva en la entidad, d\u00e1ndoles una mayor confianza para la decisi\u00f3n de ampliar su capital a nivel local.<\/span><\/p>\n<div id=\"viewer-i35k9864\" class=\"xVISr Y9Dpf OZy-3 _40ACk public-DraftStyleDefault-block-depth0 fixed-tab-size public-DraftStyleDefault-text-ltr\"><span class=\"B2EFF public-DraftStyleDefault-ltr\">\u00a0<\/span><\/div>\n<p id=\"viewer-a5lxr865\" class=\"xVISr Y9Dpf OZy-3 _40ACk public-DraftStyleDefault-block-depth0 fixed-tab-size public-DraftStyleDefault-text-ltr\"><span class=\"B2EFF public-DraftStyleDefault-ltr\">Murata Spring se dedica a elaborar resortes para autom\u00f3viles, con una producci\u00f3n de 2.5 millones al mes, y est\u00e1 ubicada en el municipio de San Francisco de los Romo.<\/span><\/p>\n<div id=\"viewer-d9j35867\" class=\"xVISr Y9Dpf OZy-3 _40ACk public-DraftStyleDefault-block-depth0 fixed-tab-size public-DraftStyleDefault-text-ltr\"><span class=\"B2EFF public-DraftStyleDefault-ltr\">\u00a0<\/span><\/div>\n<p id=\"viewer-hq4e9868\" class=\"xVISr Y9Dpf OZy-3 _40ACk public-DraftStyleDefault-block-depth0 fixed-tab-size public-DraftStyleDefault-text-ltr\"><span class=\"B2EFF public-DraftStyleDefault-ltr\">Takao Murata, Ceo Global de Murata, se\u00f1al\u00f3 que Aguascalientes se perfila para ser la nueva capital automotriz.<\/span><\/p>\n<div id=\"viewer-1dwan870\" class=\"xVISr Y9Dpf OZy-3 _40ACk public-DraftStyleDefault-block-depth0 fixed-tab-size public-DraftStyleDefault-text-ltr\"><span class=\"B2EFF public-DraftStyleDefault-ltr\">\u00a0<\/span><\/div>\n<p id=\"viewer-hltsu871\" class=\"xVISr Y9Dpf OZy-3 _40ACk public-DraftStyleDefault-block-depth0 fixed-tab-size public-DraftStyleDefault-text-ltr\"><span class=\"B2EFF public-DraftStyleDefault-ltr\">Asimismo, se dijo contento de expandir la inversi\u00f3n en Aguascalientes, estado que\u00a0 les ha brindado todas las condiciones para el buen desempe\u00f1o de su empresa; adem\u00e1s reconoci\u00f3 la mano de obra de calidad y el profesionalismo de sus trabajadores y destac\u00f3 que en Murata trabajan con proveedores locales que tienen insumos de alta calidad.<\/span><\/p>\n<div id=\"viewer-51vva873\" class=\"xVISr Y9Dpf OZy-3 _40ACk public-DraftStyleDefault-block-depth0 fixed-tab-size public-DraftStyleDefault-text-ltr\"><span class=\"B2EFF public-DraftStyleDefault-ltr\">\u00a0<\/span><\/div>\n<p id=\"viewer-xi9ic874\" class=\"xVISr Y9Dpf OZy-3 _40ACk public-DraftStyleDefault-block-depth0 fixed-tab-size public-DraftStyleDefault-text-ltr\"><span class=\"B2EFF public-DraftStyleDefault-ltr\">\u201cEstoy seguro de que Aguascalientes ser\u00e1 la nueva capital automotriz del mundo y es un placer que nuestra empresa se encuentre en un estado tan seguro, limpio y ordenado. Agradezco a la gobernadora por su apoyo e impulso para concretar el crecimiento de las empresas\u201d, mencion\u00f3 Takao Murata.<\/span><\/p>\n<div id=\"viewer-tzror876\" class=\"xVISr Y9Dpf OZy-3 _40ACk public-DraftStyleDefault-block-depth0 fixed-tab-size public-DraftStyleDefault-text-ltr\"><span class=\"B2EFF public-DraftStyleDefault-ltr\">\u00a0<\/span><\/div>\n<p id=\"viewer-xv57i877\" class=\"xVISr Y9Dpf OZy-3 _40ACk public-DraftStyleDefault-block-depth0 fixed-tab-size public-DraftStyleDefault-text-ltr\"><span class=\"B2EFF public-DraftStyleDefault-ltr\">Los trabajos de expansi\u00f3n comenzar\u00e1n el siguiente mes y terminar\u00e1n en diciembre.<\/span><\/p>\n","protected":false},"excerpt":{"rendered":"<p>#informativoelvalledeaguascalientes #novaradioaguascalientes #ElGiganteDeMexico &nbsp; En el estado se trabaja con las energ\u00edas limpias y el re\u00faso de agua, lo que beneficia a la poblaci\u00f3n y a las empresas Los trabajos de expansi\u00f3n comenzar\u00e1n el siguiente mes y terminar\u00e1n en diciembre \u00a0 La gobernadora de Aguascalientes, Tere Jim\u00e9nez, y directivos de la empresa Murata Spring anunciaron [&hellip;]<\/p>\n","protected":false},"author":1,"featured_media":47482,"comment_status":"closed","ping_status":"open","sticky":false,"template":"","format":"standard","meta":{"advanced_seo_description":"","jetpack_seo_html_title":"","jetpack_seo_noindex":false,"_jetpack_memberships_contains_paid_content":false,"footnotes":"","jetpack_publicize_message":"","jetpack_publicize_feature_enabled":true,"jetpack_social_post_already_shared":true,"jetpack_social_options":{"image_generator_settings":{"template":"highway","default_image_id":0,"font":"","enabled":false},"version":2}},"categories":[21,4],"tags":[22,615,610,320],"class_list":["post-47481","post","type-post","status-publish","format-standard","has-post-thumbnail","hentry","category-aguascalientes","category-gobierno-del-estado-aguascalientes","tag-aguascalientes","tag-gobierno-del-estado-de-aguascalientes","tag-sedecyt","tag-tere-jimenez"],"jetpack_publicize_connections":[],"jetpack_featured_media_url":"https:\/\/i0.wp.com\/informativoelvalledeaguascalientes.online\/wp-content\/uploads\/2023\/07\/gob-edo-tj-murata-japon.jpg?fit=2213%2C1600&ssl=1","jetpack-related-posts":[],"jetpack_sharing_enabled":true,"jetpack_likes_enabled":true,"_links":{"self":[{"href":"https:\/\/informativoelvalledeaguascalientes.online\/index.php?rest_route=\/wp\/v2\/posts\/47481","targetHints":{"allow":["GET"]}}],"collection":[{"href":"https:\/\/informativoelvalledeaguascalientes.online\/index.php?rest_route=\/wp\/v2\/posts"}],"about":[{"href":"https:\/\/informativoelvalledeaguascalientes.online\/index.php?rest_route=\/wp\/v2\/types\/post"}],"author":[{"embeddable":true,"href":"https:\/\/informativoelvalledeaguascalientes.online\/index.php?rest_route=\/wp\/v2\/users\/1"}],"replies":[{"embeddable":true,"href":"https:\/\/informativoelvalledeaguascalientes.online\/index.php?rest_route=%2Fwp%2Fv2%2Fcomments&post=47481"}],"version-history":[{"count":1,"href":"https:\/\/informativoelvalledeaguascalientes.online\/index.php?rest_route=\/wp\/v2\/posts\/47481\/revisions"}],"predecessor-version":[{"id":47483,"href":"https:\/\/informativoelvalledeaguascalientes.online\/index.php?rest_route=\/wp\/v2\/posts\/47481\/revisions\/47483"}],"wp:featuredmedia":[{"embeddable":true,"href":"https:\/\/informativoelvalledeaguascalientes.online\/index.php?rest_route=\/wp\/v2\/media\/47482"}],"wp:attachment":[{"href":"https:\/\/informativoelvalledeaguascalientes.online\/index.php?rest_route=%2Fwp%2Fv2%2Fmedia&parent=47481"}],"wp:term":[{"taxonomy":"category","embeddable":true,"href":"https:\/\/informativoelvalledeaguascalientes.online\/index.php?rest_route=%2Fwp%2Fv2%2Fcategories&post=47481"},{"taxonomy":"post_tag","embeddable":true,"href":"https:\/\/informativoelvalledeaguascalientes.online\/index.php?rest_route=%2Fwp%2Fv2%2Ftags&post=47481"}],"curies":[{"name":"wp","href":"https:\/\/api.w.org\/{rel}","templated":true}]}}