{"id":47478,"date":"2023-07-30T15:10:39","date_gmt":"2023-07-30T21:10:39","guid":{"rendered":"https:\/\/informativoelvalledeaguascalientes.online\/?p=47478"},"modified":"2023-07-30T15:10:39","modified_gmt":"2023-07-30T21:10:39","slug":"se-realizo-un-taller-de-creacion-coreografica-en-la-universidad-de-las-artes","status":"publish","type":"post","link":"https:\/\/informativoelvalledeaguascalientes.online\/?p=47478","title":{"rendered":"SE REALIZ\u00d3 UN TALLER DE CREACI\u00d3N COREOGR\u00c1FICA EN LA UNIVERSIDAD DE LAS ARTES"},"content":{"rendered":"<p><strong><a href=\"https:\/\/www.facebook.com\/hashtag\/informativoelvalledeaguascalientes\">#informativoelvalledeaguascalientes<\/a><\/strong><\/p>\n<p><strong><a href=\"https:\/\/www.facebook.com\/hashtag\/novaradioaguascalientes\">#novaradioaguascalientes<\/a><\/strong><\/p>\n<p><strong><a href=\"https:\/\/www.facebook.com\/GobiernodeAguascalientes\">#ElGiganteDeMexico<\/a><\/strong><\/p>\n<p>&nbsp;<\/p>\n<p>Con el objetivo de explorar, desarrollar y adquirir habilidades y herramientas para la expresi\u00f3n y la coordinaci\u00f3n corporal, durante una semana se llev\u00f3 a cabo un taller laboratorio de creaci\u00f3n coreograf\u00eda en la Universidad de las Artes, impartido por los bailarines y core\u00f3grafos Daniela Ur\u00edas y Cisco Graciano.<\/p>\n<p>El taller combin\u00f3 la experiencia, perspectivas, enfoques y t\u00e9cnicas de los bailarines, quienes en una atm\u00f3sfera creativa y retadora fundamentaron con ejercicios pr\u00e1cticos y te\u00f3ricos una creaci\u00f3n de movimientos corporales y composiciones coreogr\u00e1ficas.<\/p>\n<p>Asistieron alumnos, exalumnos y profesores de la Universidad de las Artes, adem\u00e1s participaron invitados de las instancias de cultura de Quer\u00e9taro, Guanajuato y Jalisco.<\/p>\n<p>Con estas iniciativas, adem\u00e1s de generar un espacio para la exploraci\u00f3n de movimiento y el enriquecimiento personal y colectivo, se genera un di\u00e1logo constante y continuo entre los participantes para compartir y asimilar experiencias.<\/p>\n<p>Daniela Ur\u00edas es una artista esc\u00e9nica originaria de Hermosillo, Sonora; ha colaborado con varias compa\u00f1\u00edas y core\u00f3grafos nacionales e internacionales y ha participado en festivales como 4&#215;4 TJ Night (Tijuana), Theoris Fest (EUA), entre otros. Fue beneficiaria del Programa Creadores Esc\u00e9nicos del Fonca y fue acreedora del premio como mejor int\u00e9rprete en el \u201cCampionato del Mondo per Danzatori e Scuole 4o Edizione\u201d en Lido, Italia.<\/p>\n<p>Cisco Graciano, originario de San Antonio, Texas; core\u00f3grafo y docente, ha sido miembro de Ben Munis teri Dance Company, Cortez &amp; Co. Contemporary\/Ballet, Pascal Rioult Dance Theatre, Broadway Dance Lab; miembro fundador de Dusan Tynek Dance Theatre y TAKE Dance Company. Su trabajo ha sido presentado en la ciudad de Nueva York e internacionalmente.<\/p>\n","protected":false},"excerpt":{"rendered":"<p>#informativoelvalledeaguascalientes #novaradioaguascalientes #ElGiganteDeMexico &nbsp; Con el objetivo de explorar, desarrollar y adquirir habilidades y herramientas para la expresi\u00f3n y la coordinaci\u00f3n corporal, durante una semana se llev\u00f3 a cabo un taller laboratorio de creaci\u00f3n coreograf\u00eda en la Universidad de las Artes, impartido por los bailarines y core\u00f3grafos Daniela Ur\u00edas y Cisco Graciano. El taller combin\u00f3 [&hellip;]<\/p>\n","protected":false},"author":1,"featured_media":47479,"comment_status":"closed","ping_status":"open","sticky":false,"template":"","format":"standard","meta":{"advanced_seo_description":"","jetpack_seo_html_title":"","jetpack_seo_noindex":false,"_jetpack_memberships_contains_paid_content":false,"footnotes":"","jetpack_publicize_message":"","jetpack_publicize_feature_enabled":true,"jetpack_social_post_already_shared":true,"jetpack_social_options":{"image_generator_settings":{"template":"highway","default_image_id":0,"font":"","enabled":false},"version":2}},"categories":[21,4],"tags":[22,615,52,704],"class_list":["post-47478","post","type-post","status-publish","format-standard","has-post-thumbnail","hentry","category-aguascalientes","category-gobierno-del-estado-aguascalientes","tag-aguascalientes","tag-gobierno-del-estado-de-aguascalientes","tag-ica","tag-universidad-de-las-artes"],"jetpack_publicize_connections":[],"jetpack_featured_media_url":"https:\/\/i0.wp.com\/informativoelvalledeaguascalientes.online\/wp-content\/uploads\/2023\/07\/ica-taller-teatro.jpg?fit=1600%2C898&ssl=1","jetpack-related-posts":[],"jetpack_sharing_enabled":true,"jetpack_likes_enabled":true,"_links":{"self":[{"href":"https:\/\/informativoelvalledeaguascalientes.online\/index.php?rest_route=\/wp\/v2\/posts\/47478","targetHints":{"allow":["GET"]}}],"collection":[{"href":"https:\/\/informativoelvalledeaguascalientes.online\/index.php?rest_route=\/wp\/v2\/posts"}],"about":[{"href":"https:\/\/informativoelvalledeaguascalientes.online\/index.php?rest_route=\/wp\/v2\/types\/post"}],"author":[{"embeddable":true,"href":"https:\/\/informativoelvalledeaguascalientes.online\/index.php?rest_route=\/wp\/v2\/users\/1"}],"replies":[{"embeddable":true,"href":"https:\/\/informativoelvalledeaguascalientes.online\/index.php?rest_route=%2Fwp%2Fv2%2Fcomments&post=47478"}],"version-history":[{"count":1,"href":"https:\/\/informativoelvalledeaguascalientes.online\/index.php?rest_route=\/wp\/v2\/posts\/47478\/revisions"}],"predecessor-version":[{"id":47480,"href":"https:\/\/informativoelvalledeaguascalientes.online\/index.php?rest_route=\/wp\/v2\/posts\/47478\/revisions\/47480"}],"wp:featuredmedia":[{"embeddable":true,"href":"https:\/\/informativoelvalledeaguascalientes.online\/index.php?rest_route=\/wp\/v2\/media\/47479"}],"wp:attachment":[{"href":"https:\/\/informativoelvalledeaguascalientes.online\/index.php?rest_route=%2Fwp%2Fv2%2Fmedia&parent=47478"}],"wp:term":[{"taxonomy":"category","embeddable":true,"href":"https:\/\/informativoelvalledeaguascalientes.online\/index.php?rest_route=%2Fwp%2Fv2%2Fcategories&post=47478"},{"taxonomy":"post_tag","embeddable":true,"href":"https:\/\/informativoelvalledeaguascalientes.online\/index.php?rest_route=%2Fwp%2Fv2%2Ftags&post=47478"}],"curies":[{"name":"wp","href":"https:\/\/api.w.org\/{rel}","templated":true}]}}