{"id":47472,"date":"2023-07-30T14:18:16","date_gmt":"2023-07-30T20:18:16","guid":{"rendered":"https:\/\/informativoelvalledeaguascalientes.online\/?p=47472"},"modified":"2023-07-30T14:18:16","modified_gmt":"2023-07-30T20:18:16","slug":"el-foro-expresarte-es-uno-de-los-espacios-que-han-tenido-gran-aceptacion-de-chicos-y-grandes-en-la-feria-de-los-chicahuales-2023","status":"publish","type":"post","link":"https:\/\/informativoelvalledeaguascalientes.online\/?p=47472","title":{"rendered":"El Foro \u201cExpresarte\u201d es uno de los espacios que han tenido gran aceptaci\u00f3n de chicos y grandes en la Feria de los Chicahuales 2023."},"content":{"rendered":"<p><strong><a href=\"https:\/\/www.facebook.com\/hashtag\/informativoelvalledeaguascalientes\">#informativoelvalledeaguascalientes<\/a><\/strong><\/p>\n<p><strong><a href=\"https:\/\/www.facebook.com\/hashtag\/novaradioaguascalientes\">#novaradioaguascalientes<\/a><\/strong><\/p>\n<p>&nbsp;<\/p>\n<p>Este lugar es un stand que surgi\u00f3 como resultado del Festival Comunitario realizado en el mes de mayo en Jes\u00fas Mar\u00eda, donde participaron distintos colectivos.<\/p>\n<p>&nbsp;<\/p>\n<p>La titular de la Secretar\u00eda T\u00e9cnica, Ver\u00f3nica Dur\u00e1n Alfonso, explic\u00f3 que el prop\u00f3sito de Expresarte, es acercar las artes y la cultura mediante actividades l\u00fadicas que ofrecen artistas y artesanos del municipio de Jes\u00fas Mar\u00eda; est\u00e1 ubicado frente a la Presidencia Municipal y adem\u00e1s de participar en las actividades l\u00fadicas, las y los feriantes pueden comprar artesan\u00edas hechas por manos jesusmarienses.<\/p>\n<p>Con lo anterior, el Gobierno Municipal refrenda su compromiso para abrir a todas las expresiones art\u00edsticas, espacios para promover sus trabajos mediante la exposici\u00f3n y venta de obras, as\u00ed como presentaciones art\u00edsticas con algunos grupos locales tales como La Chaska Colectivo y Ramitas de Huizache.<\/p>\n<p>&nbsp;<\/p>\n<p>Tambi\u00e9n se ofrece taller de grabado, cartoner\u00eda y juguete tradicional, de macetas de cer\u00e1mica, adem\u00e1s de cuenta cuentos, fomento a la lectura, papiroflexia y bisuter\u00eda. Este espacio ha sido coordinado por la Instancia de Cultura, SIPINNA y la Secretar\u00eda Tecnica de Presidencia.<\/p>\n","protected":false},"excerpt":{"rendered":"<p>#informativoelvalledeaguascalientes #novaradioaguascalientes &nbsp; Este lugar es un stand que surgi\u00f3 como resultado del Festival Comunitario realizado en el mes de mayo en Jes\u00fas Mar\u00eda, donde participaron distintos colectivos. &nbsp; La titular de la Secretar\u00eda T\u00e9cnica, Ver\u00f3nica Dur\u00e1n Alfonso, explic\u00f3 que el prop\u00f3sito de Expresarte, es acercar las artes y la cultura mediante actividades l\u00fadicas que [&hellip;]<\/p>\n","protected":false},"author":1,"featured_media":47473,"comment_status":"closed","ping_status":"open","sticky":false,"template":"","format":"standard","meta":{"advanced_seo_description":"","jetpack_seo_html_title":"","jetpack_seo_noindex":false,"_jetpack_memberships_contains_paid_content":false,"footnotes":"","jetpack_publicize_message":"","jetpack_publicize_feature_enabled":true,"jetpack_social_post_already_shared":true,"jetpack_social_options":{"image_generator_settings":{"template":"highway","default_image_id":0,"font":"","enabled":false},"version":2}},"categories":[21,14],"tags":[22,45],"class_list":["post-47472","post","type-post","status-publish","format-standard","has-post-thumbnail","hentry","category-aguascalientes","category-jesus-maria-aguascalientes","tag-aguascalientes","tag-jesus-maria-aguascalientes"],"jetpack_publicize_connections":[],"jetpack_featured_media_url":"https:\/\/i0.wp.com\/informativoelvalledeaguascalientes.online\/wp-content\/uploads\/2023\/07\/jm-sipinna-chicahuales.jpg?fit=1560%2C1560&ssl=1","jetpack-related-posts":[],"jetpack_sharing_enabled":true,"jetpack_likes_enabled":true,"_links":{"self":[{"href":"https:\/\/informativoelvalledeaguascalientes.online\/index.php?rest_route=\/wp\/v2\/posts\/47472","targetHints":{"allow":["GET"]}}],"collection":[{"href":"https:\/\/informativoelvalledeaguascalientes.online\/index.php?rest_route=\/wp\/v2\/posts"}],"about":[{"href":"https:\/\/informativoelvalledeaguascalientes.online\/index.php?rest_route=\/wp\/v2\/types\/post"}],"author":[{"embeddable":true,"href":"https:\/\/informativoelvalledeaguascalientes.online\/index.php?rest_route=\/wp\/v2\/users\/1"}],"replies":[{"embeddable":true,"href":"https:\/\/informativoelvalledeaguascalientes.online\/index.php?rest_route=%2Fwp%2Fv2%2Fcomments&post=47472"}],"version-history":[{"count":1,"href":"https:\/\/informativoelvalledeaguascalientes.online\/index.php?rest_route=\/wp\/v2\/posts\/47472\/revisions"}],"predecessor-version":[{"id":47474,"href":"https:\/\/informativoelvalledeaguascalientes.online\/index.php?rest_route=\/wp\/v2\/posts\/47472\/revisions\/47474"}],"wp:featuredmedia":[{"embeddable":true,"href":"https:\/\/informativoelvalledeaguascalientes.online\/index.php?rest_route=\/wp\/v2\/media\/47473"}],"wp:attachment":[{"href":"https:\/\/informativoelvalledeaguascalientes.online\/index.php?rest_route=%2Fwp%2Fv2%2Fmedia&parent=47472"}],"wp:term":[{"taxonomy":"category","embeddable":true,"href":"https:\/\/informativoelvalledeaguascalientes.online\/index.php?rest_route=%2Fwp%2Fv2%2Fcategories&post=47472"},{"taxonomy":"post_tag","embeddable":true,"href":"https:\/\/informativoelvalledeaguascalientes.online\/index.php?rest_route=%2Fwp%2Fv2%2Ftags&post=47472"}],"curies":[{"name":"wp","href":"https:\/\/api.w.org\/{rel}","templated":true}]}}