{"id":47469,"date":"2023-07-30T14:13:10","date_gmt":"2023-07-30T20:13:10","guid":{"rendered":"https:\/\/informativoelvalledeaguascalientes.online\/?p=47469"},"modified":"2023-07-30T14:13:10","modified_gmt":"2023-07-30T20:13:10","slug":"santiago-creel-de-visita-por-aguascalientes-faxm","status":"publish","type":"post","link":"https:\/\/informativoelvalledeaguascalientes.online\/?p=47469","title":{"rendered":"SANTIAGO CREEL DE VISITA POR AGUASCALIENTES: FAXM"},"content":{"rendered":"<p><strong><a href=\"https:\/\/www.facebook.com\/hashtag\/informativoelvalledeaguascalientes\">#informativoelvalledeaguascalientes<\/a><\/strong><\/p>\n<p><strong><a href=\"https:\/\/www.facebook.com\/hashtag\/novaradioaguascalientes\">#novaradioaguascalientes<\/a><\/strong><\/p>\n<p><strong><em>\u00a0<\/em><\/strong><\/p>\n<p><strong><em>\u00a0<\/em><\/strong><\/p>\n<ul>\n<li><strong><em>Ante lo que considera la necesidad de conciliar y reconciliar a un pa\u00eds dividido, expone su intenci\u00f3n de participar en el proceso de selecci\u00f3n de la persona responsable de la construcci\u00f3n del Frente Amplio por M\u00e9xico<\/em><\/strong><\/li>\n<\/ul>\n<p>&nbsp;<\/p>\n<p>El aspirante para coordinar el Frente Amplio por M\u00e9xico, Santiago Creel Miranda, estuvo de visita por Aguascalientes para sostener algunas reuniones y presentar su intenci\u00f3n\u00a0 y objetivo por el que se encuentra participando en el proceso de selecci\u00f3n de la persona que habr\u00e1 de ser representante del mencionado Frente.<\/p>\n<p>&nbsp;<\/p>\n<p>En reuni\u00f3n con los medios de comunicaci\u00f3n, y acompa\u00f1ado del presidente estatal del Partido Acci\u00f3n Nacional, Javier L\u00faevano N\u00fa\u00f1ez, Creel Miranda, se\u00f1al\u00f3 que esta intenci\u00f3n est\u00e1 sustentada en el deber que siente de aportar la experiencia que posee en las conciliaciones, y aportar en gran medida para reconstruir las instituciones en el pa\u00eds.<\/p>\n<p>&nbsp;<\/p>\n<p>Afirm\u00f3 que existe la necesidad de conciliar y reconciliar a un pa\u00eds que el gobierno ha dividido y enfrentado, lo que considera una situaci\u00f3n grave, pues un pa\u00eds dividido no va a ninguna parte.<\/p>\n<p>&nbsp;<\/p>\n<p>Creel Miranda, puntualiz\u00f3 en que la conciliaci\u00f3n es lo que en sentido estricto ha realizado\u00a0 por mucho tiempo, y en esta etapa\u00a0 de recolecci\u00f3n de firmas en el proceso de selecci\u00f3n del responsable para la Construcci\u00f3n del Frente Amplio por M\u00e9xico, tiene la intenci\u00f3n de visitar y recorrer cada una de las entidades del pa\u00eds para llevar un mensaje de cambio a la sociedad.<\/p>\n<p>&nbsp;<\/p>\n<p>En esta visita por la entidad, en la que sostuvo reuniones con militantes, simpatizantes y liderazgos panistas, as\u00ed como miembros de la sociedad civil organizada, Santiago Creel Miranda estuvo acompa\u00f1ado de los diputados federales por Aguascalientes Noel Mata Atilano y Paulo Mart\u00ednez L\u00f3pez, as\u00ed como por el diputado local de la Ciudad de M\u00e9xico An\u00edbal Ca\u00f1ez, el diputado federal Guillermo Huerta y el consejero estatal de Acci\u00f3n Nacional en Aguascalientes, Refugio Mu\u00f1oz de Luna.<\/p>\n","protected":false},"excerpt":{"rendered":"<p>#informativoelvalledeaguascalientes #novaradioaguascalientes \u00a0 \u00a0 Ante lo que considera la necesidad de conciliar y reconciliar a un pa\u00eds dividido, expone su intenci\u00f3n de participar en el proceso de selecci\u00f3n de la persona responsable de la construcci\u00f3n del Frente Amplio por M\u00e9xico &nbsp; El aspirante para coordinar el Frente Amplio por M\u00e9xico, Santiago Creel Miranda, estuvo de [&hellip;]<\/p>\n","protected":false},"author":1,"featured_media":47470,"comment_status":"closed","ping_status":"open","sticky":false,"template":"","format":"standard","meta":{"advanced_seo_description":"","jetpack_seo_html_title":"","jetpack_seo_noindex":false,"_jetpack_memberships_contains_paid_content":false,"footnotes":"","jetpack_publicize_message":"","jetpack_publicize_feature_enabled":true,"jetpack_social_post_already_shared":true,"jetpack_social_options":{"image_generator_settings":{"template":"highway","default_image_id":0,"font":"","enabled":false},"version":2}},"categories":[21,19,7],"tags":[22,232,23,43],"class_list":["post-47469","post","type-post","status-publish","format-standard","has-post-thumbnail","hentry","category-aguascalientes","category-informacion-general","category-pan-aguascalientes","tag-aguascalientes","tag-informacion-general","tag-pan-aguascalientes","tag-pan-aguascalientes-cde"],"jetpack_publicize_connections":[],"jetpack_featured_media_url":"https:\/\/i0.wp.com\/informativoelvalledeaguascalientes.online\/wp-content\/uploads\/2023\/07\/pan-cde-ags-creel.jpg?fit=1600%2C1200&ssl=1","jetpack-related-posts":[],"jetpack_sharing_enabled":true,"jetpack_likes_enabled":true,"_links":{"self":[{"href":"https:\/\/informativoelvalledeaguascalientes.online\/index.php?rest_route=\/wp\/v2\/posts\/47469","targetHints":{"allow":["GET"]}}],"collection":[{"href":"https:\/\/informativoelvalledeaguascalientes.online\/index.php?rest_route=\/wp\/v2\/posts"}],"about":[{"href":"https:\/\/informativoelvalledeaguascalientes.online\/index.php?rest_route=\/wp\/v2\/types\/post"}],"author":[{"embeddable":true,"href":"https:\/\/informativoelvalledeaguascalientes.online\/index.php?rest_route=\/wp\/v2\/users\/1"}],"replies":[{"embeddable":true,"href":"https:\/\/informativoelvalledeaguascalientes.online\/index.php?rest_route=%2Fwp%2Fv2%2Fcomments&post=47469"}],"version-history":[{"count":1,"href":"https:\/\/informativoelvalledeaguascalientes.online\/index.php?rest_route=\/wp\/v2\/posts\/47469\/revisions"}],"predecessor-version":[{"id":47471,"href":"https:\/\/informativoelvalledeaguascalientes.online\/index.php?rest_route=\/wp\/v2\/posts\/47469\/revisions\/47471"}],"wp:featuredmedia":[{"embeddable":true,"href":"https:\/\/informativoelvalledeaguascalientes.online\/index.php?rest_route=\/wp\/v2\/media\/47470"}],"wp:attachment":[{"href":"https:\/\/informativoelvalledeaguascalientes.online\/index.php?rest_route=%2Fwp%2Fv2%2Fmedia&parent=47469"}],"wp:term":[{"taxonomy":"category","embeddable":true,"href":"https:\/\/informativoelvalledeaguascalientes.online\/index.php?rest_route=%2Fwp%2Fv2%2Fcategories&post=47469"},{"taxonomy":"post_tag","embeddable":true,"href":"https:\/\/informativoelvalledeaguascalientes.online\/index.php?rest_route=%2Fwp%2Fv2%2Ftags&post=47469"}],"curies":[{"name":"wp","href":"https:\/\/api.w.org\/{rel}","templated":true}]}}