{"id":47466,"date":"2023-07-30T14:06:54","date_gmt":"2023-07-30T20:06:54","guid":{"rendered":"https:\/\/informativoelvalledeaguascalientes.online\/?p=47466"},"modified":"2023-07-30T14:08:11","modified_gmt":"2023-07-30T20:08:11","slug":"tere-jimenez-reconoce-a-estudiantes-viajaran-a-francia-gracias-a-becas-de-movilidad","status":"publish","type":"post","link":"https:\/\/informativoelvalledeaguascalientes.online\/?p=47466","title":{"rendered":"TERE JIM\u00c9NEZ RECONOCE A ESTUDIANTES; VIAJAR\u00c1N A FRANCIA GRACIAS A BECAS DE MOVILIDAD"},"content":{"rendered":"<p><strong><a href=\"https:\/\/www.facebook.com\/hashtag\/informativoelvalledeaguascalientes\">#informativoelvalledeaguascalientes<\/a><\/strong><\/p>\n<p><strong><a href=\"https:\/\/www.facebook.com\/hashtag\/novaradioaguascalientes\">#novaradioaguascalientes<\/a><\/strong><\/p>\n<p><strong><a href=\"https:\/\/www.facebook.com\/GobiernodeAguascalientes\">#ElGiganteDeMexico<\/a><\/strong><\/p>\n<div class=\"\" data-mesh-id=\"comp-l7sh9ubr2inlineContent\" data-testid=\"inline-content\">\n<div data-mesh-id=\"comp-l7sh9ubr2inlineContent-gridContainer\" data-testid=\"mesh-container-content\">\n<div id=\"comp-l7yvxqo2\" class=\"MazNVa comp-l7yvxqo2 wixui-image\">\n<div class=\"j7pOnl\" data-testid=\"linkElement\"><\/div>\n<\/div>\n<div id=\"comp-l7sh9ubx\" class=\"TWFxr5\">\n<div class=\"comp-l7sh9ubx\">\n<div class=\"siSdJK4 comp-l7sh9ubx\" data-hook=\"ricosviewer-wrapper\">\n<div class=\"itVXy _8a1b4\" dir=\"ltr\" data-id=\"rich-content-viewer\">\n<div class=\"mhGZq\">\n<p id=\"viewer-foo\" class=\"xVISr Y9Dpf OZy-3 _40ACk public-DraftStyleDefault-block-depth0 fixed-tab-size public-DraftStyleDefault-text-ltr\"><span class=\"B2EFF public-DraftStyleDefault-ltr\">La gobernadora de Aguascalientes, Tere Jim\u00e9nez, reconoci\u00f3 el esfuerzo de 10 estudiantes de las Universidades Tecnol\u00f3gica de Aguascalientes (UTA), Tecnol\u00f3gica Metropolitana (UTMA) y Tecnol\u00f3gica El Reto\u00f1o (UTR), quienes gracias a su dedicaci\u00f3n viajar\u00e1n a Francia el 4 de agosto y pasar\u00e1n un a\u00f1o en aquel pa\u00eds.<\/span><\/p>\n<div id=\"viewer-mio1u1380\" class=\"xVISr Y9Dpf OZy-3 _40ACk public-DraftStyleDefault-block-depth0 fixed-tab-size public-DraftStyleDefault-text-ltr\"><span class=\"B2EFF public-DraftStyleDefault-ltr\">\u00a0<\/span><\/div>\n<p id=\"viewer-503xa1381\" class=\"xVISr Y9Dpf OZy-3 _40ACk public-DraftStyleDefault-block-depth0 fixed-tab-size public-DraftStyleDefault-text-ltr\"><span class=\"B2EFF public-DraftStyleDefault-ltr\">\u201cNunca se conformen, sigan avanzando y prep\u00e1rense para poner el nombre de Aguascalientes en alto; nosotros le apostamos a los j\u00f3venes y a su preparaci\u00f3n acad\u00e9mica; me siento muy orgullosa de ustedes\u201d, les dijo la gobernadora.<\/span><\/p>\n<div id=\"viewer-w8kso1383\" class=\"xVISr Y9Dpf OZy-3 _40ACk public-DraftStyleDefault-block-depth0 fixed-tab-size public-DraftStyleDefault-text-ltr\"><span class=\"B2EFF public-DraftStyleDefault-ltr\">\u00a0<\/span><\/div>\n<p id=\"viewer-6ejx11384\" class=\"xVISr Y9Dpf OZy-3 _40ACk public-DraftStyleDefault-block-depth0 fixed-tab-size public-DraftStyleDefault-text-ltr\"><span class=\"B2EFF public-DraftStyleDefault-ltr\">Tere Jim\u00e9nez destac\u00f3 que desde la administraci\u00f3n estatal se seguir\u00e1 impulsando a los j\u00f3venes para que cumplan sus prop\u00f3sitos, en este caso con becas de movilidad, con la finalidad de que tengan la oportunidad de viajar a otros pa\u00edses, conocer nuevas culturas y mejorar su preparaci\u00f3n acad\u00e9mica.<\/span><\/p>\n<p id=\"viewer-9ewm81386\" class=\"xVISr Y9Dpf OZy-3 _40ACk public-DraftStyleDefault-block-depth0 fixed-tab-size public-DraftStyleDefault-text-ltr\"><span class=\"B2EFF public-DraftStyleDefault-ltr\">\u00a0<\/span><\/p>\n<p id=\"viewer-4jgrf1388\" class=\"xVISr Y9Dpf OZy-3 _40ACk public-DraftStyleDefault-block-depth0 fixed-tab-size public-DraftStyleDefault-text-ltr\"><span class=\"B2EFF public-DraftStyleDefault-ltr\">Jacob Nahum Ram\u00edrez D\u00edaz, alumno de la UTA, agradeci\u00f3 a la gobernadora por hacer posible que este viaje se concrete. \u201cGracias por todo el apoyo que hemos recibido, viajaremos muy emocionados porque usted nos ha impulsado a mejorar, y solo decirle que gracias a usted el sue\u00f1o de 10 j\u00f3venes se cumpli\u00f3\u201d, mencion\u00f3 Ram\u00edrez D\u00edaz.<\/span><\/p>\n<p id=\"viewer-j3oda1390\" class=\"xVISr Y9Dpf OZy-3 _40ACk public-DraftStyleDefault-block-depth0 fixed-tab-size public-DraftStyleDefault-text-ltr\"><span class=\"B2EFF public-DraftStyleDefault-ltr\">\u00a0<\/span><\/p>\n<p id=\"viewer-lck7e1392\" class=\"xVISr Y9Dpf OZy-3 _40ACk public-DraftStyleDefault-block-depth0 fixed-tab-size public-DraftStyleDefault-text-ltr\"><span class=\"B2EFF public-DraftStyleDefault-ltr\">Tambi\u00e9n estuvieron presentes Mar\u00eda de Jes\u00fas D\u00edaz Marmolejo, presidenta de la Comisi\u00f3n de Seguridad P\u00fablica del H. Congreso del Estado; la directora del Instituto de Educaci\u00f3n de Aguascalientes, Lorena Mart\u00ednez Rodr\u00edguez; el director de Educaci\u00f3n Superior, Francisco Rangel C\u00e1ceres; el rector de la UTA, Armando L\u00f3pez Campa; el rector de la UTR, Jorge Alfredo Guill\u00e9n Mu\u00f1oz, y el rector de la UTMA, Fernando Herrera \u00c1vila.<\/span><\/p>\n<\/div>\n<\/div>\n<\/div>\n<\/div>\n<\/div>\n<\/div>\n<\/div>\n","protected":false},"excerpt":{"rendered":"<p>#informativoelvalledeaguascalientes #novaradioaguascalientes #ElGiganteDeMexico La gobernadora de Aguascalientes, Tere Jim\u00e9nez, reconoci\u00f3 el esfuerzo de 10 estudiantes de las Universidades Tecnol\u00f3gica de Aguascalientes (UTA), Tecnol\u00f3gica Metropolitana (UTMA) y Tecnol\u00f3gica El Reto\u00f1o (UTR), quienes gracias a su dedicaci\u00f3n viajar\u00e1n a Francia el 4 de agosto y pasar\u00e1n un a\u00f1o en aquel pa\u00eds. \u00a0 \u201cNunca se conformen, sigan avanzando [&hellip;]<\/p>\n","protected":false},"author":1,"featured_media":47468,"comment_status":"closed","ping_status":"open","sticky":false,"template":"","format":"standard","meta":{"advanced_seo_description":"","jetpack_seo_html_title":"","jetpack_seo_noindex":false,"_jetpack_memberships_contains_paid_content":false,"footnotes":"","jetpack_publicize_message":"","jetpack_publicize_feature_enabled":true,"jetpack_social_post_already_shared":true,"jetpack_social_options":{"image_generator_settings":{"template":"highway","default_image_id":0,"font":"","enabled":false},"version":2}},"categories":[21,4],"tags":[22,615,39,320],"class_list":["post-47466","post","type-post","status-publish","format-standard","has-post-thumbnail","hentry","category-aguascalientes","category-gobierno-del-estado-aguascalientes","tag-aguascalientes","tag-gobierno-del-estado-de-aguascalientes","tag-iea","tag-tere-jimenez"],"jetpack_publicize_connections":[],"jetpack_featured_media_url":"https:\/\/i0.wp.com\/informativoelvalledeaguascalientes.online\/wp-content\/uploads\/2023\/07\/gob-edo-tj-iea-becados.jpg?fit=2163%2C1462&ssl=1","jetpack-related-posts":[],"jetpack_sharing_enabled":true,"jetpack_likes_enabled":true,"_links":{"self":[{"href":"https:\/\/informativoelvalledeaguascalientes.online\/index.php?rest_route=\/wp\/v2\/posts\/47466","targetHints":{"allow":["GET"]}}],"collection":[{"href":"https:\/\/informativoelvalledeaguascalientes.online\/index.php?rest_route=\/wp\/v2\/posts"}],"about":[{"href":"https:\/\/informativoelvalledeaguascalientes.online\/index.php?rest_route=\/wp\/v2\/types\/post"}],"author":[{"embeddable":true,"href":"https:\/\/informativoelvalledeaguascalientes.online\/index.php?rest_route=\/wp\/v2\/users\/1"}],"replies":[{"embeddable":true,"href":"https:\/\/informativoelvalledeaguascalientes.online\/index.php?rest_route=%2Fwp%2Fv2%2Fcomments&post=47466"}],"version-history":[{"count":1,"href":"https:\/\/informativoelvalledeaguascalientes.online\/index.php?rest_route=\/wp\/v2\/posts\/47466\/revisions"}],"predecessor-version":[{"id":47467,"href":"https:\/\/informativoelvalledeaguascalientes.online\/index.php?rest_route=\/wp\/v2\/posts\/47466\/revisions\/47467"}],"wp:featuredmedia":[{"embeddable":true,"href":"https:\/\/informativoelvalledeaguascalientes.online\/index.php?rest_route=\/wp\/v2\/media\/47468"}],"wp:attachment":[{"href":"https:\/\/informativoelvalledeaguascalientes.online\/index.php?rest_route=%2Fwp%2Fv2%2Fmedia&parent=47466"}],"wp:term":[{"taxonomy":"category","embeddable":true,"href":"https:\/\/informativoelvalledeaguascalientes.online\/index.php?rest_route=%2Fwp%2Fv2%2Fcategories&post=47466"},{"taxonomy":"post_tag","embeddable":true,"href":"https:\/\/informativoelvalledeaguascalientes.online\/index.php?rest_route=%2Fwp%2Fv2%2Ftags&post=47466"}],"curies":[{"name":"wp","href":"https:\/\/api.w.org\/{rel}","templated":true}]}}