{"id":47463,"date":"2023-07-30T14:02:45","date_gmt":"2023-07-30T20:02:45","guid":{"rendered":"https:\/\/informativoelvalledeaguascalientes.online\/?p=47463"},"modified":"2023-07-30T14:02:45","modified_gmt":"2023-07-30T20:02:45","slug":"nombran-a-nuevo-delegado-del-conadems-en-aguascalientes-idea","status":"publish","type":"post","link":"https:\/\/informativoelvalledeaguascalientes.online\/?p=47463","title":{"rendered":"NOMBRAN A NUEVO DELEGADO DEL CONADEMS EN AGUASCALIENTES: IDEA"},"content":{"rendered":"<p><strong><a href=\"https:\/\/www.facebook.com\/hashtag\/informativoelvalledeaguascalientes\">#informativoelvalledeaguascalientes<\/a><\/strong><\/p>\n<p><strong><a href=\"https:\/\/www.facebook.com\/hashtag\/novaradioaguascalientes\">#novaradioaguascalientes<\/a><\/strong><\/p>\n<p><strong><a href=\"https:\/\/www.facebook.com\/GobiernodeAguascalientes\">#ElGiganteDeMexico<\/a><\/strong><\/p>\n<p>&nbsp;<\/p>\n<p>Con gran entusiasmo el Instituto del Deporte del Estado de Aguascalientes, el Consejo Estatal del Deporte en la Educaci\u00f3n Media Superior en el Estado de Aguascalientes (COEDEMS) y el Consejo Nacional para el Desarrollo del Deporte en la Educaci\u00f3n Media Superior (CONADEMS) anunciaron al nuevo delegado estatal por decisi\u00f3n un\u00e1nime, siendo el mismo el Lic. Samuel Maciel Medina.<\/p>\n<p>&nbsp;<\/p>\n<p>Con esto el ahora delegado estatal desarrollar\u00e1 diversas actividades de \u00edndole administrativa, deportiva y legal con el objetivo de promover el deporte estudiantil dentro de las instituciones educativas de nivel medio superior y superior como lo es la Liga Estatal Universitaria.<\/p>\n<p>&nbsp;<\/p>\n<p>El Lic. Samuel Maciel refrend\u00f3 su compromiso y apoyo a la pr\u00e1ctica del deporte entre los j\u00f3venes con el objetivo de fortalecer a los futuros grandes atletas de nuestro estado adem\u00e1s de que el CONADEMS agradeci\u00f3 al IDEA por su invaluable apoyo en la organizaci\u00f3n y realizaci\u00f3n de los Juegos Deportivos Estatales de la Educaci\u00f3n Media Superior (JUDENEMS).<\/p>\n<p>&nbsp;<\/p>\n<p>Finalmente, el Director General del IDEA, el L.E.F. Arturo Fern\u00e1ndes Estrada Felicit\u00f3 al nuevo delegado estatal por este importante logro agregando que con esto el Instituto del Deporte ahora estar\u00e1 m\u00e1s cerca de los j\u00f3venes hidroc\u00e1lidos.<\/p>\n","protected":false},"excerpt":{"rendered":"<p>#informativoelvalledeaguascalientes #novaradioaguascalientes #ElGiganteDeMexico &nbsp; Con gran entusiasmo el Instituto del Deporte del Estado de Aguascalientes, el Consejo Estatal del Deporte en la Educaci\u00f3n Media Superior en el Estado de Aguascalientes (COEDEMS) y el Consejo Nacional para el Desarrollo del Deporte en la Educaci\u00f3n Media Superior (CONADEMS) anunciaron al nuevo delegado estatal por decisi\u00f3n un\u00e1nime, siendo [&hellip;]<\/p>\n","protected":false},"author":1,"featured_media":47464,"comment_status":"closed","ping_status":"open","sticky":false,"template":"","format":"standard","meta":{"advanced_seo_description":"","jetpack_seo_html_title":"","jetpack_seo_noindex":false,"_jetpack_memberships_contains_paid_content":false,"footnotes":"","jetpack_publicize_message":"","jetpack_publicize_feature_enabled":true,"jetpack_social_post_already_shared":true,"jetpack_social_options":{"image_generator_settings":{"template":"highway","default_image_id":0,"font":"","enabled":false},"version":2}},"categories":[21,4],"tags":[22,615,113],"class_list":["post-47463","post","type-post","status-publish","format-standard","has-post-thumbnail","hentry","category-aguascalientes","category-gobierno-del-estado-aguascalientes","tag-aguascalientes","tag-gobierno-del-estado-de-aguascalientes","tag-idea"],"jetpack_publicize_connections":[],"jetpack_featured_media_url":"https:\/\/i0.wp.com\/informativoelvalledeaguascalientes.online\/wp-content\/uploads\/2023\/07\/idea-delegado-conadems.jpg?fit=1600%2C1345&ssl=1","jetpack-related-posts":[],"jetpack_sharing_enabled":true,"jetpack_likes_enabled":true,"_links":{"self":[{"href":"https:\/\/informativoelvalledeaguascalientes.online\/index.php?rest_route=\/wp\/v2\/posts\/47463","targetHints":{"allow":["GET"]}}],"collection":[{"href":"https:\/\/informativoelvalledeaguascalientes.online\/index.php?rest_route=\/wp\/v2\/posts"}],"about":[{"href":"https:\/\/informativoelvalledeaguascalientes.online\/index.php?rest_route=\/wp\/v2\/types\/post"}],"author":[{"embeddable":true,"href":"https:\/\/informativoelvalledeaguascalientes.online\/index.php?rest_route=\/wp\/v2\/users\/1"}],"replies":[{"embeddable":true,"href":"https:\/\/informativoelvalledeaguascalientes.online\/index.php?rest_route=%2Fwp%2Fv2%2Fcomments&post=47463"}],"version-history":[{"count":1,"href":"https:\/\/informativoelvalledeaguascalientes.online\/index.php?rest_route=\/wp\/v2\/posts\/47463\/revisions"}],"predecessor-version":[{"id":47465,"href":"https:\/\/informativoelvalledeaguascalientes.online\/index.php?rest_route=\/wp\/v2\/posts\/47463\/revisions\/47465"}],"wp:featuredmedia":[{"embeddable":true,"href":"https:\/\/informativoelvalledeaguascalientes.online\/index.php?rest_route=\/wp\/v2\/media\/47464"}],"wp:attachment":[{"href":"https:\/\/informativoelvalledeaguascalientes.online\/index.php?rest_route=%2Fwp%2Fv2%2Fmedia&parent=47463"}],"wp:term":[{"taxonomy":"category","embeddable":true,"href":"https:\/\/informativoelvalledeaguascalientes.online\/index.php?rest_route=%2Fwp%2Fv2%2Fcategories&post=47463"},{"taxonomy":"post_tag","embeddable":true,"href":"https:\/\/informativoelvalledeaguascalientes.online\/index.php?rest_route=%2Fwp%2Fv2%2Ftags&post=47463"}],"curies":[{"name":"wp","href":"https:\/\/api.w.org\/{rel}","templated":true}]}}