{"id":47373,"date":"2023-07-26T01:18:34","date_gmt":"2023-07-26T07:18:34","guid":{"rendered":"https:\/\/informativoelvalledeaguascalientes.online\/?p=47373"},"modified":"2023-07-26T01:18:34","modified_gmt":"2023-07-26T07:18:34","slug":"pone-en-marcha-tere-jimenez-programa-de-vivienda-para-policias-y-personal-de-emergencias","status":"publish","type":"post","link":"https:\/\/informativoelvalledeaguascalientes.online\/?p=47373","title":{"rendered":"PONE EN MARCHA TERE JIM\u00c9NEZ PROGRAMA DE VIVIENDA PARA POLIC\u00cdAS Y PERSONAL DE EMERGENCIAS"},"content":{"rendered":"<div id=\"bgLayers_comp-l7sjppch\" class=\"MW5IWV\" data-hook=\"bgLayers\">\n<div id=\"bgMedia_comp-l7sjppch\" class=\"VgO9Yg\"><\/div>\n<\/div>\n<div class=\"\" data-mesh-id=\"comp-l7sjppchinlineContent\" data-testid=\"inline-content\">\n<div data-mesh-id=\"comp-l7sjppchinlineContent-gridContainer\" data-testid=\"mesh-container-content\">\n<section id=\"comp-l7sh9ubq\" class=\"comp-l7sh9ubq CohWsy wixui-column-strip\">\n<div class=\"V5AUxf\" data-testid=\"columns\">\n<div id=\"comp-l7sh9ubr2\" class=\"comp-l7sh9ubr2 YzqVVZ wixui-column-strip__column\">\n<div class=\"\" data-mesh-id=\"comp-l7sh9ubr2inlineContent\" data-testid=\"inline-content\">\n<div data-mesh-id=\"comp-l7sh9ubr2inlineContent-gridContainer\" data-testid=\"mesh-container-content\">\n<div id=\"comp-l7sh9ubx\" class=\"TWFxr5\">\n<div class=\"comp-l7sh9ubx\">\n<div class=\"siSdJK4 comp-l7sh9ubx\" data-hook=\"ricosviewer-wrapper\">\n<div class=\"itVXy _8a1b4\" dir=\"ltr\" data-id=\"rich-content-viewer\">\n<div class=\"mhGZq\">\n<p id=\"viewer-foo\" class=\"xVISr Y9Dpf OZy-3 _40ACk public-DraftStyleDefault-block-depth0 fixed-tab-size public-DraftStyleDefault-text-ltr\"><span class=\"B2EFF public-DraftStyleDefault-ltr\"><strong><em>\u2022Quienes quieran adquirir su casa no pagar\u00e1n enganche y tendr\u00e1n pagos mensuales accesibles<\/em><\/strong><\/span><\/p>\n<p id=\"viewer-e2m5h133\" class=\"xVISr Y9Dpf OZy-3 _40ACk public-DraftStyleDefault-block-depth0 fixed-tab-size public-DraftStyleDefault-text-ltr\"><span class=\"B2EFF public-DraftStyleDefault-ltr\"><strong><em>\u2022Estas viviendas beneficiar\u00e1n a polic\u00edas, bomberos, param\u00e9dicos y personal de la Fiscal\u00eda, polic\u00edas de investigaci\u00f3n, peritos y ministerios p\u00fablicos<\/em><\/strong><\/span><\/p>\n<div id=\"viewer-883cp160\" class=\"xVISr Y9Dpf OZy-3 _40ACk public-DraftStyleDefault-block-depth0 fixed-tab-size public-DraftStyleDefault-text-ltr\"><span class=\"B2EFF public-DraftStyleDefault-ltr\">\u00a0<\/span><\/div>\n<p id=\"viewer-y9lqy135\" class=\"xVISr Y9Dpf OZy-3 _40ACk public-DraftStyleDefault-block-depth0 fixed-tab-size public-DraftStyleDefault-text-ltr\"><span class=\"B2EFF public-DraftStyleDefault-ltr\">En respuesta a su compromiso con quienes protegen y dan seguridad al estado, la gobernadora de Aguascalientes, Tere Jim\u00e9nez coloc\u00f3 la primera piedra para el arranque del programa de vivienda con el que las y los integrantes de las corporaciones policiacas y de emergencia podr\u00e1n contar con una casa propia.<\/span><\/p>\n<div id=\"viewer-i6ve1189\" class=\"xVISr Y9Dpf OZy-3 _40ACk public-DraftStyleDefault-block-depth0 fixed-tab-size public-DraftStyleDefault-text-ltr\"><span class=\"B2EFF public-DraftStyleDefault-ltr\">\u00a0<\/span><\/div>\n<p id=\"viewer-wpj3h137\" class=\"xVISr Y9Dpf OZy-3 _40ACk public-DraftStyleDefault-block-depth0 fixed-tab-size public-DraftStyleDefault-text-ltr\"><span class=\"B2EFF public-DraftStyleDefault-ltr\">\u201cHoy es un d\u00eda importante para Aguascalientes porque despu\u00e9s de 13 a\u00f1os sin acceso a vivienda, hoy es una realidad que se les entregar\u00e1 a nuestros polic\u00edas una casa digna, un hogar, porque como se los promet\u00ed, les vamos a dar las mejores condiciones laborales para que ustedes y sus familias tengan una mejor calidad de vida\u201d, dijo la gobernadora.<\/span><\/p>\n<div id=\"viewer-ux34r200\" class=\"xVISr Y9Dpf OZy-3 _40ACk public-DraftStyleDefault-block-depth0 fixed-tab-size public-DraftStyleDefault-text-ltr\"><span class=\"B2EFF public-DraftStyleDefault-ltr\">\u00a0<\/span><\/div>\n<p id=\"viewer-3f3qg139\" class=\"xVISr Y9Dpf OZy-3 _40ACk public-DraftStyleDefault-block-depth0 fixed-tab-size public-DraftStyleDefault-text-ltr\"><span class=\"B2EFF public-DraftStyleDefault-ltr\">A\u00f1adi\u00f3 que continuar\u00e1n los bonos al polic\u00eda del mes, actuaci\u00f3n y hero\u00edsmo; as\u00ed como la homologaci\u00f3n salarial y las becas para que ellos o sus hijos estudien en las mejores universidades.<\/span><\/p>\n<div id=\"viewer-fvwe8211\" class=\"xVISr Y9Dpf OZy-3 _40ACk public-DraftStyleDefault-block-depth0 fixed-tab-size public-DraftStyleDefault-text-ltr\"><span class=\"B2EFF public-DraftStyleDefault-ltr\">\u00a0<\/span><\/div>\n<p id=\"viewer-vpbsg141\" class=\"xVISr Y9Dpf OZy-3 _40ACk public-DraftStyleDefault-block-depth0 fixed-tab-size public-DraftStyleDefault-text-ltr\"><span class=\"B2EFF public-DraftStyleDefault-ltr\">Por su parte, la directora del Instituto de Vivienda Social y Ordenamiento de la Propiedad (IVSOP), Claudia Gabriela Caudel de Luna, inform\u00f3 que quienes quieran adquirir su casa no pagar\u00e1n enganche y tendr\u00e1n pagos mensuales accesibles.<\/span><\/p>\n<div id=\"viewer-5doz7222\" class=\"xVISr Y9Dpf OZy-3 _40ACk public-DraftStyleDefault-block-depth0 fixed-tab-size public-DraftStyleDefault-text-ltr\"><span class=\"B2EFF public-DraftStyleDefault-ltr\">\u00a0<\/span><\/div>\n<p id=\"viewer-ix06x143\" class=\"xVISr Y9Dpf OZy-3 _40ACk public-DraftStyleDefault-block-depth0 fixed-tab-size public-DraftStyleDefault-text-ltr\"><span class=\"B2EFF public-DraftStyleDefault-ltr\">Al hacer uso de la voz, Manuel Alonso Garc\u00eda, secretario de Seguridad P\u00fablica del Estado, se dijo entusiasmado y agradecido con la gobernadora, ya que estas viviendas beneficiar\u00e1n a polic\u00edas, bomberos, param\u00e9dicos y personal de la Fiscal\u00eda, polic\u00edas de investigaci\u00f3n, peritos y ministerios p\u00fablicos, quienes est\u00e1n comprometidos con la seguridad del estado y su gente.<\/span><\/p>\n<div id=\"viewer-ur1e2233\" class=\"xVISr Y9Dpf OZy-3 _40ACk public-DraftStyleDefault-block-depth0 fixed-tab-size public-DraftStyleDefault-text-ltr\"><span class=\"B2EFF public-DraftStyleDefault-ltr\">\u00a0<\/span><\/div>\n<p id=\"viewer-czb0r145\" class=\"xVISr Y9Dpf OZy-3 _40ACk public-DraftStyleDefault-block-depth0 fixed-tab-size public-DraftStyleDefault-text-ltr\"><span class=\"B2EFF public-DraftStyleDefault-ltr\">\u201cUstedes necesitaban mejores prestaciones porque est\u00e1n comprometidos con la seguridad de la ciudadan\u00eda, por ello la administraci\u00f3n estatal ha buscado ver por ustedes y sus familias; hoy esta primera piedra es hist\u00f3rica, pues en muchas partes los polic\u00edas no tienen este beneficio&#8221;.<\/span><\/p>\n<div id=\"viewer-rq0eo244\" class=\"xVISr Y9Dpf OZy-3 _40ACk public-DraftStyleDefault-block-depth0 fixed-tab-size public-DraftStyleDefault-text-ltr\"><span class=\"B2EFF public-DraftStyleDefault-ltr\">\u00a0<\/span><\/div>\n<p id=\"viewer-llwdn147\" class=\"xVISr Y9Dpf OZy-3 _40ACk public-DraftStyleDefault-block-depth0 fixed-tab-size public-DraftStyleDefault-text-ltr\"><span class=\"B2EFF public-DraftStyleDefault-ltr\">En el evento estuvieron presentes el senador Antonio Mart\u00edn del Campo; Paulo Gonzalo Mart\u00ednez L\u00f3pez, diputado federal; Alma Hilda Medina Mac\u00edas, presidenta de la Mesa Directiva del H. Congreso del Estado; Jes\u00fas Figueroa Ortega, fiscal general del estado; Gladys Ram\u00edrez Aguilar, presidenta de la Comisi\u00f3n de Reglamentos y Pr\u00e1cticas Parlamentarias; Cuauht\u00e9moc Escobedo Tejada, presidente de la Comisi\u00f3n de Fortalecimiento Municipal, Desarrollo Metropolitano y Zonas Conurbadas; Carolina L\u00f3pez L\u00f3pez, secretaria de Obras P\u00fablicas y Antonio Mart\u00ednez Romo, secretario de Seguridad P\u00fablica Municipal.<\/span><\/p>\n<\/div>\n<\/div>\n<\/div>\n<\/div>\n<\/div>\n<\/div>\n<\/div>\n<\/div>\n<\/div>\n<\/section>\n<\/div>\n<\/div>\n","protected":false},"excerpt":{"rendered":"<p>\u2022Quienes quieran adquirir su casa no pagar\u00e1n enganche y tendr\u00e1n pagos mensuales accesibles \u2022Estas viviendas beneficiar\u00e1n a polic\u00edas, bomberos, param\u00e9dicos y personal de la Fiscal\u00eda, polic\u00edas de investigaci\u00f3n, peritos y ministerios p\u00fablicos \u00a0 En respuesta a su compromiso con quienes protegen y dan seguridad al estado, la gobernadora de Aguascalientes, Tere Jim\u00e9nez coloc\u00f3 la primera [&hellip;]<\/p>\n","protected":false},"author":1,"featured_media":47374,"comment_status":"closed","ping_status":"open","sticky":false,"template":"","format":"standard","meta":{"advanced_seo_description":"","jetpack_seo_html_title":"","jetpack_seo_noindex":false,"_jetpack_memberships_contains_paid_content":false,"footnotes":"","jetpack_publicize_message":"","jetpack_publicize_feature_enabled":true,"jetpack_social_post_already_shared":true,"jetpack_social_options":{"image_generator_settings":{"template":"highway","default_image_id":0,"font":"","enabled":false},"version":2}},"categories":[21,4],"tags":[22,615,122,320],"class_list":["post-47373","post","type-post","status-publish","format-standard","has-post-thumbnail","hentry","category-aguascalientes","category-gobierno-del-estado-aguascalientes","tag-aguascalientes","tag-gobierno-del-estado-de-aguascalientes","tag-sspe-aguascalientes","tag-tere-jimenez"],"jetpack_publicize_connections":[],"jetpack_featured_media_url":"https:\/\/i0.wp.com\/informativoelvalledeaguascalientes.online\/wp-content\/uploads\/2023\/07\/1.jpg?fit=2092%2C1395&ssl=1","jetpack-related-posts":[],"jetpack_sharing_enabled":true,"jetpack_likes_enabled":true,"_links":{"self":[{"href":"https:\/\/informativoelvalledeaguascalientes.online\/index.php?rest_route=\/wp\/v2\/posts\/47373","targetHints":{"allow":["GET"]}}],"collection":[{"href":"https:\/\/informativoelvalledeaguascalientes.online\/index.php?rest_route=\/wp\/v2\/posts"}],"about":[{"href":"https:\/\/informativoelvalledeaguascalientes.online\/index.php?rest_route=\/wp\/v2\/types\/post"}],"author":[{"embeddable":true,"href":"https:\/\/informativoelvalledeaguascalientes.online\/index.php?rest_route=\/wp\/v2\/users\/1"}],"replies":[{"embeddable":true,"href":"https:\/\/informativoelvalledeaguascalientes.online\/index.php?rest_route=%2Fwp%2Fv2%2Fcomments&post=47373"}],"version-history":[{"count":1,"href":"https:\/\/informativoelvalledeaguascalientes.online\/index.php?rest_route=\/wp\/v2\/posts\/47373\/revisions"}],"predecessor-version":[{"id":47375,"href":"https:\/\/informativoelvalledeaguascalientes.online\/index.php?rest_route=\/wp\/v2\/posts\/47373\/revisions\/47375"}],"wp:featuredmedia":[{"embeddable":true,"href":"https:\/\/informativoelvalledeaguascalientes.online\/index.php?rest_route=\/wp\/v2\/media\/47374"}],"wp:attachment":[{"href":"https:\/\/informativoelvalledeaguascalientes.online\/index.php?rest_route=%2Fwp%2Fv2%2Fmedia&parent=47373"}],"wp:term":[{"taxonomy":"category","embeddable":true,"href":"https:\/\/informativoelvalledeaguascalientes.online\/index.php?rest_route=%2Fwp%2Fv2%2Fcategories&post=47373"},{"taxonomy":"post_tag","embeddable":true,"href":"https:\/\/informativoelvalledeaguascalientes.online\/index.php?rest_route=%2Fwp%2Fv2%2Ftags&post=47373"}],"curies":[{"name":"wp","href":"https:\/\/api.w.org\/{rel}","templated":true}]}}