{"id":47370,"date":"2023-07-26T01:03:14","date_gmt":"2023-07-26T07:03:14","guid":{"rendered":"https:\/\/informativoelvalledeaguascalientes.online\/?p=47370"},"modified":"2023-07-26T01:03:14","modified_gmt":"2023-07-26T07:03:14","slug":"dif-estatal-entrega-aparatos-auditivos-y-sillas-de-ruedas-a-personas-con-discapacidad","status":"publish","type":"post","link":"https:\/\/informativoelvalledeaguascalientes.online\/?p=47370","title":{"rendered":"DIF ESTATAL ENTREGA APARATOS AUDITIVOS Y SILLAS DE RUEDAS A PERSONAS CON DISCAPACIDAD"},"content":{"rendered":"<div id=\"bgLayers_comp-l7sh9ubr2\" class=\"MW5IWV\" data-hook=\"bgLayers\">\n<div id=\"bgMedia_comp-l7sh9ubr2\" class=\"VgO9Yg\">\n<p><strong><a href=\"https:\/\/www.facebook.com\/hashtag\/informativoelvalledeaguascalientes\">#informativoelvalledeaguascalientes<\/a><\/strong><\/p>\n<p><strong><a href=\"https:\/\/www.facebook.com\/hashtag\/novaradioaguascalientes\">#novaradioaguascalientes<\/a><\/strong><\/p>\n<p><strong><a href=\"https:\/\/www.facebook.com\/GobiernodeAguascalientes\">#ElGiganteDeMexico<\/a><\/strong><\/p>\n<\/div>\n<\/div>\n<div class=\"\" data-mesh-id=\"comp-l7sh9ubr2inlineContent\" data-testid=\"inline-content\">\n<div data-mesh-id=\"comp-l7sh9ubr2inlineContent-gridContainer\" data-testid=\"mesh-container-content\">\n<div id=\"comp-l7sh9ubx\" class=\"TWFxr5\">\n<div class=\"comp-l7sh9ubx\">\n<div class=\"siSdJK4 comp-l7sh9ubx\" data-hook=\"ricosviewer-wrapper\">\n<div class=\"itVXy _8a1b4\" dir=\"ltr\" data-id=\"rich-content-viewer\">\n<div class=\"mhGZq\">\n<p id=\"viewer-foo\" class=\"xVISr Y9Dpf OZy-3 _40ACk public-DraftStyleDefault-block-depth0 fixed-tab-size public-DraftStyleDefault-text-ltr\"><span class=\"B2EFF public-DraftStyleDefault-ltr\">La presidenta del Sistema para el Desarrollo Integral de la Familia del Estado de Aguascalientes (DIF Estatal), Aurora Jim\u00e9nez Esquivel, entreg\u00f3 228 aparatos auditivos, 50 sillas de ruedas y otros beneficios a personas con discapacidad.<\/span><\/p>\n<p id=\"viewer-sei0m128\" class=\"xVISr Y9Dpf OZy-3 _40ACk public-DraftStyleDefault-block-depth0 fixed-tab-size public-DraftStyleDefault-text-ltr\"><span class=\"B2EFF public-DraftStyleDefault-ltr\">\u00a0<\/span><\/p>\n<p id=\"viewer-q8m1y130\" class=\"xVISr Y9Dpf OZy-3 _40ACk public-DraftStyleDefault-block-depth0 fixed-tab-size public-DraftStyleDefault-text-ltr\"><span class=\"B2EFF public-DraftStyleDefault-ltr\">En su mensaje, la primera voluntaria de esta instituci\u00f3n destac\u00f3 que para la gobernadora Tere Jim\u00e9nez es una prioridad en su administraci\u00f3n apoyar a las personas con discapacidad, sobre todo en un rubro tan importante como la salud, con el objetivo de mejorar sus condiciones de vida.<\/span><\/p>\n<p id=\"viewer-8obcp132\" class=\"xVISr Y9Dpf OZy-3 _40ACk public-DraftStyleDefault-block-depth0 fixed-tab-size public-DraftStyleDefault-text-ltr\"><span class=\"B2EFF public-DraftStyleDefault-ltr\">\u00a0<\/span><\/p>\n<p id=\"viewer-5mik8134\" class=\"xVISr Y9Dpf OZy-3 _40ACk public-DraftStyleDefault-block-depth0 fixed-tab-size public-DraftStyleDefault-text-ltr\"><span class=\"B2EFF public-DraftStyleDefault-ltr\">Jim\u00e9nez Esquivel mencion\u00f3 que a trav\u00e9s de la Direcci\u00f3n de Gesti\u00f3n Social, la gente con discapacidad auditiva tendr\u00e1 la posibilidad de mejorar su audici\u00f3n para percibir el mundo que la rodea, as\u00ed podr\u00e1 interactuar con otras personas y no aislarse por no escuchar.<\/span><\/p>\n<p id=\"viewer-e1byy136\" class=\"xVISr Y9Dpf OZy-3 _40ACk public-DraftStyleDefault-block-depth0 fixed-tab-size public-DraftStyleDefault-text-ltr\"><span class=\"B2EFF public-DraftStyleDefault-ltr\">\u00a0<\/span><\/p>\n<p id=\"viewer-3e39d138\" class=\"xVISr Y9Dpf OZy-3 _40ACk public-DraftStyleDefault-block-depth0 fixed-tab-size public-DraftStyleDefault-text-ltr\"><span class=\"B2EFF public-DraftStyleDefault-ltr\">De igual manera, coment\u00f3 que las sillas de ruedas facilitar\u00e1n la movilidad de las personas con discapacidad motriz, pues ahora ser\u00e1n m\u00e1s independientes para realizar sus actividades cotidianas.<\/span><\/p>\n<p id=\"viewer-sdy3g140\" class=\"xVISr Y9Dpf OZy-3 _40ACk public-DraftStyleDefault-block-depth0 fixed-tab-size public-DraftStyleDefault-text-ltr\"><span class=\"B2EFF public-DraftStyleDefault-ltr\">\u00a0<\/span><\/p>\n<p id=\"viewer-3stl1142\" class=\"xVISr Y9Dpf OZy-3 _40ACk public-DraftStyleDefault-block-depth0 fixed-tab-size public-DraftStyleDefault-text-ltr\"><span class=\"B2EFF public-DraftStyleDefault-ltr\">Por su parte, la directora general del Sistema DIF Estatal, Rita Ver\u00f3nica Cruz Medina, mencion\u00f3 que seg\u00fan datos del Instituto Nacional de Estad\u00edstica y Geograf\u00eda (INEGI) sobre el Censo de Poblaci\u00f3n y Vivienda 2020, el 18.2 por ciento de la poblaci\u00f3n en el estado tiene dificultad para escuchar.<\/span><\/p>\n<p id=\"viewer-llxk4144\" class=\"xVISr Y9Dpf OZy-3 _40ACk public-DraftStyleDefault-block-depth0 fixed-tab-size public-DraftStyleDefault-text-ltr\"><span class=\"B2EFF public-DraftStyleDefault-ltr\">\u00a0\u00a0<\/span><\/p>\n<p id=\"viewer-ycrcj146\" class=\"xVISr Y9Dpf OZy-3 _40ACk public-DraftStyleDefault-block-depth0 fixed-tab-size public-DraftStyleDefault-text-ltr\"><span class=\"B2EFF public-DraftStyleDefault-ltr\">En este sentido, la directora del \u00e1rea de Gesti\u00f3n Social del DIF Estatal, Cecilia Valdivia Rivera, afirm\u00f3 la importancia de invertir en la salud de la gente para que pueda vivir mejor.\u00a0<\/span><\/p>\n<div id=\"viewer-276en148\" class=\"xVISr Y9Dpf OZy-3 _40ACk public-DraftStyleDefault-block-depth0 fixed-tab-size public-DraftStyleDefault-text-ltr\"><span class=\"B2EFF public-DraftStyleDefault-ltr\">\u00a0<\/span><\/div>\n<p id=\"viewer-49cgu149\" class=\"xVISr Y9Dpf OZy-3 _40ACk public-DraftStyleDefault-block-depth0 fixed-tab-size public-DraftStyleDefault-text-ltr\"><span class=\"B2EFF public-DraftStyleDefault-ltr\">Para finalizar, Aurora Jim\u00e9nez Esquivel agradeci\u00f3 la ardua labor del equipo de Gesti\u00f3n Social del DIF Estatal, y asegur\u00f3 que esta instituci\u00f3n seguir\u00e1 trabajando y mejorando d\u00eda con d\u00eda por el bienestar de las familias de Aguascalientes; asimismo, resalt\u00f3 la importancia de continuar otorgando apoyos para fortalecer la inclusi\u00f3n de las personas a la vida cotidiana, social, escolar y laboral.\u00a0<\/span><\/p>\n<\/div>\n<\/div>\n<\/div>\n<\/div>\n<\/div>\n<\/div>\n<\/div>\n","protected":false},"excerpt":{"rendered":"<p>#informativoelvalledeaguascalientes #novaradioaguascalientes #ElGiganteDeMexico La presidenta del Sistema para el Desarrollo Integral de la Familia del Estado de Aguascalientes (DIF Estatal), Aurora Jim\u00e9nez Esquivel, entreg\u00f3 228 aparatos auditivos, 50 sillas de ruedas y otros beneficios a personas con discapacidad. \u00a0 En su mensaje, la primera voluntaria de esta instituci\u00f3n destac\u00f3 que para la gobernadora Tere Jim\u00e9nez [&hellip;]<\/p>\n","protected":false},"author":1,"featured_media":47371,"comment_status":"closed","ping_status":"open","sticky":false,"template":"","format":"standard","meta":{"advanced_seo_description":"","jetpack_seo_html_title":"","jetpack_seo_noindex":false,"_jetpack_memberships_contains_paid_content":false,"footnotes":"","jetpack_publicize_message":"","jetpack_publicize_feature_enabled":true,"jetpack_social_post_already_shared":true,"jetpack_social_options":{"image_generator_settings":{"template":"highway","default_image_id":0,"font":"","enabled":false},"version":2}},"categories":[21,4],"tags":[22,65,615],"class_list":["post-47370","post","type-post","status-publish","format-standard","has-post-thumbnail","hentry","category-aguascalientes","category-gobierno-del-estado-aguascalientes","tag-aguascalientes","tag-dif-estatal-aguascalientes","tag-gobierno-del-estado-de-aguascalientes"],"jetpack_publicize_connections":[],"jetpack_featured_media_url":"https:\/\/i0.wp.com\/informativoelvalledeaguascalientes.online\/wp-content\/uploads\/2023\/07\/2.JPG-scaled.jpg?fit=2560%2C1707&ssl=1","jetpack-related-posts":[],"jetpack_sharing_enabled":true,"jetpack_likes_enabled":true,"_links":{"self":[{"href":"https:\/\/informativoelvalledeaguascalientes.online\/index.php?rest_route=\/wp\/v2\/posts\/47370","targetHints":{"allow":["GET"]}}],"collection":[{"href":"https:\/\/informativoelvalledeaguascalientes.online\/index.php?rest_route=\/wp\/v2\/posts"}],"about":[{"href":"https:\/\/informativoelvalledeaguascalientes.online\/index.php?rest_route=\/wp\/v2\/types\/post"}],"author":[{"embeddable":true,"href":"https:\/\/informativoelvalledeaguascalientes.online\/index.php?rest_route=\/wp\/v2\/users\/1"}],"replies":[{"embeddable":true,"href":"https:\/\/informativoelvalledeaguascalientes.online\/index.php?rest_route=%2Fwp%2Fv2%2Fcomments&post=47370"}],"version-history":[{"count":1,"href":"https:\/\/informativoelvalledeaguascalientes.online\/index.php?rest_route=\/wp\/v2\/posts\/47370\/revisions"}],"predecessor-version":[{"id":47372,"href":"https:\/\/informativoelvalledeaguascalientes.online\/index.php?rest_route=\/wp\/v2\/posts\/47370\/revisions\/47372"}],"wp:featuredmedia":[{"embeddable":true,"href":"https:\/\/informativoelvalledeaguascalientes.online\/index.php?rest_route=\/wp\/v2\/media\/47371"}],"wp:attachment":[{"href":"https:\/\/informativoelvalledeaguascalientes.online\/index.php?rest_route=%2Fwp%2Fv2%2Fmedia&parent=47370"}],"wp:term":[{"taxonomy":"category","embeddable":true,"href":"https:\/\/informativoelvalledeaguascalientes.online\/index.php?rest_route=%2Fwp%2Fv2%2Fcategories&post=47370"},{"taxonomy":"post_tag","embeddable":true,"href":"https:\/\/informativoelvalledeaguascalientes.online\/index.php?rest_route=%2Fwp%2Fv2%2Ftags&post=47370"}],"curies":[{"name":"wp","href":"https:\/\/api.w.org\/{rel}","templated":true}]}}