{"id":47364,"date":"2023-07-26T00:47:15","date_gmt":"2023-07-26T06:47:15","guid":{"rendered":"https:\/\/informativoelvalledeaguascalientes.online\/?p=47364"},"modified":"2023-07-26T00:47:15","modified_gmt":"2023-07-26T06:47:15","slug":"congreso-de-aguascalientes-avalo-reformas-para-fortalecer-el-acceso-a-la-educacion","status":"publish","type":"post","link":"https:\/\/informativoelvalledeaguascalientes.online\/?p=47364","title":{"rendered":"CONGRESO DE AGUASCALIENTES AVAL\u00d3 REFORMAS PARA FORTALECER EL ACCESO A LA EDUCACI\u00d3N \u00a0"},"content":{"rendered":"<p><strong><a href=\"https:\/\/www.facebook.com\/hashtag\/informativoelvalledeaguascalientes\">#informativoelvalledeaguascalientes<\/a><\/strong><\/p>\n<p><strong><a href=\"https:\/\/www.facebook.com\/hashtag\/novaradioaguascalientes\">#novaradioaguascalientes<\/a><\/strong><\/p>\n<p>&nbsp;<\/p>\n<p>En sesi\u00f3n de la Comisi\u00f3n de Educaci\u00f3n y Cultura de la LXV Legislatura del Congreso de Aguascalientes que preside el diputado Ra\u00fal Silva Perezchica, y que en esta ocasi\u00f3n integraron la legisladora Ver\u00f3nica Romo y el congresista Cuauht\u00e9moc Escobedo; se avalaron reformas a la Ley de Educaci\u00f3n del Estado, con el objeto de fortalecer el acceso a la educaci\u00f3n.<\/p>\n<p>&nbsp;<\/p>\n<p>Como primer punto del orden del d\u00eda, se aprob\u00f3 la iniciativa que reforma algunas disposiciones a los art\u00edculos 2, 4, 9, 18, 21, 25, 60, 79, 80, 82, 84, 85, 86, 93, 100, 123, 125, 126, 128, 130 y 137 de la Ley de Educaci\u00f3n del Estado de Aguascalientes, presentada por la diputada Gladys Ram\u00edrez, integrante del Grupo Parlamentario del Partido Acci\u00f3n Nacional.<\/p>\n<p>&nbsp;<\/p>\n<p>El objeto de la iniciativa consiste en reformar diversos art\u00edculos de la Ley de Educaci\u00f3n Local, a efecto de considerar adem\u00e1s de a las madres y padres de familia, a tutores o quienes ejerzan la patria potestad como aquellos que deben cumplir con determinadas obligaciones y compromisos para abonar a la educaci\u00f3n integral de sus hijas e hijos.<\/p>\n<p>&nbsp;<\/p>\n<p>Con esta acci\u00f3n, se dotar\u00e1 de las mismas responsabilidades a las personas que ejercen la patria potestad, con el prop\u00f3sito de alcanzar el objetivo de la educaci\u00f3n, adem\u00e1s de brindar certeza y seguridad jur\u00eddica a las ni\u00f1as, ni\u00f1os y adolescentes asegurando sus derechos de acuerdo al inter\u00e9s superior de la ni\u00f1ez.<\/p>\n<p>&nbsp;<\/p>\n<p>En otro orden de ideas, se aval\u00f3 la iniciativa de reforma a los art\u00edculos 144 y 145 de la Ley de Educaci\u00f3n del Estado de Aguascalientes, presentada por el diputado del PAN Francisco S\u00e1nchez Esparza.<\/p>\n<p>&nbsp;<\/p>\n<p>El objeto de la iniciativa consiste en infraccionar a quienes presten servicios educativos que expulsen o condicionen la inscripci\u00f3n al servicio educativo a los educandos que no cuenten con su CURP o cualquier otro documento administrativo.<\/p>\n<p>&nbsp;<\/p>\n<p>Con ello, se establece la obligaci\u00f3n de facilitar el acceso a la educaci\u00f3n b\u00e1sica y media superior, sin importar la ausencia de documentos acad\u00e9micos o de identidad, satisfaciendo el derecho a recibir educaci\u00f3n, adem\u00e1s de proponer soluciones que faciliten la obtenci\u00f3n de dichos documentos.<\/p>\n<p>&nbsp;<\/p>\n<p>Finalmente, ambos dict\u00e1menes aprobados fueron canalizados a la Junta de Coordinaci\u00f3n Pol\u00edtica (JUCOPO), para su tr\u00e1mite correspondiente<\/p>\n","protected":false},"excerpt":{"rendered":"<p>#informativoelvalledeaguascalientes #novaradioaguascalientes &nbsp; En sesi\u00f3n de la Comisi\u00f3n de Educaci\u00f3n y Cultura de la LXV Legislatura del Congreso de Aguascalientes que preside el diputado Ra\u00fal Silva Perezchica, y que en esta ocasi\u00f3n integraron la legisladora Ver\u00f3nica Romo y el congresista Cuauht\u00e9moc Escobedo; se avalaron reformas a la Ley de Educaci\u00f3n del Estado, con el objeto [&hellip;]<\/p>\n","protected":false},"author":1,"featured_media":47365,"comment_status":"closed","ping_status":"open","sticky":false,"template":"","format":"standard","meta":{"advanced_seo_description":"","jetpack_seo_html_title":"","jetpack_seo_noindex":false,"_jetpack_memberships_contains_paid_content":false,"footnotes":"","jetpack_publicize_message":"","jetpack_publicize_feature_enabled":true,"jetpack_social_post_already_shared":true,"jetpack_social_options":{"image_generator_settings":{"template":"highway","default_image_id":0,"font":"","enabled":false},"version":2}},"categories":[21,5],"tags":[22,520],"class_list":["post-47364","post","type-post","status-publish","format-standard","has-post-thumbnail","hentry","category-aguascalientes","category-h-congreso-del-estado-aguascalientes","tag-aguascalientes","tag-lxv-legislatura-aguascalientes"],"jetpack_publicize_connections":[],"jetpack_featured_media_url":"https:\/\/i0.wp.com\/informativoelvalledeaguascalientes.online\/wp-content\/uploads\/2023\/07\/DSC_4845.jpg?fit=852%2C568&ssl=1","jetpack-related-posts":[],"jetpack_sharing_enabled":true,"jetpack_likes_enabled":true,"_links":{"self":[{"href":"https:\/\/informativoelvalledeaguascalientes.online\/index.php?rest_route=\/wp\/v2\/posts\/47364","targetHints":{"allow":["GET"]}}],"collection":[{"href":"https:\/\/informativoelvalledeaguascalientes.online\/index.php?rest_route=\/wp\/v2\/posts"}],"about":[{"href":"https:\/\/informativoelvalledeaguascalientes.online\/index.php?rest_route=\/wp\/v2\/types\/post"}],"author":[{"embeddable":true,"href":"https:\/\/informativoelvalledeaguascalientes.online\/index.php?rest_route=\/wp\/v2\/users\/1"}],"replies":[{"embeddable":true,"href":"https:\/\/informativoelvalledeaguascalientes.online\/index.php?rest_route=%2Fwp%2Fv2%2Fcomments&post=47364"}],"version-history":[{"count":1,"href":"https:\/\/informativoelvalledeaguascalientes.online\/index.php?rest_route=\/wp\/v2\/posts\/47364\/revisions"}],"predecessor-version":[{"id":47366,"href":"https:\/\/informativoelvalledeaguascalientes.online\/index.php?rest_route=\/wp\/v2\/posts\/47364\/revisions\/47366"}],"wp:featuredmedia":[{"embeddable":true,"href":"https:\/\/informativoelvalledeaguascalientes.online\/index.php?rest_route=\/wp\/v2\/media\/47365"}],"wp:attachment":[{"href":"https:\/\/informativoelvalledeaguascalientes.online\/index.php?rest_route=%2Fwp%2Fv2%2Fmedia&parent=47364"}],"wp:term":[{"taxonomy":"category","embeddable":true,"href":"https:\/\/informativoelvalledeaguascalientes.online\/index.php?rest_route=%2Fwp%2Fv2%2Fcategories&post=47364"},{"taxonomy":"post_tag","embeddable":true,"href":"https:\/\/informativoelvalledeaguascalientes.online\/index.php?rest_route=%2Fwp%2Fv2%2Ftags&post=47364"}],"curies":[{"name":"wp","href":"https:\/\/api.w.org\/{rel}","templated":true}]}}