{"id":47361,"date":"2023-07-26T00:25:48","date_gmt":"2023-07-26T06:25:48","guid":{"rendered":"https:\/\/informativoelvalledeaguascalientes.online\/?p=47361"},"modified":"2023-07-26T00:25:48","modified_gmt":"2023-07-26T06:25:48","slug":"diputada-san-juana-martinez-rindio-protesta-de-ley-como-nueva-integrante-de-la-comision-de-reglamentos-y-practicas-parlamentarias","status":"publish","type":"post","link":"https:\/\/informativoelvalledeaguascalientes.online\/?p=47361","title":{"rendered":"DIPUTADA SAN JUANA MART\u00cdNEZ RINDI\u00d3 PROTESTA DE LEY COMO NUEVA INTEGRANTE DE LA COMISI\u00d3N DE REGLAMENTOS Y PR\u00c1CTICAS PARLAMENTARIAS"},"content":{"rendered":"<p><strong><a href=\"https:\/\/www.facebook.com\/hashtag\/informativoelvalledeaguascalientes\">#informativoelvalledeaguascalientes<\/a><\/strong><\/p>\n<p><strong><a href=\"https:\/\/www.facebook.com\/hashtag\/novaradioaguascalientes\">#novaradioaguascalientes<\/a><\/strong><\/p>\n<p>En sesi\u00f3n ordinaria, la Comisi\u00f3n de Reglamentos y Pr\u00e1cticas Parlamentarias de la LXV Legislatura del Congreso de Aguascalientes que preside la diputada Gladys Ram\u00edrez, rindi\u00f3 protesta de ley la diputada San Juana Mart\u00ednez como nueva integrante de este \u00f3rgano legislativo.<\/p>\n<p>&nbsp;<\/p>\n<p>De igual manera, dieron entrada a diversos asuntos, los cuales son analizados con miras a fortalecer la operatividad del quehacer legislativo y contar con un marco jur\u00eddico que se traduzca en el mejoramiento del proceso para formular reformas o generar nuevas leyes.<\/p>\n<p>&nbsp;<\/p>\n<p>Adem\u00e1s de las ya mencionadas, en esta reuni\u00f3n que tuvo verificativo en el sal\u00f3n Aquiles Elourduy Garc\u00eda del Poder Legislativo, se cont\u00f3 con la presencia de las diputadas Ver\u00f3nica Romo S\u00e1nchez, Leslie Figueroa, Genny L\u00f3pez y del legislador Emanuelle S\u00e1nchez N\u00e1jera.<\/p>\n<p>&nbsp;<\/p>\n","protected":false},"excerpt":{"rendered":"<p>#informativoelvalledeaguascalientes #novaradioaguascalientes En sesi\u00f3n ordinaria, la Comisi\u00f3n de Reglamentos y Pr\u00e1cticas Parlamentarias de la LXV Legislatura del Congreso de Aguascalientes que preside la diputada Gladys Ram\u00edrez, rindi\u00f3 protesta de ley la diputada San Juana Mart\u00ednez como nueva integrante de este \u00f3rgano legislativo. &nbsp; De igual manera, dieron entrada a diversos asuntos, los cuales son analizados [&hellip;]<\/p>\n","protected":false},"author":1,"featured_media":47362,"comment_status":"closed","ping_status":"open","sticky":false,"template":"","format":"standard","meta":{"advanced_seo_description":"","jetpack_seo_html_title":"","jetpack_seo_noindex":false,"_jetpack_memberships_contains_paid_content":false,"footnotes":"","jetpack_publicize_message":"","jetpack_publicize_feature_enabled":true,"jetpack_social_post_already_shared":true,"jetpack_social_options":{"image_generator_settings":{"template":"highway","default_image_id":0,"font":"","enabled":false},"version":2}},"categories":[21,5],"tags":[22,520],"class_list":["post-47361","post","type-post","status-publish","format-standard","has-post-thumbnail","hentry","category-aguascalientes","category-h-congreso-del-estado-aguascalientes","tag-aguascalientes","tag-lxv-legislatura-aguascalientes"],"jetpack_publicize_connections":[],"jetpack_featured_media_url":"https:\/\/i0.wp.com\/informativoelvalledeaguascalientes.online\/wp-content\/uploads\/2023\/07\/DSC_4685-scaled.jpg?fit=2560%2C1706&ssl=1","jetpack-related-posts":[],"jetpack_sharing_enabled":true,"jetpack_likes_enabled":true,"_links":{"self":[{"href":"https:\/\/informativoelvalledeaguascalientes.online\/index.php?rest_route=\/wp\/v2\/posts\/47361","targetHints":{"allow":["GET"]}}],"collection":[{"href":"https:\/\/informativoelvalledeaguascalientes.online\/index.php?rest_route=\/wp\/v2\/posts"}],"about":[{"href":"https:\/\/informativoelvalledeaguascalientes.online\/index.php?rest_route=\/wp\/v2\/types\/post"}],"author":[{"embeddable":true,"href":"https:\/\/informativoelvalledeaguascalientes.online\/index.php?rest_route=\/wp\/v2\/users\/1"}],"replies":[{"embeddable":true,"href":"https:\/\/informativoelvalledeaguascalientes.online\/index.php?rest_route=%2Fwp%2Fv2%2Fcomments&post=47361"}],"version-history":[{"count":1,"href":"https:\/\/informativoelvalledeaguascalientes.online\/index.php?rest_route=\/wp\/v2\/posts\/47361\/revisions"}],"predecessor-version":[{"id":47363,"href":"https:\/\/informativoelvalledeaguascalientes.online\/index.php?rest_route=\/wp\/v2\/posts\/47361\/revisions\/47363"}],"wp:featuredmedia":[{"embeddable":true,"href":"https:\/\/informativoelvalledeaguascalientes.online\/index.php?rest_route=\/wp\/v2\/media\/47362"}],"wp:attachment":[{"href":"https:\/\/informativoelvalledeaguascalientes.online\/index.php?rest_route=%2Fwp%2Fv2%2Fmedia&parent=47361"}],"wp:term":[{"taxonomy":"category","embeddable":true,"href":"https:\/\/informativoelvalledeaguascalientes.online\/index.php?rest_route=%2Fwp%2Fv2%2Fcategories&post=47361"},{"taxonomy":"post_tag","embeddable":true,"href":"https:\/\/informativoelvalledeaguascalientes.online\/index.php?rest_route=%2Fwp%2Fv2%2Ftags&post=47361"}],"curies":[{"name":"wp","href":"https:\/\/api.w.org\/{rel}","templated":true}]}}