{"id":47355,"date":"2023-07-26T00:11:06","date_gmt":"2023-07-26T06:11:06","guid":{"rendered":"https:\/\/informativoelvalledeaguascalientes.online\/?p=47355"},"modified":"2023-07-26T00:11:06","modified_gmt":"2023-07-26T06:11:06","slug":"el-renovado-auditorio-dr-pedro-de-alba-albergara-la-edicion-73-de-la-muestra-internacional-de-cine","status":"publish","type":"post","link":"https:\/\/informativoelvalledeaguascalientes.online\/?p=47355","title":{"rendered":"El renovado auditorio Dr. Pedro de Alba albergar\u00e1 la edici\u00f3n 73 de la Muestra Internacional de Cine"},"content":{"rendered":"<p><strong><a href=\"https:\/\/www.facebook.com\/hashtag\/informativoelvalledeaguascalientes\">#informativoelvalledeaguascalientes<\/a><\/strong><\/p>\n<p><strong><a href=\"https:\/\/www.facebook.com\/hashtag\/novaradioaguascalientes\">#novaradioaguascalientes<\/a><\/strong><\/p>\n<p>\u25cf La muestra incluye la participaci\u00f3n de 14 pel\u00edculas; filmes recientemente premiados en festivales de talla mundial como Sundance, Cannes y Berl\u00edn.<\/p>\n<p>A trav\u00e9s de Cinema Universidad, la 73 Muestra Internacional de Cine est\u00e1 por llegar a la Universidad Aut\u00f3noma de Aguascalientes del 27 de julio al 11 de agosto.<\/p>\n<p>Como cada a\u00f1o y desde su primera edici\u00f3n en 1971, la Cineteca Nacional, a trav\u00e9s de la Muestra Internacional de Cine, se ha dado a la tarea de traer a nuestro pa\u00eds lo mejor de la cinematograf\u00eda mundial. En esta ocasi\u00f3n, se contar\u00e1 con la proyecci\u00f3n de 14 pel\u00edculas de 18 pa\u00edses como India, Estados Unidos, Alemania, Suecia, Argentina, Ucrania, Turqu\u00eda, Israel, Colombia, Polonia, Dinamarca, Francia y M\u00e9xico.<\/p>\n<p>El Lic. Juan Pablo Casta\u00f1eda Pacheco, encargado de eventos culturales del Departamento de Difusi\u00f3n Cultural de la UAA, refiri\u00f3 que algunos de los filmes contenidos en esta muestra fueron galardonados en prestigiosos festivales como los de Sundance, Cannes y Berl\u00edn.<\/p>\n<p>Es importante se\u00f1alar que para la exhibici\u00f3n de las pel\u00edculas se retomar\u00e1 el auditorio Dr. Pedro de Alba de Ciudad Universitaria, mismo que recientemente fue remodelado. Esta muestra contempla dos funciones diarias (excepto los domingos 30 de julio y 6 de agosto), una a las 5:00 pm y otra a las 8:00 pm.<\/p>\n<p>Al ser una de las muestras m\u00e1s importantes que se realizan en M\u00e9xico, la UAA pone de manifiesto su inter\u00e9s para darle continuidad y promover el s\u00e9ptimo arte al fungir una vez m\u00e1s como sede de este ciclo con contenido exclusivo, mismo que no puede encontrarse en plataformas digitales ni en salas comerciales de cine.<\/p>\n<p>La 73 Muestra Internacional de Cine aborda tem\u00e1ticas diversas: social, pol\u00edtico, de introspecci\u00f3n, humanismo, comedia negra, entre otras. Algunas de las pel\u00edculas que se proyectar\u00e1n son: \u201cDos Estaciones\u201d de Juan Pablo Gonz\u00e1lez (M\u00e9xico-Francia-Estados Unidos, 2022); \u201cUn Ciudadano Honesto\u201d de Idan Haguel (Israel, 2022); \u201cSobre las Nubes\u201d de Mar\u00eda Aparicio (Argentina 2022); \u201cSparta\u201d de Ulrich Seidl (Austria-Alemania-Francia 2022); \u201cLaila en Haifa\u201d de Amos Gitai (Francia-Israel 2020); \u201cKlondike\u201d de Maryna Er Gorbach (Ucrania-Turqu\u00eda 2022); \u201cUna pel\u00edcula sobre la vida\u201d de Dovile Sarutyte (Lituania-Estados Unidos 2021); \u201cVicenta B\u201d de Carlos Lechuga (Cuba-Francia-Estados Unidos-Colombia-Noruega 2022), entre otras. Cabe destacar que el ciclo incluye una pel\u00edcula de nuevos cl\u00e1sicos, en este caso, \u201cLa doble vida de Ver\u00f3nica\u201d de Krzsztof Kieslowski (Francia-Polonia-Noruega 1991).<\/p>\n<p>Respecto a los boletos, \u00e9stos estar\u00e1n disponibles para su venta a partir del lunes 24 de julio en el \u00e1rea de Cajas de Control Escolar en Ciudad Universitaria, as\u00ed como a las afueras del auditorio Dr. Pedro de Alba media hora antes de cada funci\u00f3n. El costo por funci\u00f3n es de $40.00; medio abono (siete pel\u00edculas) $225.00 y abono completo (14 pel\u00edculas) $370.00 pesos.<\/p>\n<p>Para revisar cada tr\u00e1iler, sinopsis, duraci\u00f3n y fecha exacta de cada filme, se puede consultar el perfil de Facebook @culturauaa. Adicionalmente, los interesados en este ciclo de cine pueden mandar un mensaje de whatsapp al 449 9 10 74 29 para ser incluidos en el grupo \u201cCultura UAA\u201d, a trav\u00e9s del cual se otorgar\u00e1n cortes\u00edas y promociones para futuros eventos.<\/p>\n<p>&nbsp;<\/p>\n","protected":false},"excerpt":{"rendered":"<p>#informativoelvalledeaguascalientes #novaradioaguascalientes \u25cf La muestra incluye la participaci\u00f3n de 14 pel\u00edculas; filmes recientemente premiados en festivales de talla mundial como Sundance, Cannes y Berl\u00edn. A trav\u00e9s de Cinema Universidad, la 73 Muestra Internacional de Cine est\u00e1 por llegar a la Universidad Aut\u00f3noma de Aguascalientes del 27 de julio al 11 de agosto. Como cada a\u00f1o [&hellip;]<\/p>\n","protected":false},"author":1,"featured_media":47356,"comment_status":"closed","ping_status":"open","sticky":false,"template":"","format":"standard","meta":{"advanced_seo_description":"","jetpack_seo_html_title":"","jetpack_seo_noindex":false,"_jetpack_memberships_contains_paid_content":false,"footnotes":"","jetpack_publicize_message":"","jetpack_publicize_feature_enabled":true,"jetpack_social_post_already_shared":true,"jetpack_social_options":{"image_generator_settings":{"template":"highway","default_image_id":0,"font":"","enabled":false},"version":2}},"categories":[21,629],"tags":[22,142],"class_list":["post-47355","post","type-post","status-publish","format-standard","has-post-thumbnail","hentry","category-aguascalientes","category-universidad-autonoma-de-aguascalientes","tag-aguascalientes","tag-uaa"],"jetpack_publicize_connections":[],"jetpack_featured_media_url":"https:\/\/i0.wp.com\/informativoelvalledeaguascalientes.online\/wp-content\/uploads\/2023\/07\/d81389c2-c569-49fb-9e9d-9a64681bc301.jpeg?fit=1042%2C1600&ssl=1","jetpack-related-posts":[],"jetpack_sharing_enabled":true,"jetpack_likes_enabled":true,"_links":{"self":[{"href":"https:\/\/informativoelvalledeaguascalientes.online\/index.php?rest_route=\/wp\/v2\/posts\/47355","targetHints":{"allow":["GET"]}}],"collection":[{"href":"https:\/\/informativoelvalledeaguascalientes.online\/index.php?rest_route=\/wp\/v2\/posts"}],"about":[{"href":"https:\/\/informativoelvalledeaguascalientes.online\/index.php?rest_route=\/wp\/v2\/types\/post"}],"author":[{"embeddable":true,"href":"https:\/\/informativoelvalledeaguascalientes.online\/index.php?rest_route=\/wp\/v2\/users\/1"}],"replies":[{"embeddable":true,"href":"https:\/\/informativoelvalledeaguascalientes.online\/index.php?rest_route=%2Fwp%2Fv2%2Fcomments&post=47355"}],"version-history":[{"count":1,"href":"https:\/\/informativoelvalledeaguascalientes.online\/index.php?rest_route=\/wp\/v2\/posts\/47355\/revisions"}],"predecessor-version":[{"id":47358,"href":"https:\/\/informativoelvalledeaguascalientes.online\/index.php?rest_route=\/wp\/v2\/posts\/47355\/revisions\/47358"}],"wp:featuredmedia":[{"embeddable":true,"href":"https:\/\/informativoelvalledeaguascalientes.online\/index.php?rest_route=\/wp\/v2\/media\/47356"}],"wp:attachment":[{"href":"https:\/\/informativoelvalledeaguascalientes.online\/index.php?rest_route=%2Fwp%2Fv2%2Fmedia&parent=47355"}],"wp:term":[{"taxonomy":"category","embeddable":true,"href":"https:\/\/informativoelvalledeaguascalientes.online\/index.php?rest_route=%2Fwp%2Fv2%2Fcategories&post=47355"},{"taxonomy":"post_tag","embeddable":true,"href":"https:\/\/informativoelvalledeaguascalientes.online\/index.php?rest_route=%2Fwp%2Fv2%2Ftags&post=47355"}],"curies":[{"name":"wp","href":"https:\/\/api.w.org\/{rel}","templated":true}]}}