{"id":47350,"date":"2023-07-25T23:50:37","date_gmt":"2023-07-26T05:50:37","guid":{"rendered":"https:\/\/informativoelvalledeaguascalientes.online\/?p=47350"},"modified":"2023-07-25T23:50:37","modified_gmt":"2023-07-26T05:50:37","slug":"tere-jimenez-y-antonio-arambula-inauguran-el-primer-pozo-con-tecnologia-solar-para-su-funcionamiento","status":"publish","type":"post","link":"https:\/\/informativoelvalledeaguascalientes.online\/?p=47350","title":{"rendered":"TERE JIM\u00c9NEZ Y ANTONIO AR\u00c1MBULA INAUGURAN EL PRIMER POZO CON TECNOLOG\u00cdA SOLAR PARA SU FUNCIONAMIENTO"},"content":{"rendered":"<p><strong><a href=\"https:\/\/www.facebook.com\/hashtag\/informativoelvalledeaguascalientes\">#informativoelvalledeaguascalientes<\/a><\/strong><\/p>\n<p><strong><a href=\"https:\/\/www.facebook.com\/hashtag\/novaradioaguascalientes\">#novaradioaguascalientes<\/a><\/strong><\/p>\n<p>-Es el primer pozo de agua potable para uso dom\u00e9stico en el estado que funciona con un sistema de celdas solares<br \/>\n-Tere Jim\u00e9nez anunci\u00f3 que pr\u00f3ximamente se invertir\u00e1n cerca de 30 millones de pesos en el tema del agua para Jes\u00fas Mar\u00eda<\/p>\n<p>En un esfuerzo coordinado entre la administraci\u00f3n p\u00fablica estatal y municipal, la gobernadora de Aguascalientes, Tere Jim\u00e9nez, y el presidente de Jes\u00fas Mar\u00eda, Jos\u00e9 Antonio Ar\u00e1mbula L\u00f3pez, entregaron un nuevo pozo de agua potable para uso dom\u00e9stico, el primero en el estado que funciona con un sistema de celdas solares y que abastecer\u00e1 a la comunidad de Piedras Negras en el municipio de Jes\u00fas Mar\u00eda.<\/p>\n<p>Tere Jim\u00e9nez anunci\u00f3 que pr\u00f3ximamente se invertir\u00e1n cerca de 30 millones de pesos en obras hidr\u00e1ulicas para Jes\u00fas Mar\u00eda. Puntualiz\u00f3 que tambi\u00e9n se trabaja en otros rubros esenciales para el desarrollo de las comunidades, por ello invit\u00f3 a sus habitantes a acercarse a los diferentes programas que mantiene su administraci\u00f3n y que van enfocados al campo, salud y emprendimiento.<\/p>\n<p>\u201cVamos a seguir trabajando muy fuerte en Jes\u00fas Mar\u00eda para que cada comunidad tenga los servicios indispensables; cuenten con todo mi apoyo siempre porque el Gigante de M\u00e9xico lo hacemos todas y todos\u201d, dijo la gobernadora.<\/p>\n<p>Por su parte, el presidente municipal de Jes\u00fas Mar\u00eda, Jos\u00e9 Antonio Ar\u00e1mbula L\u00f3pez, agradeci\u00f3 a la gobernadora el respaldo, pues gracias al trabajo coordinado se realiz\u00f3 esta importante obra.<\/p>\n<p>\u201cEste es el primer pozo que utilizar\u00e1 celdas solares; los beneficios son grandes pues se reducen los costos de operaci\u00f3n, se garantiza un suministro constante de agua potable y se contribuye a la conservaci\u00f3n del medio ambiente; en un futuro estamos planeando hacer m\u00e1s pozos utilizando este sistema\u201d, destac\u00f3 el alcalde.<\/p>\n<p>Jos\u00e9 C\u00e9sar Garc\u00eda Estrada, director general de la Comisi\u00f3n de Agua Potable, Alcantarillado y Saneamiento (CAPAS), detall\u00f3 que se realiz\u00f3 una perforaci\u00f3n de 309 metros de profundidad; resalt\u00f3 que con esta obra de gran impacto se satisfacen las necesidades de los habitantes sin comprometer la calidad de vida de las futuras generaciones, gracias a la tecnolog\u00eda de vanguardia que se utiliz\u00f3.<\/p>\n<p>Finalmente, Jos\u00e9 Gerardo Lupercio Santana, beneficiario, dijo que este era un d\u00eda hist\u00f3rico para los habitantes de Piedras Negras y manifest\u00f3 que todas las familias de la comunidad se sent\u00edan con el coraz\u00f3n lleno de alegr\u00eda, ya que por fin tienen un pozo que abastecer\u00e1 de agua a cada hogar.<\/p>\n<p>En el evento estuvieron presentes Liliana Coronado de Ar\u00e1mbula, presidenta del Sistema DIF Municipal de Jes\u00fas Mar\u00eda; Laura Patricia Ponce Luna, presidenta de la Comisi\u00f3n de Desarrollo Social del H. Congreso del Estado; Claudia Guadalupe de Lira Beltr\u00e1n, regidora de la Comisi\u00f3n de Agua Potable del H. Ayuntamiento de Jes\u00fas Mar\u00eda; Clara Aurora Mart\u00ednez Gallardo, s\u00edndica del Municipio de Jes\u00fas Mar\u00eda; Luis Gabriel Valdivia Mart\u00ednez, director local en Aguascalientes de la Comisi\u00f3n Nacional del Agua (CONAGUA); Evaristo Pedroza Reyes, director general del Instituto del Agua del Estado de Aguascalientes (Inagua); y C\u00e9sar Fernando Medina Cervantes, secretario del Ayuntamiento de Jes\u00fas Mar\u00eda.<\/p>\n","protected":false},"excerpt":{"rendered":"<p>#informativoelvalledeaguascalientes #novaradioaguascalientes -Es el primer pozo de agua potable para uso dom\u00e9stico en el estado que funciona con un sistema de celdas solares -Tere Jim\u00e9nez anunci\u00f3 que pr\u00f3ximamente se invertir\u00e1n cerca de 30 millones de pesos en el tema del agua para Jes\u00fas Mar\u00eda En un esfuerzo coordinado entre la administraci\u00f3n p\u00fablica estatal y municipal, [&hellip;]<\/p>\n","protected":false},"author":1,"featured_media":47351,"comment_status":"closed","ping_status":"open","sticky":false,"template":"","format":"standard","meta":{"advanced_seo_description":"","jetpack_seo_html_title":"","jetpack_seo_noindex":false,"_jetpack_memberships_contains_paid_content":false,"footnotes":"","jetpack_publicize_message":"","jetpack_publicize_feature_enabled":true,"jetpack_social_post_already_shared":true,"jetpack_social_options":{"image_generator_settings":{"template":"highway","default_image_id":0,"font":"","enabled":false},"version":2}},"categories":[21,14],"tags":[22,615,45,320],"class_list":["post-47350","post","type-post","status-publish","format-standard","has-post-thumbnail","hentry","category-aguascalientes","category-jesus-maria-aguascalientes","tag-aguascalientes","tag-gobierno-del-estado-de-aguascalientes","tag-jesus-maria-aguascalientes","tag-tere-jimenez"],"jetpack_publicize_connections":[],"jetpack_featured_media_url":"https:\/\/i0.wp.com\/informativoelvalledeaguascalientes.online\/wp-content\/uploads\/2023\/07\/1194a6e3-2ca3-4446-9335-09c6005c9965.jpeg?fit=1024%2C683&ssl=1","jetpack-related-posts":[],"jetpack_sharing_enabled":true,"jetpack_likes_enabled":true,"_links":{"self":[{"href":"https:\/\/informativoelvalledeaguascalientes.online\/index.php?rest_route=\/wp\/v2\/posts\/47350","targetHints":{"allow":["GET"]}}],"collection":[{"href":"https:\/\/informativoelvalledeaguascalientes.online\/index.php?rest_route=\/wp\/v2\/posts"}],"about":[{"href":"https:\/\/informativoelvalledeaguascalientes.online\/index.php?rest_route=\/wp\/v2\/types\/post"}],"author":[{"embeddable":true,"href":"https:\/\/informativoelvalledeaguascalientes.online\/index.php?rest_route=\/wp\/v2\/users\/1"}],"replies":[{"embeddable":true,"href":"https:\/\/informativoelvalledeaguascalientes.online\/index.php?rest_route=%2Fwp%2Fv2%2Fcomments&post=47350"}],"version-history":[{"count":1,"href":"https:\/\/informativoelvalledeaguascalientes.online\/index.php?rest_route=\/wp\/v2\/posts\/47350\/revisions"}],"predecessor-version":[{"id":47352,"href":"https:\/\/informativoelvalledeaguascalientes.online\/index.php?rest_route=\/wp\/v2\/posts\/47350\/revisions\/47352"}],"wp:featuredmedia":[{"embeddable":true,"href":"https:\/\/informativoelvalledeaguascalientes.online\/index.php?rest_route=\/wp\/v2\/media\/47351"}],"wp:attachment":[{"href":"https:\/\/informativoelvalledeaguascalientes.online\/index.php?rest_route=%2Fwp%2Fv2%2Fmedia&parent=47350"}],"wp:term":[{"taxonomy":"category","embeddable":true,"href":"https:\/\/informativoelvalledeaguascalientes.online\/index.php?rest_route=%2Fwp%2Fv2%2Fcategories&post=47350"},{"taxonomy":"post_tag","embeddable":true,"href":"https:\/\/informativoelvalledeaguascalientes.online\/index.php?rest_route=%2Fwp%2Fv2%2Ftags&post=47350"}],"curies":[{"name":"wp","href":"https:\/\/api.w.org\/{rel}","templated":true}]}}