{"id":47346,"date":"2023-07-25T01:02:36","date_gmt":"2023-07-25T07:02:36","guid":{"rendered":"https:\/\/informativoelvalledeaguascalientes.online\/?p=47346"},"modified":"2023-07-25T01:02:36","modified_gmt":"2023-07-25T07:02:36","slug":"dif-estatal-abre-inscripciones-a-talleres-gratuitos-para-mujeres-que-deseen-aprender-un-oficio","status":"publish","type":"post","link":"https:\/\/informativoelvalledeaguascalientes.online\/?p=47346","title":{"rendered":"DIF ESTATAL ABRE INSCRIPCIONES A TALLERES GRATUITOS PARA MUJERES QUE DESEEN APRENDER UN OFICIO"},"content":{"rendered":"<p><strong><a href=\"https:\/\/www.facebook.com\/hashtag\/informativoelvalledeaguascalientes\">#informativoelvalledeaguascalientes<\/a><\/strong><\/p>\n<p><strong><a href=\"https:\/\/www.facebook.com\/hashtag\/novaradioaguascalientes\">#novaradioaguascalientes<\/a><\/strong><\/p>\n<p><strong><a href=\"https:\/\/www.facebook.com\/GobiernodeAguascalientes\">#ElGiganteDeMexico<\/a><\/strong><\/p>\n<ul class=\"public-DraftStyleDefault-ul\">\n<li id=\"viewer-foo\" class=\"s-SEY _40ACk public-DraftStyleDefault-unorderedListItem public-DraftStyleDefault-depth0 public-DraftStyleDefault-list-ltr fixed-tab-size public-DraftStyleDefault-reset OZy-3 _40ACk\">\n<p class=\"Y9Dpf OZy-3 _40ACk undefined\"><strong><em>Los talleres disponibles son: belleza, corte y confecci\u00f3n, primeros auxilios, reposter\u00eda, florister\u00eda, computaci\u00f3n, desarrollo humano y bisuter\u00eda, entre otros<\/em><\/strong><\/p>\n<\/li>\n<li id=\"viewer-8qkqi106\" class=\"s-SEY _40ACk public-DraftStyleDefault-unorderedListItem public-DraftStyleDefault-depth0 public-DraftStyleDefault-list-ltr fixed-tab-size OZy-3 _40ACk\">\n<p class=\"Y9Dpf OZy-3 _40ACk undefined\"><strong><em>Los cursos est\u00e1n dirigidos a\u00a0 mujeres de 15 a 60 a\u00f1os<\/em><\/strong><\/p>\n<\/li>\n<\/ul>\n<div id=\"viewer-x98z6108\" class=\"xVISr Y9Dpf OZy-3 lnyWN public-DraftStyleDefault-block-depth0 fixed-tab-size public-DraftStyleDefault-text-ltr\"><span class=\"B2EFF public-DraftStyleDefault-ltr\">\u00a0<\/span><\/div>\n<p id=\"viewer-lf04n109\" class=\"xVISr Y9Dpf OZy-3 _40ACk public-DraftStyleDefault-block-depth0 fixed-tab-size public-DraftStyleDefault-text-ltr\"><span class=\"B2EFF public-DraftStyleDefault-ltr\">El DIF Estatal invita a mujeres de 15 a 60 a\u00f1os de edad a inscribirse a los talleres gratuitos de belleza, corte y confecci\u00f3n, primeros auxilios, reposter\u00eda, florister\u00eda, computaci\u00f3n, desarrollo humano y bisuter\u00eda, que se brindar\u00e1n en el Centro de Atenci\u00f3n Integral a la Mujer (CAIM).\u00a0<\/span><\/p>\n<div id=\"viewer-ujyrl111\" class=\"xVISr Y9Dpf OZy-3 _40ACk public-DraftStyleDefault-block-depth0 fixed-tab-size public-DraftStyleDefault-text-ltr\"><span class=\"B2EFF public-DraftStyleDefault-ltr\">\u00a0<\/span><\/div>\n<p id=\"viewer-l4r5k112\" class=\"xVISr Y9Dpf OZy-3 _40ACk public-DraftStyleDefault-block-depth0 fixed-tab-size public-DraftStyleDefault-text-ltr\"><span class=\"B2EFF public-DraftStyleDefault-ltr\">Aurora Jim\u00e9nez Esquivel, presidenta del DIF Estatal, mencion\u00f3 que los talleres tienen como objetivo mejorar la calidad de vida las familias y que las mujeres puedan autoemplearse; agreg\u00f3 que para las madres de familia, la instituci\u00f3n cuenta con el servicio de guarder\u00eda para ni\u00f1os de 3 meses a 4 a\u00f1os, para con ello facilitar la asistencia a los talleres.<\/span><\/p>\n<div id=\"viewer-jdr52114\" class=\"xVISr Y9Dpf OZy-3 _40ACk public-DraftStyleDefault-block-depth0 fixed-tab-size public-DraftStyleDefault-text-ltr\"><span class=\"B2EFF public-DraftStyleDefault-ltr\">\u00a0<\/span><\/div>\n<p id=\"viewer-u7gzz115\" class=\"xVISr Y9Dpf OZy-3 _40ACk public-DraftStyleDefault-block-depth0 fixed-tab-size public-DraftStyleDefault-text-ltr\"><span class=\"B2EFF public-DraftStyleDefault-ltr\">Los requisitos para inscribirse son copia de la credencial de elector (s\u00f3lo aplica para mayores de edad), acta de nacimiento, comprobante de domicilio y CURP; las clases comenzar\u00e1n el 14 de agosto y terminar\u00e1n en diciembre del presente a\u00f1o en horarios de 9:00 a 14:00 horas, dependiendo del taller seleccionado.\u00a0\u00a0<\/span><\/p>\n<div id=\"viewer-jbusv117\" class=\"xVISr Y9Dpf OZy-3 _40ACk public-DraftStyleDefault-block-depth0 fixed-tab-size public-DraftStyleDefault-text-ltr\"><span class=\"B2EFF public-DraftStyleDefault-ltr\">\u00a0<\/span><\/div>\n<p id=\"viewer-duwuw118\" class=\"xVISr Y9Dpf OZy-3 _40ACk public-DraftStyleDefault-block-depth0 fixed-tab-size public-DraftStyleDefault-text-ltr\"><span class=\"B2EFF public-DraftStyleDefault-ltr\">Las interesadas deber\u00e1n acudir a las instalaciones del CAIM, ubicadas en avenida Ayuntamiento No. 318, Barrio del Encino, con los documentos antes mencionados, de lunes a viernes de 8:00 a 14:00 horas; para mayores informes, pueden comunicarse al tel\u00e9fono 449 918 33 40.<\/span><\/p>\n","protected":false},"excerpt":{"rendered":"<p>#informativoelvalledeaguascalientes #novaradioaguascalientes #ElGiganteDeMexico Los talleres disponibles son: belleza, corte y confecci\u00f3n, primeros auxilios, reposter\u00eda, florister\u00eda, computaci\u00f3n, desarrollo humano y bisuter\u00eda, entre otros Los cursos est\u00e1n dirigidos a\u00a0 mujeres de 15 a 60 a\u00f1os \u00a0 El DIF Estatal invita a mujeres de 15 a 60 a\u00f1os de edad a inscribirse a los talleres gratuitos de belleza, [&hellip;]<\/p>\n","protected":false},"author":1,"featured_media":47347,"comment_status":"closed","ping_status":"open","sticky":false,"template":"","format":"standard","meta":{"advanced_seo_description":"","jetpack_seo_html_title":"","jetpack_seo_noindex":false,"_jetpack_memberships_contains_paid_content":false,"footnotes":"","jetpack_publicize_message":"","jetpack_publicize_feature_enabled":true,"jetpack_social_post_already_shared":true,"jetpack_social_options":{"image_generator_settings":{"template":"highway","default_image_id":0,"font":"","enabled":false},"version":2}},"categories":[21,4],"tags":[22,615,320],"class_list":["post-47346","post","type-post","status-publish","format-standard","has-post-thumbnail","hentry","category-aguascalientes","category-gobierno-del-estado-aguascalientes","tag-aguascalientes","tag-gobierno-del-estado-de-aguascalientes","tag-tere-jimenez"],"jetpack_publicize_connections":[],"jetpack_featured_media_url":"https:\/\/i0.wp.com\/informativoelvalledeaguascalientes.online\/wp-content\/uploads\/2023\/07\/WhatsApp-Image-2023-07-24-at-4.07.19-PM-1.jpeg?fit=1251%2C1250&ssl=1","jetpack-related-posts":[],"jetpack_sharing_enabled":true,"jetpack_likes_enabled":true,"_links":{"self":[{"href":"https:\/\/informativoelvalledeaguascalientes.online\/index.php?rest_route=\/wp\/v2\/posts\/47346","targetHints":{"allow":["GET"]}}],"collection":[{"href":"https:\/\/informativoelvalledeaguascalientes.online\/index.php?rest_route=\/wp\/v2\/posts"}],"about":[{"href":"https:\/\/informativoelvalledeaguascalientes.online\/index.php?rest_route=\/wp\/v2\/types\/post"}],"author":[{"embeddable":true,"href":"https:\/\/informativoelvalledeaguascalientes.online\/index.php?rest_route=\/wp\/v2\/users\/1"}],"replies":[{"embeddable":true,"href":"https:\/\/informativoelvalledeaguascalientes.online\/index.php?rest_route=%2Fwp%2Fv2%2Fcomments&post=47346"}],"version-history":[{"count":1,"href":"https:\/\/informativoelvalledeaguascalientes.online\/index.php?rest_route=\/wp\/v2\/posts\/47346\/revisions"}],"predecessor-version":[{"id":47348,"href":"https:\/\/informativoelvalledeaguascalientes.online\/index.php?rest_route=\/wp\/v2\/posts\/47346\/revisions\/47348"}],"wp:featuredmedia":[{"embeddable":true,"href":"https:\/\/informativoelvalledeaguascalientes.online\/index.php?rest_route=\/wp\/v2\/media\/47347"}],"wp:attachment":[{"href":"https:\/\/informativoelvalledeaguascalientes.online\/index.php?rest_route=%2Fwp%2Fv2%2Fmedia&parent=47346"}],"wp:term":[{"taxonomy":"category","embeddable":true,"href":"https:\/\/informativoelvalledeaguascalientes.online\/index.php?rest_route=%2Fwp%2Fv2%2Fcategories&post=47346"},{"taxonomy":"post_tag","embeddable":true,"href":"https:\/\/informativoelvalledeaguascalientes.online\/index.php?rest_route=%2Fwp%2Fv2%2Ftags&post=47346"}],"curies":[{"name":"wp","href":"https:\/\/api.w.org\/{rel}","templated":true}]}}