{"id":47340,"date":"2023-07-25T00:50:17","date_gmt":"2023-07-25T06:50:17","guid":{"rendered":"https:\/\/informativoelvalledeaguascalientes.online\/?p=47340"},"modified":"2023-07-25T00:50:17","modified_gmt":"2023-07-25T06:50:17","slug":"reconoce-tere-jimenez-el-talento-de-jovenes-hidrocalidos-como-el-de-rogelio-guerrero-ganador-del-oro-en-la-olimpiada-internacional-de-matematicas","status":"publish","type":"post","link":"https:\/\/informativoelvalledeaguascalientes.online\/?p=47340","title":{"rendered":"RECONOCE TERE JIM\u00c9NEZ EL TALENTO DE J\u00d3VENES HIDROC\u00c1LIDOS, COMO EL DE ROGELIO GUERRERO, GANADOR DEL ORO EN LA OLIMPIADA INTERNACIONAL DE MATEM\u00c1TICAS"},"content":{"rendered":"<div id=\"bgLayers_comp-l7sh9ubr2\" class=\"MW5IWV\" data-hook=\"bgLayers\">\n<div id=\"bgMedia_comp-l7sh9ubr2\" class=\"VgO9Yg\">\n<p><strong><a href=\"https:\/\/www.facebook.com\/hashtag\/informativoelvalledeaguascalientes\">#informativoelvalledeaguascalientes<\/a><\/strong><\/p>\n<p><strong><a href=\"https:\/\/www.facebook.com\/hashtag\/novaradioaguascalientes\">#novaradioaguascalientes<\/a><\/strong><\/p>\n<p><strong><a href=\"https:\/\/www.facebook.com\/GobiernodeAguascalientes\">#ElGiganteDeMexico<\/a><\/strong><\/p>\n<p>&nbsp;<\/p>\n<\/div>\n<\/div>\n<div class=\"\" data-mesh-id=\"comp-l7sh9ubr2inlineContent\" data-testid=\"inline-content\">\n<div data-mesh-id=\"comp-l7sh9ubr2inlineContent-gridContainer\" data-testid=\"mesh-container-content\">\n<div id=\"comp-l7sh9ubx\" class=\"TWFxr5\">\n<div class=\"comp-l7sh9ubx\">\n<div class=\"siSdJK4 comp-l7sh9ubx\" data-hook=\"ricosviewer-wrapper\">\n<div class=\"itVXy _8a1b4\" dir=\"ltr\" data-id=\"rich-content-viewer\">\n<div class=\"mhGZq\">\n<p id=\"viewer-foo\" class=\"xVISr Y9Dpf OZy-3 _40ACk public-DraftStyleDefault-block-depth0 fixed-tab-size public-DraftStyleDefault-text-ltr\"><span class=\"B2EFF public-DraftStyleDefault-ltr\">La gobernadora de Aguascalientes, Tere Jim\u00e9nez, se reuni\u00f3 con Rogelio Guerrero Reyes, ganador de la medalla de oro en la 64 Olimpiada Internacional de Matem\u00e1ticas que se llev\u00f3 a cabo en Jap\u00f3n.<\/span><\/p>\n<div id=\"viewer-wtrto496\" class=\"xVISr Y9Dpf OZy-3 _40ACk public-DraftStyleDefault-block-depth0 fixed-tab-size public-DraftStyleDefault-text-ltr\"><span class=\"B2EFF public-DraftStyleDefault-ltr\">\u00a0<\/span><\/div>\n<p id=\"viewer-6g700497\" class=\"xVISr Y9Dpf OZy-3 _40ACk public-DraftStyleDefault-block-depth0 fixed-tab-size public-DraftStyleDefault-text-ltr\"><span class=\"B2EFF public-DraftStyleDefault-ltr\">Tere Jim\u00e9nez lo consider\u00f3 un ejemplo nacional, particularmente para el estado, pues sus logros servir\u00e1n para que otros j\u00f3venes se esfuercen y alcancen sus sue\u00f1os.<\/span><\/p>\n<div id=\"viewer-601rh499\" class=\"xVISr Y9Dpf OZy-3 _40ACk public-DraftStyleDefault-block-depth0 fixed-tab-size public-DraftStyleDefault-text-ltr\"><span class=\"B2EFF public-DraftStyleDefault-ltr\">\u00a0<\/span><\/div>\n<p id=\"viewer-nytol500\" class=\"xVISr Y9Dpf OZy-3 _40ACk public-DraftStyleDefault-block-depth0 fixed-tab-size public-DraftStyleDefault-text-ltr\"><span class=\"B2EFF public-DraftStyleDefault-ltr\">\u201cEstamos muy orgullosos de que el quinto mexicano ganador del oro en la historia de estas olimpiadas sea de Aguascalientes. Sigue luchando por tus metas, s\u00e9 que lograr\u00e1s todo lo que te propongas. Nosotros seguiremos impulsando a talentos como t\u00fa para que cumplan sus objetivos; cuenta con nosotros, porque esto es el inicio de una gran carrera\u201d, destac\u00f3 Tere Jim\u00e9nez.<\/span><\/p>\n<div id=\"viewer-2ic5p502\" class=\"xVISr Y9Dpf OZy-3 _40ACk public-DraftStyleDefault-block-depth0 fixed-tab-size public-DraftStyleDefault-text-ltr\"><span class=\"B2EFF public-DraftStyleDefault-ltr\">\u00a0<\/span><\/div>\n<p id=\"viewer-87l7t503\" class=\"xVISr Y9Dpf OZy-3 _40ACk public-DraftStyleDefault-block-depth0 fixed-tab-size public-DraftStyleDefault-text-ltr\"><span class=\"B2EFF public-DraftStyleDefault-ltr\">La gobernadora tambi\u00e9n reconoci\u00f3 la importante labor de los padres de familia para impulsar los sue\u00f1os de sus hijos e hijas, pues una buena parte de sus logros se relaciona con el respaldo de sus familias.<\/span><\/p>\n<p id=\"viewer-e5dpj505\" class=\"xVISr Y9Dpf OZy-3 _40ACk public-DraftStyleDefault-block-depth0 fixed-tab-size public-DraftStyleDefault-text-ltr\"><span class=\"B2EFF public-DraftStyleDefault-ltr\">\u00a0<\/span><\/p>\n<p id=\"viewer-xsncx507\" class=\"xVISr Y9Dpf OZy-3 _40ACk public-DraftStyleDefault-block-depth0 fixed-tab-size public-DraftStyleDefault-text-ltr\"><span class=\"B2EFF public-DraftStyleDefault-ltr\">Ofreci\u00f3 todo el apoyo y respaldo de la administraci\u00f3n que encabeza para que Rogelio, de 17 a\u00f1os, pueda consolidar una trayectoria exitosa y replicar su experiencia en beneficio de los ni\u00f1os y j\u00f3venes de la entidad.<\/span><\/p>\n<p id=\"viewer-zgoga509\" class=\"xVISr Y9Dpf OZy-3 _40ACk public-DraftStyleDefault-block-depth0 fixed-tab-size public-DraftStyleDefault-text-ltr\"><span class=\"B2EFF public-DraftStyleDefault-ltr\">\u00a0<\/span><\/p>\n<p id=\"viewer-3xpl0511\" class=\"xVISr Y9Dpf OZy-3 _40ACk public-DraftStyleDefault-block-depth0 fixed-tab-size public-DraftStyleDefault-text-ltr\"><span class=\"B2EFF public-DraftStyleDefault-ltr\">Por su parte, Rogelio dijo sentirse muy emocionado por visitar a la gobernadora y compartir con ella este triunfo, el cual no se dio de la noche a la ma\u00f1ana, pues desde ni\u00f1o comenz\u00f3 a prepararse para este momento mediante horas de trabajo y esfuerzo que hoy rindieron frutos.<\/span><\/p>\n<p id=\"viewer-dp9at513\" class=\"xVISr Y9Dpf OZy-3 _40ACk public-DraftStyleDefault-block-depth0 fixed-tab-size public-DraftStyleDefault-text-ltr\"><span class=\"B2EFF public-DraftStyleDefault-ltr\">\u00a0<\/span><\/p>\n<p id=\"viewer-hkhdl515\" class=\"xVISr Y9Dpf OZy-3 _40ACk public-DraftStyleDefault-block-depth0 fixed-tab-size public-DraftStyleDefault-text-ltr\"><span class=\"B2EFF public-DraftStyleDefault-ltr\">\u201cTodos somos buenos para algo, solo tenemos que descubrir nuestras habilidades y desarrollarlas. A los j\u00f3venes les digo que no hay que darnos por vencidos; aunque a veces dudemos, no debemos abandonar la meta; yo so\u00f1\u00e9 con esta medalla y trabaj\u00e9 para ganarla\u201d, destac\u00f3 el estudiante.<\/span><\/p>\n<div id=\"viewer-n0k7v517\" class=\"xVISr Y9Dpf OZy-3 lnyWN public-DraftStyleDefault-block-depth0 fixed-tab-size public-DraftStyleDefault-text-ltr\"><\/div>\n<\/div>\n<\/div>\n<\/div>\n<\/div>\n<\/div>\n<\/div>\n<\/div>\n","protected":false},"excerpt":{"rendered":"<p>#informativoelvalledeaguascalientes #novaradioaguascalientes #ElGiganteDeMexico &nbsp; La gobernadora de Aguascalientes, Tere Jim\u00e9nez, se reuni\u00f3 con Rogelio Guerrero Reyes, ganador de la medalla de oro en la 64 Olimpiada Internacional de Matem\u00e1ticas que se llev\u00f3 a cabo en Jap\u00f3n. \u00a0 Tere Jim\u00e9nez lo consider\u00f3 un ejemplo nacional, particularmente para el estado, pues sus logros servir\u00e1n para que otros [&hellip;]<\/p>\n","protected":false},"author":1,"featured_media":47341,"comment_status":"closed","ping_status":"open","sticky":false,"template":"","format":"standard","meta":{"advanced_seo_description":"","jetpack_seo_html_title":"","jetpack_seo_noindex":false,"_jetpack_memberships_contains_paid_content":false,"footnotes":"","jetpack_publicize_message":"","jetpack_publicize_feature_enabled":true,"jetpack_social_post_already_shared":true,"jetpack_social_options":{"image_generator_settings":{"template":"highway","default_image_id":0,"font":"","enabled":false},"version":2}},"categories":[21,4],"tags":[22,615,320],"class_list":["post-47340","post","type-post","status-publish","format-standard","has-post-thumbnail","hentry","category-aguascalientes","category-gobierno-del-estado-aguascalientes","tag-aguascalientes","tag-gobierno-del-estado-de-aguascalientes","tag-tere-jimenez"],"jetpack_publicize_connections":[],"jetpack_featured_media_url":"https:\/\/i0.wp.com\/informativoelvalledeaguascalientes.online\/wp-content\/uploads\/2023\/07\/IMG_9786.jpg?fit=2400%2C1600&ssl=1","jetpack-related-posts":[],"jetpack_sharing_enabled":true,"jetpack_likes_enabled":true,"_links":{"self":[{"href":"https:\/\/informativoelvalledeaguascalientes.online\/index.php?rest_route=\/wp\/v2\/posts\/47340","targetHints":{"allow":["GET"]}}],"collection":[{"href":"https:\/\/informativoelvalledeaguascalientes.online\/index.php?rest_route=\/wp\/v2\/posts"}],"about":[{"href":"https:\/\/informativoelvalledeaguascalientes.online\/index.php?rest_route=\/wp\/v2\/types\/post"}],"author":[{"embeddable":true,"href":"https:\/\/informativoelvalledeaguascalientes.online\/index.php?rest_route=\/wp\/v2\/users\/1"}],"replies":[{"embeddable":true,"href":"https:\/\/informativoelvalledeaguascalientes.online\/index.php?rest_route=%2Fwp%2Fv2%2Fcomments&post=47340"}],"version-history":[{"count":1,"href":"https:\/\/informativoelvalledeaguascalientes.online\/index.php?rest_route=\/wp\/v2\/posts\/47340\/revisions"}],"predecessor-version":[{"id":47342,"href":"https:\/\/informativoelvalledeaguascalientes.online\/index.php?rest_route=\/wp\/v2\/posts\/47340\/revisions\/47342"}],"wp:featuredmedia":[{"embeddable":true,"href":"https:\/\/informativoelvalledeaguascalientes.online\/index.php?rest_route=\/wp\/v2\/media\/47341"}],"wp:attachment":[{"href":"https:\/\/informativoelvalledeaguascalientes.online\/index.php?rest_route=%2Fwp%2Fv2%2Fmedia&parent=47340"}],"wp:term":[{"taxonomy":"category","embeddable":true,"href":"https:\/\/informativoelvalledeaguascalientes.online\/index.php?rest_route=%2Fwp%2Fv2%2Fcategories&post=47340"},{"taxonomy":"post_tag","embeddable":true,"href":"https:\/\/informativoelvalledeaguascalientes.online\/index.php?rest_route=%2Fwp%2Fv2%2Ftags&post=47340"}],"curies":[{"name":"wp","href":"https:\/\/api.w.org\/{rel}","templated":true}]}}