{"id":47337,"date":"2023-07-25T00:47:13","date_gmt":"2023-07-25T06:47:13","guid":{"rendered":"https:\/\/informativoelvalledeaguascalientes.online\/?p=47337"},"modified":"2023-07-25T00:47:13","modified_gmt":"2023-07-25T06:47:13","slug":"entrega-tere-jimenez-becas-de-impulso-a-la-educacion-porque-tu-sueno-es-gigante","status":"publish","type":"post","link":"https:\/\/informativoelvalledeaguascalientes.online\/?p=47337","title":{"rendered":"ENTREGA TERE JIM\u00c9NEZ BECAS DE IMPULSO A LA EDUCACI\u00d3N \u201cPORQUE TU SUE\u00d1O ES GIGANTE\u201d"},"content":{"rendered":"<p><strong><a href=\"https:\/\/www.facebook.com\/hashtag\/informativoelvalledeaguascalientes\">#informativoelvalledeaguascalientes<\/a><\/strong><\/p>\n<p><strong><a href=\"https:\/\/www.facebook.com\/hashtag\/novaradioaguascalientes\">#novaradioaguascalientes<\/a><\/strong><\/p>\n<p><strong><a href=\"https:\/\/www.facebook.com\/GobiernodeAguascalientes\">#ElGiganteDeMexico<\/a><\/strong><\/p>\n<p>&nbsp;<\/p>\n<ul class=\"public-DraftStyleDefault-ul\">\n<li id=\"viewer-foo\" class=\"s-SEY _40ACk public-DraftStyleDefault-unorderedListItem public-DraftStyleDefault-depth0 public-DraftStyleDefault-list-ltr fixed-tab-size public-DraftStyleDefault-reset OZy-3 _40ACk\">\n<p class=\"Y9Dpf OZy-3 _40ACk undefined\"><strong><em>Se entregaron becas a estudiantes de primaria, secundaria, preparatoria y universidad<\/em><\/strong><\/p>\n<\/li>\n<li id=\"viewer-5gbtt176\" class=\"s-SEY _40ACk public-DraftStyleDefault-unorderedListItem public-DraftStyleDefault-depth0 public-DraftStyleDefault-list-ltr fixed-tab-size OZy-3 _40ACk\">\n<p class=\"Y9Dpf OZy-3 _40ACk undefined\"><strong><em>El apoyo econ\u00f3mico les servir\u00e1 para que puedan continuar sus estudios<\/em>\u00a0<\/strong><\/p>\n<\/li>\n<\/ul>\n<div id=\"viewer-jsw7n179\" class=\"xVISr Y9Dpf OZy-3 _40ACk public-DraftStyleDefault-block-depth0 fixed-tab-size public-DraftStyleDefault-text-ltr\"><span class=\"B2EFF public-DraftStyleDefault-ltr\">\u00a0<\/span><\/div>\n<p id=\"viewer-hhzom180\" class=\"xVISr Y9Dpf OZy-3 _40ACk public-DraftStyleDefault-block-depth0 fixed-tab-size public-DraftStyleDefault-text-ltr\"><span class=\"B2EFF public-DraftStyleDefault-ltr\">La gobernadora de Aguascalientes, Tere Jim\u00e9nez, hizo entrega de becas\u00a0 \u201cPorque tu sue\u00f1o es Gigante\u201d, a trav\u00e9s del Instituto de Educaci\u00f3n de Aguascalientes (IEA), a alumnas y alumnos que requieren un impulso para continuar su educaci\u00f3n.<\/span><\/p>\n<div id=\"viewer-eg3hr182\" class=\"xVISr Y9Dpf OZy-3 _40ACk public-DraftStyleDefault-block-depth0 fixed-tab-size public-DraftStyleDefault-text-ltr\"><span class=\"B2EFF public-DraftStyleDefault-ltr\">\u00a0<\/span><\/div>\n<p id=\"viewer-89hsu183\" class=\"xVISr Y9Dpf OZy-3 _40ACk public-DraftStyleDefault-block-depth0 fixed-tab-size public-DraftStyleDefault-text-ltr\"><span class=\"B2EFF public-DraftStyleDefault-ltr\">\u201cLa educaci\u00f3n es la mejor herencia que le podemos dejar a las nuevas generaciones, por eso seguir\u00e9 trabajando para que m\u00e1s ni\u00f1as, ni\u00f1os y j\u00f3venes tengan acceso a estas becas. Quiero que sue\u00f1en en grande, ustedes tienen las habilidades para salir adelante y conquistar el mundo\u201d, les indic\u00f3 la gobernadora.\u00a0<\/span><\/p>\n<div id=\"viewer-0jv98185\" class=\"xVISr Y9Dpf OZy-3 _40ACk public-DraftStyleDefault-block-depth0 fixed-tab-size public-DraftStyleDefault-text-ltr\"><span class=\"B2EFF public-DraftStyleDefault-ltr\">\u00a0<\/span><\/div>\n<p id=\"viewer-ui5jm186\" class=\"xVISr Y9Dpf OZy-3 _40ACk public-DraftStyleDefault-block-depth0 fixed-tab-size public-DraftStyleDefault-text-ltr\"><span class=\"B2EFF public-DraftStyleDefault-ltr\">Durante el evento que tuvo lugar en la Casa de la Cultura, Tere Jim\u00e9nez reconoci\u00f3 el impulso de padres y madres que se esfuerzan por que sus hijos sigan estudiando; refrend\u00f3 su compromiso de apoyar a los estudiantes de Aguascalientes para que cumplan sus sue\u00f1os, pues reiter\u00f3 que la educaci\u00f3n es la mejor herramienta que tendr\u00e1n para acceder a mejores oportunidades y elevar su calidad de vida.<\/span><\/p>\n<div id=\"viewer-gdcex188\" class=\"xVISr Y9Dpf OZy-3 _40ACk public-DraftStyleDefault-block-depth0 fixed-tab-size public-DraftStyleDefault-text-ltr\"><span class=\"B2EFF public-DraftStyleDefault-ltr\">\u00a0<\/span><\/div>\n<p id=\"viewer-nqz6d189\" class=\"xVISr Y9Dpf OZy-3 _40ACk public-DraftStyleDefault-block-depth0 fixed-tab-size public-DraftStyleDefault-text-ltr\"><span class=\"B2EFF public-DraftStyleDefault-ltr\">Sergio Mar\u00edn Reyes, coordinador de Becas y Financiamiento Educativo del IEA, detall\u00f3 que en total se entregaron 100 becas a estudiantes de todos los niveles educativos.<\/span><\/p>\n<div id=\"viewer-kblx2191\" class=\"xVISr Y9Dpf OZy-3 _40ACk public-DraftStyleDefault-block-depth0 fixed-tab-size public-DraftStyleDefault-text-ltr\"><span class=\"B2EFF public-DraftStyleDefault-ltr\">\u00a0<\/span><\/div>\n<p id=\"viewer-d37oj192\" class=\"xVISr Y9Dpf OZy-3 _40ACk public-DraftStyleDefault-block-depth0 fixed-tab-size public-DraftStyleDefault-text-ltr\"><span class=\"B2EFF public-DraftStyleDefault-ltr\">Finalmente, Estiven Salom\u00f3n Dur\u00f3n Ortega, estudiante beneficiado, dijo sentirse agradecido por recibir este apoyo que es sumamente importante para \u00e9l; reconoci\u00f3 el trabajo de la gobernadora por mantener esa cercan\u00eda con los j\u00f3venes y siempre estar atenta a sus necesidades.<\/span><\/p>\n<div id=\"viewer-auihn194\" class=\"xVISr Y9Dpf OZy-3 _40ACk public-DraftStyleDefault-block-depth0 fixed-tab-size public-DraftStyleDefault-text-ltr\"><span class=\"B2EFF public-DraftStyleDefault-ltr\">\u00a0<\/span><\/div>\n<p id=\"viewer-vuw36195\" class=\"xVISr Y9Dpf OZy-3 _40ACk public-DraftStyleDefault-block-depth0 fixed-tab-size public-DraftStyleDefault-text-ltr\"><span class=\"B2EFF public-DraftStyleDefault-ltr\">Durante esta entrega se cont\u00f3 con la presencia de Alma Hilda Medina Mac\u00edas, presidenta de la Mesa Directiva del H. Congreso del Estado; Ra\u00fal Silva Perezchica, presidente de la Comisi\u00f3n de Educaci\u00f3n y Cultura del H. Congreso del Estado; Lorena Mart\u00ednez Rodr\u00edguez, directora general del IEA; Rita Sof\u00eda Yelena Casta\u00f1eda Casas, beneficiaria; as\u00ed como alumnas y alumnos beneficiados.<\/span><\/p>\n","protected":false},"excerpt":{"rendered":"<p>#informativoelvalledeaguascalientes #novaradioaguascalientes #ElGiganteDeMexico &nbsp; Se entregaron becas a estudiantes de primaria, secundaria, preparatoria y universidad El apoyo econ\u00f3mico les servir\u00e1 para que puedan continuar sus estudios\u00a0 \u00a0 La gobernadora de Aguascalientes, Tere Jim\u00e9nez, hizo entrega de becas\u00a0 \u201cPorque tu sue\u00f1o es Gigante\u201d, a trav\u00e9s del Instituto de Educaci\u00f3n de Aguascalientes (IEA), a alumnas y alumnos [&hellip;]<\/p>\n","protected":false},"author":1,"featured_media":47338,"comment_status":"closed","ping_status":"open","sticky":false,"template":"","format":"standard","meta":{"advanced_seo_description":"","jetpack_seo_html_title":"","jetpack_seo_noindex":false,"_jetpack_memberships_contains_paid_content":false,"footnotes":"","jetpack_publicize_message":"","jetpack_publicize_feature_enabled":true,"jetpack_social_post_already_shared":true,"jetpack_social_options":{"image_generator_settings":{"template":"highway","default_image_id":0,"font":"","enabled":false},"version":2}},"categories":[21,4],"tags":[22,615,39,320],"class_list":["post-47337","post","type-post","status-publish","format-standard","has-post-thumbnail","hentry","category-aguascalientes","category-gobierno-del-estado-aguascalientes","tag-aguascalientes","tag-gobierno-del-estado-de-aguascalientes","tag-iea","tag-tere-jimenez"],"jetpack_publicize_connections":[],"jetpack_featured_media_url":"https:\/\/i0.wp.com\/informativoelvalledeaguascalientes.online\/wp-content\/uploads\/2023\/07\/1.jpeg?fit=2048%2C1366&ssl=1","jetpack-related-posts":[],"jetpack_sharing_enabled":true,"jetpack_likes_enabled":true,"_links":{"self":[{"href":"https:\/\/informativoelvalledeaguascalientes.online\/index.php?rest_route=\/wp\/v2\/posts\/47337","targetHints":{"allow":["GET"]}}],"collection":[{"href":"https:\/\/informativoelvalledeaguascalientes.online\/index.php?rest_route=\/wp\/v2\/posts"}],"about":[{"href":"https:\/\/informativoelvalledeaguascalientes.online\/index.php?rest_route=\/wp\/v2\/types\/post"}],"author":[{"embeddable":true,"href":"https:\/\/informativoelvalledeaguascalientes.online\/index.php?rest_route=\/wp\/v2\/users\/1"}],"replies":[{"embeddable":true,"href":"https:\/\/informativoelvalledeaguascalientes.online\/index.php?rest_route=%2Fwp%2Fv2%2Fcomments&post=47337"}],"version-history":[{"count":1,"href":"https:\/\/informativoelvalledeaguascalientes.online\/index.php?rest_route=\/wp\/v2\/posts\/47337\/revisions"}],"predecessor-version":[{"id":47339,"href":"https:\/\/informativoelvalledeaguascalientes.online\/index.php?rest_route=\/wp\/v2\/posts\/47337\/revisions\/47339"}],"wp:featuredmedia":[{"embeddable":true,"href":"https:\/\/informativoelvalledeaguascalientes.online\/index.php?rest_route=\/wp\/v2\/media\/47338"}],"wp:attachment":[{"href":"https:\/\/informativoelvalledeaguascalientes.online\/index.php?rest_route=%2Fwp%2Fv2%2Fmedia&parent=47337"}],"wp:term":[{"taxonomy":"category","embeddable":true,"href":"https:\/\/informativoelvalledeaguascalientes.online\/index.php?rest_route=%2Fwp%2Fv2%2Fcategories&post=47337"},{"taxonomy":"post_tag","embeddable":true,"href":"https:\/\/informativoelvalledeaguascalientes.online\/index.php?rest_route=%2Fwp%2Fv2%2Ftags&post=47337"}],"curies":[{"name":"wp","href":"https:\/\/api.w.org\/{rel}","templated":true}]}}