{"id":47329,"date":"2023-07-25T00:41:45","date_gmt":"2023-07-25T06:41:45","guid":{"rendered":"https:\/\/informativoelvalledeaguascalientes.online\/?p=47329"},"modified":"2023-07-25T00:41:45","modified_gmt":"2023-07-25T06:41:45","slug":"estudian-iniciativa-que-clarifica-mecanismos-de-designacion-de-integrantes-de-organismos-internos-de-control-en-los-ayuntamientos","status":"publish","type":"post","link":"https:\/\/informativoelvalledeaguascalientes.online\/?p=47329","title":{"rendered":"ESTUDIAN INICIATIVA QUE CLARIFICA MECANISMOS DE DESIGNACI\u00d3N DE INTEGRANTES DE ORGANISMOS INTERNOS DE CONTROL EN LOS AYUNTAMIENTOS"},"content":{"rendered":"<p>&nbsp;<\/p>\n<p>&nbsp;<\/p>\n<p><strong><a href=\"https:\/\/www.facebook.com\/hashtag\/informativoelvalledeaguascalientes\">#informativoelvalledeaguascalientes<\/a><\/strong><\/p>\n<p><strong><a href=\"https:\/\/www.facebook.com\/hashtag\/novaradioaguascalientes\">#novaradioaguascalientes<\/a><\/strong><\/p>\n<p>Durante el desarrollo de la Comisi\u00f3n de Fortalecimiento Municipal, Desarrollo Metropolitano y Zonas Conurbadas del Congreso de Aguascalientes que preside el diputado Cuauht\u00e9moc Escobedo Tejada, inici\u00f3 con el estudio de la iniciativa de reforma a la Ley Municipal para el Estado de Aguascalientes, que plantea el legislador Arturo Pi\u00f1a, con el prop\u00f3sito de establecer requisitos y un procedimiento de selecci\u00f3n de los integrantes de los \u00f3rganos internos de control de las administraciones centralizadas y paramunicipales de los once Ayuntamientos.<\/p>\n<p>&nbsp;<\/p>\n<p>En este sentido, Escobedo Tejada indic\u00f3 que extender\u00e1n el an\u00e1lisis del proyecto legislativo con los Ayuntamientos, esto como parte tambi\u00e9n de los Foros que realizan con miras a la construcci\u00f3n de la Reforma Integral Municipalista.<\/p>\n<p>&nbsp;<\/p>\n<p>Adem\u00e1s de los ya mencionados, se cont\u00f3 con la presencia del diputado Francisco S\u00e1nchez Esparza, integrante de la Comisi\u00f3n de Fortalecimiento Municipal, Desarrollo Metropolitano y Zonas Conurbadas del Congreso de Aguascalientes<\/p>\n","protected":false},"excerpt":{"rendered":"<p>&nbsp; &nbsp; #informativoelvalledeaguascalientes #novaradioaguascalientes Durante el desarrollo de la Comisi\u00f3n de Fortalecimiento Municipal, Desarrollo Metropolitano y Zonas Conurbadas del Congreso de Aguascalientes que preside el diputado Cuauht\u00e9moc Escobedo Tejada, inici\u00f3 con el estudio de la iniciativa de reforma a la Ley Municipal para el Estado de Aguascalientes, que plantea el legislador Arturo Pi\u00f1a, con el [&hellip;]<\/p>\n","protected":false},"author":1,"featured_media":47333,"comment_status":"closed","ping_status":"open","sticky":false,"template":"","format":"standard","meta":{"advanced_seo_description":"","jetpack_seo_html_title":"","jetpack_seo_noindex":false,"_jetpack_memberships_contains_paid_content":false,"footnotes":"","jetpack_publicize_message":"","jetpack_publicize_feature_enabled":true,"jetpack_social_post_already_shared":true,"jetpack_social_options":{"image_generator_settings":{"template":"highway","default_image_id":0,"font":"","enabled":false},"version":2}},"categories":[21,5],"tags":[22,520],"class_list":["post-47329","post","type-post","status-publish","format-standard","has-post-thumbnail","hentry","category-aguascalientes","category-h-congreso-del-estado-aguascalientes","tag-aguascalientes","tag-lxv-legislatura-aguascalientes"],"jetpack_publicize_connections":[],"jetpack_featured_media_url":"https:\/\/i0.wp.com\/informativoelvalledeaguascalientes.online\/wp-content\/uploads\/2023\/07\/0a667acf-ced5-40ee-be3a-48429914d442.jpeg?fit=1200%2C1600&ssl=1","jetpack-related-posts":[],"jetpack_sharing_enabled":true,"jetpack_likes_enabled":true,"_links":{"self":[{"href":"https:\/\/informativoelvalledeaguascalientes.online\/index.php?rest_route=\/wp\/v2\/posts\/47329","targetHints":{"allow":["GET"]}}],"collection":[{"href":"https:\/\/informativoelvalledeaguascalientes.online\/index.php?rest_route=\/wp\/v2\/posts"}],"about":[{"href":"https:\/\/informativoelvalledeaguascalientes.online\/index.php?rest_route=\/wp\/v2\/types\/post"}],"author":[{"embeddable":true,"href":"https:\/\/informativoelvalledeaguascalientes.online\/index.php?rest_route=\/wp\/v2\/users\/1"}],"replies":[{"embeddable":true,"href":"https:\/\/informativoelvalledeaguascalientes.online\/index.php?rest_route=%2Fwp%2Fv2%2Fcomments&post=47329"}],"version-history":[{"count":1,"href":"https:\/\/informativoelvalledeaguascalientes.online\/index.php?rest_route=\/wp\/v2\/posts\/47329\/revisions"}],"predecessor-version":[{"id":47334,"href":"https:\/\/informativoelvalledeaguascalientes.online\/index.php?rest_route=\/wp\/v2\/posts\/47329\/revisions\/47334"}],"wp:featuredmedia":[{"embeddable":true,"href":"https:\/\/informativoelvalledeaguascalientes.online\/index.php?rest_route=\/wp\/v2\/media\/47333"}],"wp:attachment":[{"href":"https:\/\/informativoelvalledeaguascalientes.online\/index.php?rest_route=%2Fwp%2Fv2%2Fmedia&parent=47329"}],"wp:term":[{"taxonomy":"category","embeddable":true,"href":"https:\/\/informativoelvalledeaguascalientes.online\/index.php?rest_route=%2Fwp%2Fv2%2Fcategories&post=47329"},{"taxonomy":"post_tag","embeddable":true,"href":"https:\/\/informativoelvalledeaguascalientes.online\/index.php?rest_route=%2Fwp%2Fv2%2Ftags&post=47329"}],"curies":[{"name":"wp","href":"https:\/\/api.w.org\/{rel}","templated":true}]}}