{"id":46942,"date":"2023-07-17T20:31:08","date_gmt":"2023-07-18T02:31:08","guid":{"rendered":"https:\/\/informativoelvalledeaguascalientes.online\/?p=46942"},"modified":"2023-07-17T20:31:08","modified_gmt":"2023-07-18T02:31:08","slug":"seleccionan-a-ganadores-del-premio-municipal-al-merito-guerrero-azteca-2023","status":"publish","type":"post","link":"https:\/\/informativoelvalledeaguascalientes.online\/?p=46942","title":{"rendered":"SELECCIONAN A GANADORES DEL PREMIO MUNICIPAL AL M\u00c9RITO GUERRERO AZTECA 2023"},"content":{"rendered":"<p><strong><a href=\"https:\/\/www.facebook.com\/hashtag\/informativoelvalledeaguascalientes\">#informativoelvalledeaguascalientes<\/a><\/strong><\/p>\n<p><strong><a href=\"https:\/\/www.facebook.com\/hashtag\/novaradioaguascalientes\">#novaradioaguascalientes<\/a><\/strong><\/p>\n<p><strong><a class=\"x1i10hfl xjbqb8w x6umtig x1b1mbwd xaqea5y xav7gou x9f619 x1ypdohk xt0psk2 xe8uvvx xdj266r x11i5rnm xat24cr x1mh8g0r xexx8yu x4uap5 x18d9i69 xkhd6sd x16tdsg8 x1hl2dhg xggy1nq x1a2a7pz xt0b8zv x1qq9wsj xo1l8bm\" tabindex=\"0\" role=\"link\" href=\"https:\/\/www.facebook.com\/hashtag\/laciudaddetuvida?__eep__=6&amp;__cft__[0]=AZVUzG-uzEgkHBxlWi4clX4-qXx_nfGicugdShvx3oYxvDeUIl1My5bfFXiXTmVU7O9FCNwHdVuQiVqIjO99-u7dxeUq1S3CqcB1PNpBXLQtm-Q1JLiRFFX8c4SEMe3VqRRgSs9kS8-Ajp6HnW6ebLd3GeB3j-SCsEGrTUVXz1WdbDeQs8bs0Dry33nLaV6fVU4&amp;__tn__=*NK-R\">#LaCiudadDeTuVida<\/a><\/strong><\/p>\n<ul>\n<li><strong>Se registraron 23 propuestas el presente a\u00f1o<\/strong><\/li>\n<\/ul>\n<p>La Comisi\u00f3n de Permanente de Educaci\u00f3n, Juventud y Deporte, que preside el regidor\u00a0<strong>Juan Guillermo Alaniz de Le\u00f3n<\/strong>, en coordinaci\u00f3n con la H. Comisi\u00f3n de Box, Lucha Libre y Artes Marciales Mixtas del Municipio de Aguascalientes, sesion\u00f3 para elegir a los ganadores del Premio Municipal al M\u00e9rito Guerrero Azteca 2023.<\/p>\n<p>Despu\u00e9s de que en junio se convocara a las asociaciones deportivas de box, lucha libre y artes marciales mixtas, as\u00ed como a los empresarios, managers, boxeadores y luchadores destacados en el desarrollo de actividades en beneficio de los deportes de contacto, se recibieron un total de 23 propuestas para el Premio Municipal al M\u00e9rito Guerrero Azteca 2023.<\/p>\n<p><strong>Juan Guillermo Alaniz de Le\u00f3n<\/strong>, indic\u00f3 que se registraron disciplinas como lucha ol\u00edmpica, lucha sambo, muay-thai, wushu y tai-chi, as\u00ed como oficiales del ring, lo cual refleja la diversidad deportiva que existe en el municipio de Aguascalientes; agreg\u00f3 que, el reconocer el gran trabajo que realizan los deportistas, los motiva a seguir desarrollando su talento y habilidades, a continuar abriendo puertas para las nuevas generaciones a nivel local, nacional e incluso internacional en t\u00e9rminos de competencias y eventos.<\/p>\n<p>Durante la sesi\u00f3n se priorizaron las trayectorias y los m\u00e9ritos alcanzados por los deportistas, incluyendo participaci\u00f3n en competiciones, victorias, rendimiento y habilidades, su contribuci\u00f3n positiva al deporte, as\u00ed como la promoci\u00f3n de un estilo de vida saludable que motive a m\u00e1s personas a practicar los deportes de contacto.<\/p>\n<p>En la deliberaci\u00f3n, representando a las asociaciones deportivas, estuvo presente\u00a0<strong>Rafael Alejandro Medina Contreras<\/strong>, encargado del \u00e1rea metodol\u00f3gica del Instituto del Deporte del Estado de Aguascalientes (IDEA), asimismo, en representaci\u00f3n de medios de comunicaci\u00f3n, se cont\u00f3 con la presencia de\u00a0<strong>Iv\u00e1n Alejandro Hern\u00e1ndez Dom\u00ednguez<\/strong>, director general de Ags Sports y presidente de Asociaci\u00f3n de Cronistas Deportivos de Aguascalientes (ACRODEA).<\/p>\n<p>En dicha sesi\u00f3n, adem\u00e1s, se cont\u00f3 con la participaci\u00f3n de\u00a0<strong>Carlos<\/strong>\u00a0<strong>Fernando Ortega Tiscare\u00f1o<\/strong>, presidente de la Comisi\u00f3n Permanente de Desarrollo Econ\u00f3mico, Turismo y Asuntos Internacionales y\u00a0<strong>Arturo Mu\u00f1oz Moreno<\/strong>, presidente de la H. Comisi\u00f3n de Box, Lucha Libre y Artes Marciales Mixtas del Municipio.<\/p>\n<p>Finalmente se indic\u00f3 que los ganadores se dar\u00e1n a conocer y ser\u00e1n premiados en una Sesi\u00f3n de Cabildo Extraordinaria que se llevar\u00e1 a cabo el 28 de julio en Palacio Municipal.<\/p>\n","protected":false},"excerpt":{"rendered":"<p>#informativoelvalledeaguascalientes #novaradioaguascalientes #LaCiudadDeTuVida Se registraron 23 propuestas el presente a\u00f1o La Comisi\u00f3n de Permanente de Educaci\u00f3n, Juventud y Deporte, que preside el regidor\u00a0Juan Guillermo Alaniz de Le\u00f3n, en coordinaci\u00f3n con la H. Comisi\u00f3n de Box, Lucha Libre y Artes Marciales Mixtas del Municipio de Aguascalientes, sesion\u00f3 para elegir a los ganadores del Premio Municipal al [&hellip;]<\/p>\n","protected":false},"author":1,"featured_media":46944,"comment_status":"closed","ping_status":"open","sticky":false,"template":"","format":"standard","meta":{"advanced_seo_description":"","jetpack_seo_html_title":"","jetpack_seo_noindex":false,"_jetpack_memberships_contains_paid_content":false,"footnotes":"","jetpack_publicize_message":"","jetpack_publicize_feature_enabled":true,"jetpack_social_post_already_shared":true,"jetpack_social_options":{"image_generator_settings":{"template":"highway","default_image_id":0,"font":"","enabled":false},"version":2}},"categories":[21,3],"tags":[22,25],"class_list":["post-46942","post","type-post","status-publish","format-standard","has-post-thumbnail","hentry","category-aguascalientes","category-municipio-aguascalientes","tag-aguascalientes","tag-mpio-aguascalientes"],"jetpack_publicize_connections":[],"jetpack_featured_media_url":"https:\/\/i0.wp.com\/informativoelvalledeaguascalientes.online\/wp-content\/uploads\/2023\/07\/IMG-20230712-WA0019-1.jpg?fit=1600%2C1066&ssl=1","jetpack-related-posts":[],"jetpack_sharing_enabled":true,"jetpack_likes_enabled":true,"_links":{"self":[{"href":"https:\/\/informativoelvalledeaguascalientes.online\/index.php?rest_route=\/wp\/v2\/posts\/46942","targetHints":{"allow":["GET"]}}],"collection":[{"href":"https:\/\/informativoelvalledeaguascalientes.online\/index.php?rest_route=\/wp\/v2\/posts"}],"about":[{"href":"https:\/\/informativoelvalledeaguascalientes.online\/index.php?rest_route=\/wp\/v2\/types\/post"}],"author":[{"embeddable":true,"href":"https:\/\/informativoelvalledeaguascalientes.online\/index.php?rest_route=\/wp\/v2\/users\/1"}],"replies":[{"embeddable":true,"href":"https:\/\/informativoelvalledeaguascalientes.online\/index.php?rest_route=%2Fwp%2Fv2%2Fcomments&post=46942"}],"version-history":[{"count":1,"href":"https:\/\/informativoelvalledeaguascalientes.online\/index.php?rest_route=\/wp\/v2\/posts\/46942\/revisions"}],"predecessor-version":[{"id":46945,"href":"https:\/\/informativoelvalledeaguascalientes.online\/index.php?rest_route=\/wp\/v2\/posts\/46942\/revisions\/46945"}],"wp:featuredmedia":[{"embeddable":true,"href":"https:\/\/informativoelvalledeaguascalientes.online\/index.php?rest_route=\/wp\/v2\/media\/46944"}],"wp:attachment":[{"href":"https:\/\/informativoelvalledeaguascalientes.online\/index.php?rest_route=%2Fwp%2Fv2%2Fmedia&parent=46942"}],"wp:term":[{"taxonomy":"category","embeddable":true,"href":"https:\/\/informativoelvalledeaguascalientes.online\/index.php?rest_route=%2Fwp%2Fv2%2Fcategories&post=46942"},{"taxonomy":"post_tag","embeddable":true,"href":"https:\/\/informativoelvalledeaguascalientes.online\/index.php?rest_route=%2Fwp%2Fv2%2Ftags&post=46942"}],"curies":[{"name":"wp","href":"https:\/\/api.w.org\/{rel}","templated":true}]}}