{"id":46935,"date":"2023-07-17T20:14:01","date_gmt":"2023-07-18T02:14:01","guid":{"rendered":"https:\/\/informativoelvalledeaguascalientes.online\/?p=46935"},"modified":"2023-07-17T20:14:01","modified_gmt":"2023-07-18T02:14:01","slug":"concluye-con-exito-el-19-festival-de-musica-de-camara-aguascalientes-2023","status":"publish","type":"post","link":"https:\/\/informativoelvalledeaguascalientes.online\/?p=46935","title":{"rendered":"CONCLUYE CON \u00c9XITO EL 19\u00b0 FESTIVAL DE M\u00daSICA DE C\u00c1MARA AGUASCALIENTES 2023"},"content":{"rendered":"<p><strong><a href=\"https:\/\/www.facebook.com\/hashtag\/informativoelvalledeaguascalientes\">#informativoelvalledeaguascalientes<\/a><\/strong><\/p>\n<p><strong><a href=\"https:\/\/www.facebook.com\/hashtag\/novaradioaguascalientes\">#novaradioaguascalientes<\/a><\/strong><\/p>\n<p><strong><a href=\"https:\/\/www.facebook.com\/GobiernodeAguascalientes\">#ElGiganteDeMexico<\/a><\/strong><\/p>\n<p>&nbsp;<\/p>\n<ul class=\"public-DraftStyleDefault-ul\">\n<li id=\"viewer-foo\" class=\"_3Kjjs _78FBa public-DraftStyleDefault-unorderedListItem public-DraftStyleDefault-depth0 public-DraftStyleDefault-list-ltr fixed-tab-size public-DraftStyleDefault-reset _1FoOD _78FBa\">\n<p class=\"_1j-51 _1FoOD _78FBa undefined\">Se entreg\u00f3 el Premio Manuel M. Ponce al Cuarteto de Cuerdas Yonjuushi<\/p>\n<\/li>\n<\/ul>\n<p id=\"viewer-3s387169\" class=\"mm8Nw _1j-51 _1FoOD _78FBa public-DraftStyleDefault-block-depth0 fixed-tab-size public-DraftStyleDefault-text-ltr\"><span class=\"_2PHJq public-DraftStyleDefault-ltr\">\u00a0<\/span><\/p>\n<p id=\"viewer-dftce171\" class=\"mm8Nw _1j-51 _1FoOD _78FBa public-DraftStyleDefault-block-depth0 fixed-tab-size public-DraftStyleDefault-text-ltr\"><span class=\"_2PHJq public-DraftStyleDefault-ltr\">Del 12 al 16 de julio se llev\u00f3 a cabo en el estado el 19<strong>\u00b0 <\/strong>Festival de M\u00fasica de C\u00e1mara Aguascalientes 2023, organizado por el Instituto Cultural de Aguascalientes (ICA); este festival naci\u00f3 en el 2005 y es un referente a nivel nacional en el \u00e1mbito musical, por el que han pasado m\u00e1s de mil alumnos desde su creaci\u00f3n.<\/span><\/p>\n<p id=\"viewer-ywc1c175\" class=\"mm8Nw _1j-51 _1FoOD _78FBa public-DraftStyleDefault-block-depth0 fixed-tab-size public-DraftStyleDefault-text-ltr\"><span class=\"_2PHJq public-DraftStyleDefault-ltr\">\u00a0<\/span><\/p>\n<p id=\"viewer-dg7x0177\" class=\"mm8Nw _1j-51 _1FoOD _78FBa public-DraftStyleDefault-block-depth0 fixed-tab-size public-DraftStyleDefault-text-ltr\"><span class=\"_2PHJq public-DraftStyleDefault-ltr\">Durante cinco d\u00edas de trabajo intenso se ofrecieron pl\u00e1ticas, clases y conciertos. Este encuentro de reconocidos maestros y alumnos de la disciplina musical tiene por objetivo fortalecer el intercambio, la promoci\u00f3n y la proyecci\u00f3n de m\u00fasicos tanto de Aguascalientes como de las entidades del pa\u00eds y el extranjero.<\/span><\/p>\n<p id=\"viewer-hcrm2179\" class=\"mm8Nw _1j-51 _1FoOD _78FBa public-DraftStyleDefault-block-depth0 fixed-tab-size public-DraftStyleDefault-text-ltr\"><span class=\"_2PHJq public-DraftStyleDefault-ltr\">\u00a0<\/span><\/p>\n<p id=\"viewer-5liuf181\" class=\"mm8Nw _1j-51 _1FoOD _78FBa public-DraftStyleDefault-block-depth0 fixed-tab-size public-DraftStyleDefault-text-ltr\"><span class=\"_2PHJq public-DraftStyleDefault-ltr\">El festival prioriza el sentido acad\u00e9mico, pues es una valiosa oportunidad para los estudiantes porque son instruidos y evaluados por maestros de talla internacional, expertos en la m\u00fasica de c\u00e1mara y destacados instrumentistas del piano, viol\u00edn, viola, chelo, bajo, flauta, oboe, clarinete, fagot, corno, trompeta, tromb\u00f3n, tuba, guitarra o arpa.<\/span><\/p>\n<p id=\"viewer-gq0n2183\" class=\"mm8Nw _1j-51 _1FoOD _78FBa public-DraftStyleDefault-block-depth0 fixed-tab-size public-DraftStyleDefault-text-ltr\"><span class=\"_2PHJq public-DraftStyleDefault-ltr\">\u00a0<\/span><\/p>\n<p id=\"viewer-4v8vd185\" class=\"mm8Nw _1j-51 _1FoOD _78FBa public-DraftStyleDefault-block-depth0 fixed-tab-size public-DraftStyleDefault-text-ltr\"><span class=\"_2PHJq public-DraftStyleDefault-ltr\">En esta edici\u00f3n participaron 15 ensambles de c\u00e1mara, con 50 alumnos originarios de Aguascalientes, Chiapas, Ciudad de M\u00e9xico, Durango, Estado de M\u00e9xico, Guanajuato, Sonora, Tlaxcala, Yucat\u00e1n y Zacatecas. Tambi\u00e9n participaron 10 compositores provenientes de diferentes estados y 17 maestros de talla internacional: Cuarteto de Cuerdas Jos\u00e9 White, de Aguascalientes; Cuarteto de Cuerdas Q-Arte, de Colombia; Rolando Fern\u00e1ndez, de Quer\u00e9taro; John Urness, del Estado de M\u00e9xico; Diego Cajas, Rodolfo Ritter y Ana Lara, de la Ciudad de M\u00e9xico, y Cuarteto de Metales Graves, de Aguascalientes.<\/span><\/p>\n<p id=\"viewer-145ul187\" class=\"mm8Nw _1j-51 _1FoOD _78FBa public-DraftStyleDefault-block-depth0 fixed-tab-size public-DraftStyleDefault-text-ltr\"><span class=\"_2PHJq public-DraftStyleDefault-ltr\">\u00a0<\/span><\/p>\n<p id=\"viewer-7ks0z189\" class=\"mm8Nw _1j-51 _1FoOD _78FBa public-DraftStyleDefault-block-depth0 fixed-tab-size public-DraftStyleDefault-text-ltr\"><span class=\"_2PHJq public-DraftStyleDefault-ltr\">Como parte de la programaci\u00f3n se ofrecieron siete conciertos en el Teatro Morelos y el Palacio de Gobierno, adem\u00e1s de una intervenci\u00f3n en el Mercado Ter\u00e1n.\u00a0<\/span><\/p>\n<p id=\"viewer-b1583191\" class=\"mm8Nw _1j-51 _1FoOD _78FBa public-DraftStyleDefault-block-depth0 fixed-tab-size public-DraftStyleDefault-text-ltr\"><span class=\"_2PHJq public-DraftStyleDefault-ltr\">\u00a0<\/span><\/p>\n<p id=\"viewer-qwxq7193\" class=\"mm8Nw _1j-51 _1FoOD _78FBa public-DraftStyleDefault-block-depth0 fixed-tab-size public-DraftStyleDefault-text-ltr\"><span class=\"_2PHJq public-DraftStyleDefault-ltr\">En la clausura del festival, en el Teatro Morelos, se entreg\u00f3 el Premio Manuel M. Ponce, el m\u00e1s importante de m\u00fasica de c\u00e1mara en el pa\u00eds. Se evalu\u00f3 el desempe\u00f1o en clases y la presentaci\u00f3n art\u00edstica con la finalidad de seleccionar al grupo m\u00e1s destacado en el festival, resultando galardonado el Cuarteto de Cuerdas Yonjuushi, grupo originario de Chiapas, conformado por Jos\u00e9 Alejandro Cabrera Pascacio, Luis Leonardo Puon Mendoza, Mauricio de Jes\u00fas Cabrera Oca\u00f1a y Leonardo Daniel Le\u00f3n Torres. Este grupo recibi\u00f3 un incentivo econ\u00f3mico de 45 mil pesos.<\/span><\/p>\n<p id=\"viewer-0lzyz195\" class=\"mm8Nw _1j-51 _1FoOD _78FBa public-DraftStyleDefault-block-depth0 fixed-tab-size public-DraftStyleDefault-text-ltr\"><span class=\"_2PHJq public-DraftStyleDefault-ltr\">\u00a0<\/span><\/p>\n<p id=\"viewer-mi5iy197\" class=\"mm8Nw _1j-51 _1FoOD _78FBa public-DraftStyleDefault-block-depth0 fixed-tab-size public-DraftStyleDefault-text-ltr\"><span class=\"_2PHJq public-DraftStyleDefault-ltr\">Alejandro V\u00e1zquez Z\u00fa\u00f1iga, director del ICA, agradeci\u00f3 a las y los involucrados en el festival por compartir su talento musical, sus conocimientos, su energ\u00eda y disposici\u00f3n; \u201cpara el vig\u00e9simo aniversario debemos agregarle un adjetivo a este festival, algo que se ha ganado por derecho propio en estos 19 a\u00f1os y que adem\u00e1s servir\u00e1 para reforzar el compromiso para que este encuentro sea cada vez m\u00e1s plural; anunciamos que el vig\u00e9simo aniversario llevar\u00e1 por nombre Festival Internacional de M\u00fasica de C\u00e1mara de Aguascalientes\u201d, destac\u00f3.\u00a0<\/span><\/p>\n","protected":false},"excerpt":{"rendered":"<p>#informativoelvalledeaguascalientes #novaradioaguascalientes #ElGiganteDeMexico &nbsp; Se entreg\u00f3 el Premio Manuel M. Ponce al Cuarteto de Cuerdas Yonjuushi \u00a0 Del 12 al 16 de julio se llev\u00f3 a cabo en el estado el 19\u00b0 Festival de M\u00fasica de C\u00e1mara Aguascalientes 2023, organizado por el Instituto Cultural de Aguascalientes (ICA); este festival naci\u00f3 en el 2005 y es [&hellip;]<\/p>\n","protected":false},"author":1,"featured_media":46937,"comment_status":"closed","ping_status":"open","sticky":false,"template":"","format":"standard","meta":{"advanced_seo_description":"","jetpack_seo_html_title":"","jetpack_seo_noindex":false,"_jetpack_memberships_contains_paid_content":false,"footnotes":"","jetpack_publicize_message":"","jetpack_publicize_feature_enabled":true,"jetpack_social_post_already_shared":true,"jetpack_social_options":{"image_generator_settings":{"template":"highway","default_image_id":0,"font":"","enabled":false},"version":2}},"categories":[21,4],"tags":[22,615,52],"class_list":["post-46935","post","type-post","status-publish","format-standard","has-post-thumbnail","hentry","category-aguascalientes","category-gobierno-del-estado-aguascalientes","tag-aguascalientes","tag-gobierno-del-estado-de-aguascalientes","tag-ica"],"jetpack_publicize_connections":[],"jetpack_featured_media_url":"https:\/\/i0.wp.com\/informativoelvalledeaguascalientes.online\/wp-content\/uploads\/2023\/07\/ica-festival-de-camra.jpeg?fit=1600%2C1476&ssl=1","jetpack-related-posts":[],"jetpack_sharing_enabled":true,"jetpack_likes_enabled":true,"_links":{"self":[{"href":"https:\/\/informativoelvalledeaguascalientes.online\/index.php?rest_route=\/wp\/v2\/posts\/46935","targetHints":{"allow":["GET"]}}],"collection":[{"href":"https:\/\/informativoelvalledeaguascalientes.online\/index.php?rest_route=\/wp\/v2\/posts"}],"about":[{"href":"https:\/\/informativoelvalledeaguascalientes.online\/index.php?rest_route=\/wp\/v2\/types\/post"}],"author":[{"embeddable":true,"href":"https:\/\/informativoelvalledeaguascalientes.online\/index.php?rest_route=\/wp\/v2\/users\/1"}],"replies":[{"embeddable":true,"href":"https:\/\/informativoelvalledeaguascalientes.online\/index.php?rest_route=%2Fwp%2Fv2%2Fcomments&post=46935"}],"version-history":[{"count":1,"href":"https:\/\/informativoelvalledeaguascalientes.online\/index.php?rest_route=\/wp\/v2\/posts\/46935\/revisions"}],"predecessor-version":[{"id":46938,"href":"https:\/\/informativoelvalledeaguascalientes.online\/index.php?rest_route=\/wp\/v2\/posts\/46935\/revisions\/46938"}],"wp:featuredmedia":[{"embeddable":true,"href":"https:\/\/informativoelvalledeaguascalientes.online\/index.php?rest_route=\/wp\/v2\/media\/46937"}],"wp:attachment":[{"href":"https:\/\/informativoelvalledeaguascalientes.online\/index.php?rest_route=%2Fwp%2Fv2%2Fmedia&parent=46935"}],"wp:term":[{"taxonomy":"category","embeddable":true,"href":"https:\/\/informativoelvalledeaguascalientes.online\/index.php?rest_route=%2Fwp%2Fv2%2Fcategories&post=46935"},{"taxonomy":"post_tag","embeddable":true,"href":"https:\/\/informativoelvalledeaguascalientes.online\/index.php?rest_route=%2Fwp%2Fv2%2Ftags&post=46935"}],"curies":[{"name":"wp","href":"https:\/\/api.w.org\/{rel}","templated":true}]}}