{"id":46932,"date":"2023-07-17T20:08:51","date_gmt":"2023-07-18T02:08:51","guid":{"rendered":"https:\/\/informativoelvalledeaguascalientes.online\/?p=46932"},"modified":"2023-07-17T20:08:51","modified_gmt":"2023-07-18T02:08:51","slug":"participa-municipio-de-aguascalientes-en-el-iii-foro-iberoamericano-de-ciudades","status":"publish","type":"post","link":"https:\/\/informativoelvalledeaguascalientes.online\/?p=46932","title":{"rendered":"PARTICIPA MUNICIPIO DE AGUASCALIENTES EN EL III FORO IBEROAMERICANO DE CIUDADES"},"content":{"rendered":"<p><strong><a href=\"https:\/\/www.facebook.com\/hashtag\/informativoelvalledeaguascalientes\">#informativoelvalledeaguascalientes<\/a><\/strong><\/p>\n<p><strong><a href=\"https:\/\/www.facebook.com\/hashtag\/novaradioaguascalientes\">#novaradioaguascalientes<\/a><\/strong><\/p>\n<p><strong><a class=\"x1i10hfl xjbqb8w x6umtig x1b1mbwd xaqea5y xav7gou x9f619 x1ypdohk xt0psk2 xe8uvvx xdj266r x11i5rnm xat24cr x1mh8g0r xexx8yu x4uap5 x18d9i69 xkhd6sd x16tdsg8 x1hl2dhg xggy1nq x1a2a7pz xt0b8zv x1qq9wsj xo1l8bm\" tabindex=\"0\" role=\"link\" href=\"https:\/\/www.facebook.com\/hashtag\/laciudaddetuvida?__eep__=6&amp;__cft__[0]=AZVUzG-uzEgkHBxlWi4clX4-qXx_nfGicugdShvx3oYxvDeUIl1My5bfFXiXTmVU7O9FCNwHdVuQiVqIjO99-u7dxeUq1S3CqcB1PNpBXLQtm-Q1JLiRFFX8c4SEMe3VqRRgSs9kS8-Ajp6HnW6ebLd3GeB3j-SCsEGrTUVXz1WdbDeQs8bs0Dry33nLaV6fVU4&amp;__tn__=*NK-R\">#LaCiudadDeTuVida<\/a><\/strong><\/p>\n<p>&nbsp;<\/p>\n<ul>\n<li><strong>A trav\u00e9s del Implan se expuso en panel \u201cCiudad Caminable y Movilidad no Motorizada\u201d<\/strong><\/li>\n<\/ul>\n<p>La directora general del Instituto Municipal de Planeaci\u00f3n y Evaluaci\u00f3n de Aguascalientes (Implan),\u00a0<strong>Austria Gabriela D\u00e1vila de la Llave<\/strong>, particip\u00f3 en el panel \u00abCiudad Caminable y Movilidad no Motorizada\u201d, en el Marco del Foro Iberoamericano de Ciudades 2023, efectuado en Quer\u00e9taro.<\/p>\n<p>Como parte del intercambio de pr\u00e1cticas exitosas, habl\u00f3 sobre los proyectos del Implan que impulsan la movilidad alternativa, como ser\u00eda un anillo de movilidad no motorizada, generando un circuito verde en la ciudad.<\/p>\n<p>Asimismo, se present\u00f3 la propuesta de Conexi\u00f3n entre los Barrios Tradicionales de la Ciudad de Aguascalientes, a trav\u00e9s de la cual se intenta volver a conectar los primeros asentamientos humanos de la capital a trav\u00e9s de ciclov\u00edas, senderos caminables y equipamiento urbano.<\/p>\n<p><strong>Austria Gabriela D\u00e1vila<\/strong>, colabor\u00f3 en la ponencia sobre el Espacio P\u00fablico, en la que se expusieron diferentes escalas de intervenci\u00f3n que implementa el Instituto.<\/p>\n<p>El objetivo del intercambio de conocimientos entre empresas, expertos y gobiernos locales, es fortalecer la definici\u00f3n de herramientas para un modelo inteligente, eficiente, sostenible e inclusivo en la planeaci\u00f3n del desarrollo de las ciudades.<\/p>\n","protected":false},"excerpt":{"rendered":"<p>#informativoelvalledeaguascalientes #novaradioaguascalientes #LaCiudadDeTuVida &nbsp; A trav\u00e9s del Implan se expuso en panel \u201cCiudad Caminable y Movilidad no Motorizada\u201d La directora general del Instituto Municipal de Planeaci\u00f3n y Evaluaci\u00f3n de Aguascalientes (Implan),\u00a0Austria Gabriela D\u00e1vila de la Llave, particip\u00f3 en el panel \u00abCiudad Caminable y Movilidad no Motorizada\u201d, en el Marco del Foro Iberoamericano de Ciudades 2023, [&hellip;]<\/p>\n","protected":false},"author":1,"featured_media":46933,"comment_status":"closed","ping_status":"open","sticky":false,"template":"","format":"standard","meta":{"advanced_seo_description":"","jetpack_seo_html_title":"","jetpack_seo_noindex":false,"_jetpack_memberships_contains_paid_content":false,"footnotes":"","jetpack_publicize_message":"","jetpack_publicize_feature_enabled":true,"jetpack_social_post_already_shared":true,"jetpack_social_options":{"image_generator_settings":{"template":"highway","default_image_id":0,"font":"","enabled":false},"version":2}},"categories":[21,3],"tags":[22,25,108],"class_list":["post-46932","post","type-post","status-publish","format-standard","has-post-thumbnail","hentry","category-aguascalientes","category-municipio-aguascalientes","tag-aguascalientes","tag-mpio-aguascalientes","tag-mpio-aguascalientes-implan"],"jetpack_publicize_connections":[],"jetpack_featured_media_url":"https:\/\/i0.wp.com\/informativoelvalledeaguascalientes.online\/wp-content\/uploads\/2023\/07\/mpio-ags-implan.jpeg?fit=1364%2C845&ssl=1","jetpack-related-posts":[],"jetpack_sharing_enabled":true,"jetpack_likes_enabled":true,"_links":{"self":[{"href":"https:\/\/informativoelvalledeaguascalientes.online\/index.php?rest_route=\/wp\/v2\/posts\/46932","targetHints":{"allow":["GET"]}}],"collection":[{"href":"https:\/\/informativoelvalledeaguascalientes.online\/index.php?rest_route=\/wp\/v2\/posts"}],"about":[{"href":"https:\/\/informativoelvalledeaguascalientes.online\/index.php?rest_route=\/wp\/v2\/types\/post"}],"author":[{"embeddable":true,"href":"https:\/\/informativoelvalledeaguascalientes.online\/index.php?rest_route=\/wp\/v2\/users\/1"}],"replies":[{"embeddable":true,"href":"https:\/\/informativoelvalledeaguascalientes.online\/index.php?rest_route=%2Fwp%2Fv2%2Fcomments&post=46932"}],"version-history":[{"count":1,"href":"https:\/\/informativoelvalledeaguascalientes.online\/index.php?rest_route=\/wp\/v2\/posts\/46932\/revisions"}],"predecessor-version":[{"id":46934,"href":"https:\/\/informativoelvalledeaguascalientes.online\/index.php?rest_route=\/wp\/v2\/posts\/46932\/revisions\/46934"}],"wp:featuredmedia":[{"embeddable":true,"href":"https:\/\/informativoelvalledeaguascalientes.online\/index.php?rest_route=\/wp\/v2\/media\/46933"}],"wp:attachment":[{"href":"https:\/\/informativoelvalledeaguascalientes.online\/index.php?rest_route=%2Fwp%2Fv2%2Fmedia&parent=46932"}],"wp:term":[{"taxonomy":"category","embeddable":true,"href":"https:\/\/informativoelvalledeaguascalientes.online\/index.php?rest_route=%2Fwp%2Fv2%2Fcategories&post=46932"},{"taxonomy":"post_tag","embeddable":true,"href":"https:\/\/informativoelvalledeaguascalientes.online\/index.php?rest_route=%2Fwp%2Fv2%2Ftags&post=46932"}],"curies":[{"name":"wp","href":"https:\/\/api.w.org\/{rel}","templated":true}]}}