{"id":46906,"date":"2023-07-15T19:34:18","date_gmt":"2023-07-16T01:34:18","guid":{"rendered":"https:\/\/informativoelvalledeaguascalientes.online\/?p=46906"},"modified":"2023-07-15T19:34:18","modified_gmt":"2023-07-16T01:34:18","slug":"firma-municipio-de-aguascalientes-convenio-con-el-imss-a-favor-de-las-mujeres","status":"publish","type":"post","link":"https:\/\/informativoelvalledeaguascalientes.online\/?p=46906","title":{"rendered":"FIRMA MUNICIPIO DE AGUASCALIENTES CONVENIO CON EL IMSS A FAVOR DE LAS MUJERES"},"content":{"rendered":"<p><strong><a href=\"https:\/\/www.facebook.com\/hashtag\/informativoelvalledeaguascalientes\">#informativoelvalledeaguascalientes<\/a><\/strong><\/p>\n<p><strong><a href=\"https:\/\/www.facebook.com\/hashtag\/novaradioaguascalientes\">#novaradioaguascalientes<\/a><\/strong><\/p>\n<p><strong><a class=\"x1i10hfl xjbqb8w x6umtig x1b1mbwd xaqea5y xav7gou x9f619 x1ypdohk xt0psk2 xe8uvvx xdj266r x11i5rnm xat24cr x1mh8g0r xexx8yu x4uap5 x18d9i69 xkhd6sd x16tdsg8 x1hl2dhg xggy1nq x1a2a7pz xt0b8zv x1qq9wsj xo1l8bm\" tabindex=\"0\" role=\"link\" href=\"https:\/\/www.facebook.com\/hashtag\/laciudaddetuvida?__eep__=6&amp;__cft__[0]=AZVUzG-uzEgkHBxlWi4clX4-qXx_nfGicugdShvx3oYxvDeUIl1My5bfFXiXTmVU7O9FCNwHdVuQiVqIjO99-u7dxeUq1S3CqcB1PNpBXLQtm-Q1JLiRFFX8c4SEMe3VqRRgSs9kS8-Ajp6HnW6ebLd3GeB3j-SCsEGrTUVXz1WdbDeQs8bs0Dry33nLaV6fVU4&amp;__tn__=*NK-R\">#LaCiudadDeTuVida<\/a><\/strong><\/p>\n<p>&nbsp;<\/p>\n<ul>\n<li><strong>Se beneficiar\u00e1 con capacitaci\u00f3n, brigadas m\u00e9dicas, atenci\u00f3n y combate a la violencia de g\u00e9nero<\/strong><\/li>\n<\/ul>\n<p>El Ayuntamiento de la capital a trav\u00e9s del Instituto Municipal de la Mujer de Aguascalientes (Imma), firm\u00f3 un convenio de colaboraci\u00f3n interinstitucional con el Sindicato Nacional de Trabajadores del Instituto Mexicano del Seguro Social (IMSS), secci\u00f3n XXI a trav\u00e9s del cual se implementar\u00e1n acciones a favor de las mujeres.<\/p>\n<p>La encargada de despacho del Imma,\u00a0<strong>Ana Paola Guti\u00e9rrez Ruiz Esparza<\/strong>\u00a0y el secretario general del Sindicato,\u00a0<strong>Luis Marcos Robledo Delgado<\/strong>, refrendaron con esta acci\u00f3n los lazos de colaboraci\u00f3n para mejorar las condiciones de vida e impulsar el ejercicio de los derechos humanos de este importante sector social.<\/p>\n<p>Explicaron que con este acuerdo se beneficiar\u00e1 a personal de ambas instituciones con campa\u00f1as de difusi\u00f3n, cursos de capacitaci\u00f3n, brigadas de salud, as\u00ed como la activaci\u00f3n del \u201cC\u00f3digo Morado\u201d para la referencia y pronta atenci\u00f3n m\u00e9dica a mujeres que enfrentan violencia.<\/p>\n<p>Firmaron como testigos de honor representantes de la Comisi\u00f3n de Igualdad y G\u00e9nero del H. Ayuntamiento de Aguascalientes,\u00a0<strong>Marisol Barr\u00f3n Betancourt y Edgar Due\u00f1as Mac\u00edas<\/strong>.<\/p>\n","protected":false},"excerpt":{"rendered":"<p>#informativoelvalledeaguascalientes #novaradioaguascalientes #LaCiudadDeTuVida &nbsp; Se beneficiar\u00e1 con capacitaci\u00f3n, brigadas m\u00e9dicas, atenci\u00f3n y combate a la violencia de g\u00e9nero El Ayuntamiento de la capital a trav\u00e9s del Instituto Municipal de la Mujer de Aguascalientes (Imma), firm\u00f3 un convenio de colaboraci\u00f3n interinstitucional con el Sindicato Nacional de Trabajadores del Instituto Mexicano del Seguro Social (IMSS), secci\u00f3n XXI [&hellip;]<\/p>\n","protected":false},"author":1,"featured_media":46907,"comment_status":"closed","ping_status":"open","sticky":false,"template":"","format":"standard","meta":{"advanced_seo_description":"","jetpack_seo_html_title":"","jetpack_seo_noindex":false,"_jetpack_memberships_contains_paid_content":false,"footnotes":"","jetpack_publicize_message":"","jetpack_publicize_feature_enabled":true,"jetpack_social_post_already_shared":true,"jetpack_social_options":{"image_generator_settings":{"template":"highway","default_image_id":0,"font":"","enabled":false},"version":2}},"categories":[21,3],"tags":[22,25,132],"class_list":["post-46906","post","type-post","status-publish","format-standard","has-post-thumbnail","hentry","category-aguascalientes","category-municipio-aguascalientes","tag-aguascalientes","tag-mpio-aguascalientes","tag-mpio-aguascalientes-imma"],"jetpack_publicize_connections":[],"jetpack_featured_media_url":"https:\/\/i0.wp.com\/informativoelvalledeaguascalientes.online\/wp-content\/uploads\/2023\/07\/DESTACADAIMSSIMMA-1.jpeg?fit=1279%2C508&ssl=1","jetpack-related-posts":[],"jetpack_sharing_enabled":true,"jetpack_likes_enabled":true,"_links":{"self":[{"href":"https:\/\/informativoelvalledeaguascalientes.online\/index.php?rest_route=\/wp\/v2\/posts\/46906","targetHints":{"allow":["GET"]}}],"collection":[{"href":"https:\/\/informativoelvalledeaguascalientes.online\/index.php?rest_route=\/wp\/v2\/posts"}],"about":[{"href":"https:\/\/informativoelvalledeaguascalientes.online\/index.php?rest_route=\/wp\/v2\/types\/post"}],"author":[{"embeddable":true,"href":"https:\/\/informativoelvalledeaguascalientes.online\/index.php?rest_route=\/wp\/v2\/users\/1"}],"replies":[{"embeddable":true,"href":"https:\/\/informativoelvalledeaguascalientes.online\/index.php?rest_route=%2Fwp%2Fv2%2Fcomments&post=46906"}],"version-history":[{"count":1,"href":"https:\/\/informativoelvalledeaguascalientes.online\/index.php?rest_route=\/wp\/v2\/posts\/46906\/revisions"}],"predecessor-version":[{"id":46908,"href":"https:\/\/informativoelvalledeaguascalientes.online\/index.php?rest_route=\/wp\/v2\/posts\/46906\/revisions\/46908"}],"wp:featuredmedia":[{"embeddable":true,"href":"https:\/\/informativoelvalledeaguascalientes.online\/index.php?rest_route=\/wp\/v2\/media\/46907"}],"wp:attachment":[{"href":"https:\/\/informativoelvalledeaguascalientes.online\/index.php?rest_route=%2Fwp%2Fv2%2Fmedia&parent=46906"}],"wp:term":[{"taxonomy":"category","embeddable":true,"href":"https:\/\/informativoelvalledeaguascalientes.online\/index.php?rest_route=%2Fwp%2Fv2%2Fcategories&post=46906"},{"taxonomy":"post_tag","embeddable":true,"href":"https:\/\/informativoelvalledeaguascalientes.online\/index.php?rest_route=%2Fwp%2Fv2%2Ftags&post=46906"}],"curies":[{"name":"wp","href":"https:\/\/api.w.org\/{rel}","templated":true}]}}