{"id":46897,"date":"2023-07-15T17:56:54","date_gmt":"2023-07-15T23:56:54","guid":{"rendered":"https:\/\/informativoelvalledeaguascalientes.online\/?p=46897"},"modified":"2023-07-15T17:56:54","modified_gmt":"2023-07-15T23:56:54","slug":"inscripciones-abiertas-para-nuevo-curso-de-verano-en-el-idea","status":"publish","type":"post","link":"https:\/\/informativoelvalledeaguascalientes.online\/?p=46897","title":{"rendered":"INSCRIPCIONES ABIERTAS PARA NUEVO CURSO DE VERANO EN EL IDEA"},"content":{"rendered":"<p><strong><a href=\"https:\/\/www.facebook.com\/hashtag\/informativoelvalledeaguascalientes\">#informativoelvalledeaguascalientes<\/a><\/strong><\/p>\n<p><strong><a href=\"https:\/\/www.facebook.com\/hashtag\/novaradioaguascalientes\">#novaradioaguascalientes<\/a><\/strong><\/p>\n<p><strong><a href=\"https:\/\/www.facebook.com\/GobiernodeAguascalientes\">#ElGiganteDeMexico<\/a><\/strong><\/p>\n<p>&nbsp;<\/p>\n<p id=\"viewer-foo\" class=\"mm8Nw _1j-51 _1FoOD _78FBa public-DraftStyleDefault-block-depth0 fixed-tab-size public-DraftStyleDefault-text-ltr\"><span class=\"_2PHJq public-DraftStyleDefault-ltr\">Con el objetivo de que las ni\u00f1as, ni\u00f1os y j\u00f3venes de Aguascalientes disfruten sus vacaciones, y en respuesta a la gran participaci\u00f3n en los diferentes cursos de verano, el Instituto del Deporte del Estado de Aguascalientes (IDEA) puso en marcha un nuevo curso de verano \u201cTiempo de Jugar 2023\u201d, que se llevar\u00e1 a cabo del 24 de julio al 11 de agosto en las instalaciones de la Ciudad Deportiva del IDEA.\u00a0<\/span><\/p>\n<div id=\"viewer-i93tg292\" class=\"mm8Nw _1j-51 _1FoOD _78FBa public-DraftStyleDefault-block-depth0 fixed-tab-size public-DraftStyleDefault-text-ltr\"><span class=\"_2PHJq public-DraftStyleDefault-ltr\">\u00a0<\/span><\/div>\n<p id=\"viewer-dg5v5293\" class=\"mm8Nw _1j-51 _1FoOD _78FBa public-DraftStyleDefault-block-depth0 fixed-tab-size public-DraftStyleDefault-text-ltr\"><span class=\"_2PHJq public-DraftStyleDefault-ltr\">Este curso se realizar\u00e1 de lunes a viernes de 8:00 de la ma\u00f1ana a las 2:00 de la tarde y est\u00e1 dirigido a peque\u00f1os desde los cinco hasta los 15 a\u00f1os de edad.\u00a0<\/span><\/p>\n<div id=\"viewer-ndg13295\" class=\"mm8Nw _1j-51 _1FoOD _78FBa public-DraftStyleDefault-block-depth0 fixed-tab-size public-DraftStyleDefault-text-ltr\"><span class=\"_2PHJq public-DraftStyleDefault-ltr\">\u00a0<\/span><\/div>\n<p id=\"viewer-jfsus296\" class=\"mm8Nw _1j-51 _1FoOD _78FBa public-DraftStyleDefault-block-depth0 fixed-tab-size public-DraftStyleDefault-text-ltr\"><span class=\"_2PHJq public-DraftStyleDefault-ltr\">En este curso se impartir\u00e1n diferentes actividades art\u00edsticas, recreativas y deportivas, como baile, manualidades, juegos organizados, juegos tradicionales, una b\u00fasqueda del tesoro, una miniolimpiada, basquetbol, nataci\u00f3n, gimnasia, handball, taekwondo, futbol, voleibol, atletismo, b\u00e1dminton y box.<\/span><\/p>\n<p id=\"viewer-w4ixu298\" class=\"mm8Nw _1j-51 _1FoOD _78FBa public-DraftStyleDefault-block-depth0 fixed-tab-size public-DraftStyleDefault-text-ltr\"><span class=\"_2PHJq public-DraftStyleDefault-ltr\">\u00a0<\/span><\/p>\n<p id=\"viewer-e52xq300\" class=\"mm8Nw _1j-51 _1FoOD _78FBa public-DraftStyleDefault-block-depth0 fixed-tab-size public-DraftStyleDefault-text-ltr\"><span class=\"_2PHJq public-DraftStyleDefault-ltr\">Las inscripciones se realizar\u00e1n en las oficinas dentro del Gimnasio Ol\u00edmpico de Ciudad Deportiva del IDEA; los interesados deber\u00e1n acudir con los siguientes documentos: acta de nacimiento, copia del INE del padre o tutor, un certificado m\u00e9dico y una fotograf\u00eda tama\u00f1o infantil.<\/span><\/p>\n<div id=\"viewer-jxxvq302\" class=\"mm8Nw _1j-51 _1FoOD _78FBa public-DraftStyleDefault-block-depth0 fixed-tab-size public-DraftStyleDefault-text-ltr\"><span class=\"_2PHJq public-DraftStyleDefault-ltr\">\u00a0<\/span><\/div>\n<p id=\"viewer-55x8t303\" class=\"mm8Nw _1j-51 _1FoOD _78FBa public-DraftStyleDefault-block-depth0 fixed-tab-size public-DraftStyleDefault-text-ltr\"><span class=\"_2PHJq public-DraftStyleDefault-ltr\">Para mayores informes, las y los interesados pueden comunicarse al n\u00famero 449 970 28 48.<\/span><\/p>\n","protected":false},"excerpt":{"rendered":"<p>#informativoelvalledeaguascalientes #novaradioaguascalientes #ElGiganteDeMexico &nbsp; Con el objetivo de que las ni\u00f1as, ni\u00f1os y j\u00f3venes de Aguascalientes disfruten sus vacaciones, y en respuesta a la gran participaci\u00f3n en los diferentes cursos de verano, el Instituto del Deporte del Estado de Aguascalientes (IDEA) puso en marcha un nuevo curso de verano \u201cTiempo de Jugar 2023\u201d, que se [&hellip;]<\/p>\n","protected":false},"author":1,"featured_media":46898,"comment_status":"closed","ping_status":"open","sticky":false,"template":"","format":"standard","meta":{"advanced_seo_description":"","jetpack_seo_html_title":"","jetpack_seo_noindex":false,"_jetpack_memberships_contains_paid_content":false,"footnotes":"","jetpack_publicize_message":"","jetpack_publicize_feature_enabled":true,"jetpack_social_post_already_shared":true,"jetpack_social_options":{"image_generator_settings":{"template":"highway","default_image_id":0,"font":"","enabled":false},"version":2}},"categories":[21,4],"tags":[22,615,113],"class_list":["post-46897","post","type-post","status-publish","format-standard","has-post-thumbnail","hentry","category-aguascalientes","category-gobierno-del-estado-aguascalientes","tag-aguascalientes","tag-gobierno-del-estado-de-aguascalientes","tag-idea"],"jetpack_publicize_connections":[],"jetpack_featured_media_url":"https:\/\/i0.wp.com\/informativoelvalledeaguascalientes.online\/wp-content\/uploads\/2023\/07\/GOB-EDO-IDEA-CURSO-VERANO.jpeg?fit=1600%2C1599&ssl=1","jetpack-related-posts":[],"jetpack_sharing_enabled":true,"jetpack_likes_enabled":true,"_links":{"self":[{"href":"https:\/\/informativoelvalledeaguascalientes.online\/index.php?rest_route=\/wp\/v2\/posts\/46897","targetHints":{"allow":["GET"]}}],"collection":[{"href":"https:\/\/informativoelvalledeaguascalientes.online\/index.php?rest_route=\/wp\/v2\/posts"}],"about":[{"href":"https:\/\/informativoelvalledeaguascalientes.online\/index.php?rest_route=\/wp\/v2\/types\/post"}],"author":[{"embeddable":true,"href":"https:\/\/informativoelvalledeaguascalientes.online\/index.php?rest_route=\/wp\/v2\/users\/1"}],"replies":[{"embeddable":true,"href":"https:\/\/informativoelvalledeaguascalientes.online\/index.php?rest_route=%2Fwp%2Fv2%2Fcomments&post=46897"}],"version-history":[{"count":1,"href":"https:\/\/informativoelvalledeaguascalientes.online\/index.php?rest_route=\/wp\/v2\/posts\/46897\/revisions"}],"predecessor-version":[{"id":46899,"href":"https:\/\/informativoelvalledeaguascalientes.online\/index.php?rest_route=\/wp\/v2\/posts\/46897\/revisions\/46899"}],"wp:featuredmedia":[{"embeddable":true,"href":"https:\/\/informativoelvalledeaguascalientes.online\/index.php?rest_route=\/wp\/v2\/media\/46898"}],"wp:attachment":[{"href":"https:\/\/informativoelvalledeaguascalientes.online\/index.php?rest_route=%2Fwp%2Fv2%2Fmedia&parent=46897"}],"wp:term":[{"taxonomy":"category","embeddable":true,"href":"https:\/\/informativoelvalledeaguascalientes.online\/index.php?rest_route=%2Fwp%2Fv2%2Fcategories&post=46897"},{"taxonomy":"post_tag","embeddable":true,"href":"https:\/\/informativoelvalledeaguascalientes.online\/index.php?rest_route=%2Fwp%2Fv2%2Ftags&post=46897"}],"curies":[{"name":"wp","href":"https:\/\/api.w.org\/{rel}","templated":true}]}}