{"id":468,"date":"2019-12-02T00:48:10","date_gmt":"2019-12-02T06:48:10","guid":{"rendered":"http:\/\/informativoelvalledeaguascalientes.online\/?p=468"},"modified":"2019-12-02T00:48:10","modified_gmt":"2019-12-02T06:48:10","slug":"tere-jimenez-invertira-1-2-millones-en-rehabilitacion-de-la-central-de-abastos-del-sur","status":"publish","type":"post","link":"https:\/\/informativoelvalledeaguascalientes.online\/?p=468","title":{"rendered":"TERE JIM\u00c9NEZ INVERTIR\u00c1 1.2 MILLONES EN REHABILITACI\u00d3N DE LA CENTRAL DE ABASTOS DEL SUR"},"content":{"rendered":"<div class=\"opinion-section opinion-single-cover opinion-indent opinion-overlay\">\n<div class=\"container\">\n<div class=\"section-head row justify-content-center text-center\">\n<div class=\"col-12 col-md-8\"><\/div>\n<\/div>\n<\/div>\n<\/div>\n<div class=\"opinion-section\">\n<div class=\"container\">\n<div class=\"section-content row justify-content-center\">\n<div class=\"col-12 col-lg-8 opinion-order-1\">\n<article class=\"opinion-post opinion-single post-11284 post type-post status-publish format-standard has-post-thumbnail hentry category-obras-publicas tag-alcaldesa-tere-jimenez tag-central-de-abastos tag-marco-antonio-licon-davila tag-secretaria-de-obras-publicas-del-municipio-de-aguascalientes tag-sopma\">\n<div class=\"entry-content\">\n<ul>\n<li><strong>El objetivo es dignificar este tradicional mercado para que las personas hagan sus compras de manera funcional<\/strong><\/li>\n<\/ul>\n<p><strong>\u00a0<\/strong>Como parte de la estrategia de rescate de espacios p\u00fablicos, la administraci\u00f3n de la alcaldesa\u00a0<strong>Tere Jim\u00e9nez<\/strong>\u00a0comenz\u00f3 el proyecto de rehabilitaci\u00f3n en la Central de Abastos del sur de la ciudad, en el que se invertir\u00e1n poco m\u00e1s de 1.2 millones de pesos del presupuesto Directo Municipal.<\/p>\n<p><strong>Marco Antonio Lic\u00f3n D\u00e1vila<\/strong>, titular de la Secretar\u00eda de Obras P\u00fablicas del Municipio de Aguascalientes (SOPMA), dio a conocer que las calles internas presentaban un marcado deterioro y que de forma inicial se les est\u00e1 dando mantenimiento con trabajos de renivelaci\u00f3n y colocaci\u00f3n de un sello para que los veh\u00edculos puedan transitar de manera \u00f3ptima.<\/p>\n<p>Posteriormente se realizar\u00e1n obras de sobrecarpeta asf\u00e1ltica en la avenida principal que atraviesa desde la salida a M\u00e9xico hasta Mahatma Gandhi. Adem\u00e1s se har\u00e1n otros arreglos en conjunto con la Secretar\u00eda de Servicios P\u00fablicos, como la instalaci\u00f3n de nuevas luminarias para mejorar la visibilidad.<\/p>\n<p>Con estas acciones\u00a0<strong>Tere Jim\u00e9nez<\/strong>\u00a0dignificar\u00e1 este tradicional mercado, brindando un espacio propicio para que los clientes hagan sus compras y los locatarios trabajen de forma eficiente, atendiendo adem\u00e1s las necesidades derivadas del crecimiento urbano al sur de la capital.<\/p>\n<\/div>\n<\/article>\n<\/div>\n<\/div>\n<\/div>\n<\/div>\n","protected":false},"excerpt":{"rendered":"<p>El objetivo es dignificar este tradicional mercado para que las personas hagan sus compras de manera funcional \u00a0Como parte de la estrategia de rescate de espacios p\u00fablicos, la administraci\u00f3n de la alcaldesa\u00a0Tere Jim\u00e9nez\u00a0comenz\u00f3 el proyecto de rehabilitaci\u00f3n en la Central de Abastos del sur de la ciudad, en el que se invertir\u00e1n poco m\u00e1s de [&hellip;]<\/p>\n","protected":false},"author":1,"featured_media":469,"comment_status":"open","ping_status":"open","sticky":false,"template":"","format":"standard","meta":{"advanced_seo_description":"","jetpack_seo_html_title":"","jetpack_seo_noindex":false,"_jetpack_memberships_contains_paid_content":false,"footnotes":"","jetpack_publicize_message":"","jetpack_publicize_feature_enabled":true,"jetpack_social_post_already_shared":false,"jetpack_social_options":{"image_generator_settings":{"template":"highway","default_image_id":0,"font":"","enabled":false},"version":2}},"categories":[21,3],"tags":[22,25],"class_list":["post-468","post","type-post","status-publish","format-standard","has-post-thumbnail","hentry","category-aguascalientes","category-municipio-aguascalientes","tag-aguascalientes","tag-mpio-aguascalientes"],"jetpack_publicize_connections":[],"jetpack_featured_media_url":"https:\/\/i0.wp.com\/informativoelvalledeaguascalientes.online\/wp-content\/uploads\/2019\/12\/mpio_ags_01122019.jpeg?fit=1032%2C581&ssl=1","jetpack-related-posts":[],"jetpack_sharing_enabled":true,"jetpack_likes_enabled":true,"_links":{"self":[{"href":"https:\/\/informativoelvalledeaguascalientes.online\/index.php?rest_route=\/wp\/v2\/posts\/468","targetHints":{"allow":["GET"]}}],"collection":[{"href":"https:\/\/informativoelvalledeaguascalientes.online\/index.php?rest_route=\/wp\/v2\/posts"}],"about":[{"href":"https:\/\/informativoelvalledeaguascalientes.online\/index.php?rest_route=\/wp\/v2\/types\/post"}],"author":[{"embeddable":true,"href":"https:\/\/informativoelvalledeaguascalientes.online\/index.php?rest_route=\/wp\/v2\/users\/1"}],"replies":[{"embeddable":true,"href":"https:\/\/informativoelvalledeaguascalientes.online\/index.php?rest_route=%2Fwp%2Fv2%2Fcomments&post=468"}],"version-history":[{"count":1,"href":"https:\/\/informativoelvalledeaguascalientes.online\/index.php?rest_route=\/wp\/v2\/posts\/468\/revisions"}],"predecessor-version":[{"id":470,"href":"https:\/\/informativoelvalledeaguascalientes.online\/index.php?rest_route=\/wp\/v2\/posts\/468\/revisions\/470"}],"wp:featuredmedia":[{"embeddable":true,"href":"https:\/\/informativoelvalledeaguascalientes.online\/index.php?rest_route=\/wp\/v2\/media\/469"}],"wp:attachment":[{"href":"https:\/\/informativoelvalledeaguascalientes.online\/index.php?rest_route=%2Fwp%2Fv2%2Fmedia&parent=468"}],"wp:term":[{"taxonomy":"category","embeddable":true,"href":"https:\/\/informativoelvalledeaguascalientes.online\/index.php?rest_route=%2Fwp%2Fv2%2Fcategories&post=468"},{"taxonomy":"post_tag","embeddable":true,"href":"https:\/\/informativoelvalledeaguascalientes.online\/index.php?rest_route=%2Fwp%2Fv2%2Ftags&post=468"}],"curies":[{"name":"wp","href":"https:\/\/api.w.org\/{rel}","templated":true}]}}