{"id":46758,"date":"2023-07-12T21:19:16","date_gmt":"2023-07-13T03:19:16","guid":{"rendered":"https:\/\/informativoelvalledeaguascalientes.online\/?p=46758"},"modified":"2023-07-12T21:19:16","modified_gmt":"2023-07-13T03:19:16","slug":"continua-abierta-la-convocatoria-del-xli-premio-nacional-de-literatura-joven-salvador-gallardo-davalos-2023","status":"publish","type":"post","link":"https:\/\/informativoelvalledeaguascalientes.online\/?p=46758","title":{"rendered":"CONTIN\u00daA ABIERTA LA CONVOCATORIA DEL XLI PREMIO NACIONAL DE LITERATURA JOVEN SALVADOR GALLARDO D\u00c1VALOS 2023"},"content":{"rendered":"<p><strong><a href=\"https:\/\/www.facebook.com\/hashtag\/informativoelvalledeaguascalientes\">#informativoelvalledeaguascalientes<\/a><\/strong><\/p>\n<p><strong><a href=\"https:\/\/www.facebook.com\/hashtag\/novaradioaguascalientes\">#novaradioaguascalientes<\/a><\/strong><\/p>\n<p><strong><a href=\"https:\/\/www.facebook.com\/GobiernodeAguascalientes\">#ElGiganteDeMexico<\/a><\/strong><\/p>\n<p>&nbsp;<\/p>\n<p><strong>\u00a0<\/strong><\/p>\n<p>El Instituto Cultural de Aguascalientes convoca a participar en el XLI Premio Nacional de Literatura Joven Salvador Gallardo D\u00e1valos 2023; esta edici\u00f3n est\u00e1 dedicada exclusivamente a Narrativa.<\/p>\n<p>La convocatoria tiene por objeto promover y estimular la escritura de j\u00f3venes talentos de todo el pa\u00eds; podr\u00e1n participar todos los escritores(as) que residen en la Rep\u00fablica Mexicana, no mayores de 30 a\u00f1os al cierre de esta convocatoria.<\/p>\n<p>Los concursantes deber\u00e1n enviar un libro in\u00e9dito escrito en espa\u00f1ol, con una extensi\u00f3n m\u00ednima de 60 cuartillas, sin ilustraciones. El trabajo deber\u00e1 guardarse en formato PDF (solo lectura), indicando en el nombre del archivo el t\u00edtulo del libro y el seud\u00f3nimo del autor(a), sin ninguna referencia o dedicatoria que implique identificarlo(a).<\/p>\n<p>La fecha l\u00edmite para recibir trabajos ser\u00e1 el viernes 28 de julio de 2023. No podr\u00e1n participar obras premiadas o publicadas anteriormente, ni aquellas que se encuentren bajo dictamen editorial o participando en otro concurso; tampoco podr\u00e1n participar autores(as) que hayan recibido este premio con anterioridad.<\/p>\n<p>La convocatoria completa puede consultarse en la siguiente liga: <a href=\"https:\/\/shre.ink\/H9RF\">https:\/\/shre.ink\/H9RF<\/a> .<\/p>\n","protected":false},"excerpt":{"rendered":"<p>#informativoelvalledeaguascalientes #novaradioaguascalientes #ElGiganteDeMexico &nbsp; \u00a0 El Instituto Cultural de Aguascalientes convoca a participar en el XLI Premio Nacional de Literatura Joven Salvador Gallardo D\u00e1valos 2023; esta edici\u00f3n est\u00e1 dedicada exclusivamente a Narrativa. La convocatoria tiene por objeto promover y estimular la escritura de j\u00f3venes talentos de todo el pa\u00eds; podr\u00e1n participar todos los escritores(as) que [&hellip;]<\/p>\n","protected":false},"author":1,"featured_media":46759,"comment_status":"closed","ping_status":"open","sticky":false,"template":"","format":"standard","meta":{"_monsterinsights_skip_tracking":false,"advanced_seo_description":"","jetpack_seo_html_title":"","jetpack_seo_noindex":false,"jetpack_seo_schema_type":"","_jetpack_newsletter_access":"","_jetpack_dont_email_post_to_subs":false,"_jetpack_newsletter_tier_id":0,"_jetpack_memberships_contains_paywalled_content":false,"_jetpack_feature_clip_id":0,"_jetpack_memberships_contains_paid_content":false,"footnotes":"","jetpack_publicize_message":"","jetpack_publicize_feature_enabled":true,"jetpack_social_post_already_shared":true,"jetpack_social_options":{"image_generator_settings":{"template":"highway","default_image_id":0,"font":"","enabled":false},"version":2},"jetpack_post_was_ever_published":false},"categories":[21,4],"tags":[22,615,52],"class_list":["post-46758","post","type-post","status-publish","format-standard","has-post-thumbnail","hentry","category-aguascalientes","category-gobierno-del-estado-aguascalientes","tag-aguascalientes","tag-gobierno-del-estado-de-aguascalientes","tag-ica"],"jetpack_publicize_connections":[],"jetpack_featured_media_url":"https:\/\/i0.wp.com\/informativoelvalledeaguascalientes.online\/wp-content\/uploads\/2023\/07\/gob-edo-ica.jpg?fit=720%2C722&ssl=1","jetpack-related-posts":[],"jetpack_sharing_enabled":true,"jetpack_likes_enabled":true,"_links":{"self":[{"href":"https:\/\/informativoelvalledeaguascalientes.online\/index.php?rest_route=\/wp\/v2\/posts\/46758","targetHints":{"allow":["GET"]}}],"collection":[{"href":"https:\/\/informativoelvalledeaguascalientes.online\/index.php?rest_route=\/wp\/v2\/posts"}],"about":[{"href":"https:\/\/informativoelvalledeaguascalientes.online\/index.php?rest_route=\/wp\/v2\/types\/post"}],"author":[{"embeddable":true,"href":"https:\/\/informativoelvalledeaguascalientes.online\/index.php?rest_route=\/wp\/v2\/users\/1"}],"replies":[{"embeddable":true,"href":"https:\/\/informativoelvalledeaguascalientes.online\/index.php?rest_route=%2Fwp%2Fv2%2Fcomments&post=46758"}],"version-history":[{"count":1,"href":"https:\/\/informativoelvalledeaguascalientes.online\/index.php?rest_route=\/wp\/v2\/posts\/46758\/revisions"}],"predecessor-version":[{"id":46760,"href":"https:\/\/informativoelvalledeaguascalientes.online\/index.php?rest_route=\/wp\/v2\/posts\/46758\/revisions\/46760"}],"wp:featuredmedia":[{"embeddable":true,"href":"https:\/\/informativoelvalledeaguascalientes.online\/index.php?rest_route=\/wp\/v2\/media\/46759"}],"wp:attachment":[{"href":"https:\/\/informativoelvalledeaguascalientes.online\/index.php?rest_route=%2Fwp%2Fv2%2Fmedia&parent=46758"}],"wp:term":[{"taxonomy":"category","embeddable":true,"href":"https:\/\/informativoelvalledeaguascalientes.online\/index.php?rest_route=%2Fwp%2Fv2%2Fcategories&post=46758"},{"taxonomy":"post_tag","embeddable":true,"href":"https:\/\/informativoelvalledeaguascalientes.online\/index.php?rest_route=%2Fwp%2Fv2%2Ftags&post=46758"}],"curies":[{"name":"wp","href":"https:\/\/api.w.org\/{rel}","templated":true}]}}