{"id":46755,"date":"2023-07-12T21:15:49","date_gmt":"2023-07-13T03:15:49","guid":{"rendered":"https:\/\/informativoelvalledeaguascalientes.online\/?p=46755"},"modified":"2023-07-12T21:15:49","modified_gmt":"2023-07-13T03:15:49","slug":"se-atiende-reporte-de-menor-fallecido-por-atropello-sspe-ags","status":"publish","type":"post","link":"https:\/\/informativoelvalledeaguascalientes.online\/?p=46755","title":{"rendered":"Se atiende reporte de menor fallecido por atropello: SSPE Ags."},"content":{"rendered":"<p><strong><a href=\"https:\/\/www.facebook.com\/hashtag\/informativoelvalledeaguascalientes\">#informativoelvalledeaguascalientes<\/a><\/strong><\/p>\n<p><strong><a href=\"https:\/\/www.facebook.com\/hashtag\/novaradioaguascalientes\">#novaradioaguascalientes<\/a><\/strong><\/p>\n<p><strong><a href=\"https:\/\/www.facebook.com\/GobiernodeAguascalientes\">#ElGiganteDeMexico<\/a><\/strong><\/p>\n<p>&nbsp;<\/p>\n<p>Elementos de la Secretar\u00eda de Seguridad P\u00fablica del Estado, de la Polic\u00eda Municipal de Asientos y param\u00e9dicos del ISSEA, atendieron el reporte de un menor fallecido, tras ser arrollado por una camioneta, cuyo conductor no se percat\u00f3 de la presencia del infante.<br \/>\nFue a las 13:35 horas, cuando en el Servicio de emergencia 911, se recibi\u00f3 el reporte de que en la terracer\u00eda que va del Rancho La Laguna a la carretera estatal 43 en la comunidad San Rafael de Ocampo, en el municipio de Asientos, un menor de dos a\u00f1os hab\u00eda sido arrollado por lo que se requer\u00eda de la presencia de los servicios de emergencia.<br \/>\nDe inmediato se trasladaron al lugar los polic\u00edas estatales, municipales y los t\u00e9cnicos en urgencias m\u00e9dicas, quienes al llegar se dirigieron al menor, de nombre Jos\u00e9 \u00c1ngel, de dos a\u00f1os de edad, el cual ya no presentaba signos vitales, asimismo en el lugar se encontraba una camioneta marca Dodge Ram color dorada, con placas de circulaci\u00f3n del Estado de Texas.<br \/>\nDicha unidad era conducida por Sebasti\u00e1n, de 22 a\u00f1os de edad, quien es el padre del menor y se\u00f1al\u00f3 que iba salir del lugar, por lo que comenz\u00f3 la marcha de la camioneta de reversa y nunca se percat\u00f3 de la presencia del ni\u00f1o hasta que lo arroll\u00f3.<br \/>\nAnte esto, se acordon\u00f3 la zona y se solicit\u00f3 la presencia del personal de Servicios Periciales, quienes se encargaron de trasladar al menor a las instalaciones del SEMEFO, en tanto que el conductor, fue llevado ante el Agente del Ministerio P\u00fablico para deslindar responsabilidades.<\/p>\n","protected":false},"excerpt":{"rendered":"<p>#informativoelvalledeaguascalientes #novaradioaguascalientes #ElGiganteDeMexico &nbsp; Elementos de la Secretar\u00eda de Seguridad P\u00fablica del Estado, de la Polic\u00eda Municipal de Asientos y param\u00e9dicos del ISSEA, atendieron el reporte de un menor fallecido, tras ser arrollado por una camioneta, cuyo conductor no se percat\u00f3 de la presencia del infante. Fue a las 13:35 horas, cuando en el Servicio [&hellip;]<\/p>\n","protected":false},"author":1,"featured_media":46756,"comment_status":"closed","ping_status":"open","sticky":false,"template":"","format":"standard","meta":{"_monsterinsights_skip_tracking":false,"advanced_seo_description":"","jetpack_seo_html_title":"","jetpack_seo_noindex":false,"jetpack_seo_schema_type":"","_jetpack_newsletter_access":"","_jetpack_dont_email_post_to_subs":false,"_jetpack_newsletter_tier_id":0,"_jetpack_memberships_contains_paywalled_content":false,"_jetpack_feature_clip_id":0,"_jetpack_memberships_contains_paid_content":false,"footnotes":"","jetpack_publicize_message":"","jetpack_publicize_feature_enabled":true,"jetpack_social_post_already_shared":true,"jetpack_social_options":{"image_generator_settings":{"template":"highway","default_image_id":0,"font":"","enabled":false},"version":2},"jetpack_post_was_ever_published":false},"categories":[21,4],"tags":[22,615,122],"class_list":["post-46755","post","type-post","status-publish","format-standard","has-post-thumbnail","hentry","category-aguascalientes","category-gobierno-del-estado-aguascalientes","tag-aguascalientes","tag-gobierno-del-estado-de-aguascalientes","tag-sspe-aguascalientes"],"jetpack_publicize_connections":[],"jetpack_featured_media_url":"https:\/\/i0.wp.com\/informativoelvalledeaguascalientes.online\/wp-content\/uploads\/2023\/07\/sspe-ags-atropellado.jpg?fit=1090%2C729&ssl=1","jetpack-related-posts":[],"jetpack_sharing_enabled":true,"jetpack_likes_enabled":true,"_links":{"self":[{"href":"https:\/\/informativoelvalledeaguascalientes.online\/index.php?rest_route=\/wp\/v2\/posts\/46755","targetHints":{"allow":["GET"]}}],"collection":[{"href":"https:\/\/informativoelvalledeaguascalientes.online\/index.php?rest_route=\/wp\/v2\/posts"}],"about":[{"href":"https:\/\/informativoelvalledeaguascalientes.online\/index.php?rest_route=\/wp\/v2\/types\/post"}],"author":[{"embeddable":true,"href":"https:\/\/informativoelvalledeaguascalientes.online\/index.php?rest_route=\/wp\/v2\/users\/1"}],"replies":[{"embeddable":true,"href":"https:\/\/informativoelvalledeaguascalientes.online\/index.php?rest_route=%2Fwp%2Fv2%2Fcomments&post=46755"}],"version-history":[{"count":1,"href":"https:\/\/informativoelvalledeaguascalientes.online\/index.php?rest_route=\/wp\/v2\/posts\/46755\/revisions"}],"predecessor-version":[{"id":46757,"href":"https:\/\/informativoelvalledeaguascalientes.online\/index.php?rest_route=\/wp\/v2\/posts\/46755\/revisions\/46757"}],"wp:featuredmedia":[{"embeddable":true,"href":"https:\/\/informativoelvalledeaguascalientes.online\/index.php?rest_route=\/wp\/v2\/media\/46756"}],"wp:attachment":[{"href":"https:\/\/informativoelvalledeaguascalientes.online\/index.php?rest_route=%2Fwp%2Fv2%2Fmedia&parent=46755"}],"wp:term":[{"taxonomy":"category","embeddable":true,"href":"https:\/\/informativoelvalledeaguascalientes.online\/index.php?rest_route=%2Fwp%2Fv2%2Fcategories&post=46755"},{"taxonomy":"post_tag","embeddable":true,"href":"https:\/\/informativoelvalledeaguascalientes.online\/index.php?rest_route=%2Fwp%2Fv2%2Ftags&post=46755"}],"curies":[{"name":"wp","href":"https:\/\/api.w.org\/{rel}","templated":true}]}}