{"id":46746,"date":"2023-07-12T21:04:03","date_gmt":"2023-07-13T03:04:03","guid":{"rendered":"https:\/\/informativoelvalledeaguascalientes.online\/?p=46746"},"modified":"2023-07-12T21:04:03","modified_gmt":"2023-07-13T03:04:03","slug":"intensa-jornada-para-la-reforestacion-en-jesus-maria-ags","status":"publish","type":"post","link":"https:\/\/informativoelvalledeaguascalientes.online\/?p=46746","title":{"rendered":"INTENSA JORNADA PARA LA REFORESTACI\u00d3N EN JES\u00daS MAR\u00cdA AGS."},"content":{"rendered":"<p><strong><a href=\"https:\/\/www.facebook.com\/hashtag\/informativoelvalledeaguascalientes\">#informativoelvalledeaguascalientes<\/a><\/strong><\/p>\n<p><strong><a href=\"https:\/\/www.facebook.com\/hashtag\/novaradioaguascalientes\">#novaradioaguascalientes<\/a><\/strong><\/p>\n<p>&nbsp;<\/p>\n<p>\u2022 To\u00f1o Ar\u00e1mbula entreg\u00f3 a la ciudadan\u00eda, m\u00e1s de 16 mil \u00e1rboles para reforestar Jes\u00fas Mar\u00eda<br \/>\n\u2022 Atiende el gobierno municipal la petici\u00f3n ciudadana para crear m\u00e1s espacios verdes.<\/p>\n<p>El presidente municipal To\u00f1o Ar\u00e1mbula, encabez\u00f3 la entrega de m\u00e1s de 16 mil \u00e1rboles a planteles educativos, productores agropecuarios, dependencias municipales y ciudadan\u00eda en general interesada, mismos que servir\u00e1n para reforestar el territorio municipal y as\u00ed mitigar los efectos del cambio clim\u00e1tico, gesti\u00f3n lograda por la Secretar\u00eda de Desarrollo Agrario, Territorial y Urbano, as\u00ed como de la Secretar\u00eda de Medio Ambiente y Sustentabilidad.<\/p>\n<p>En este sentido Ar\u00e1mbula L\u00f3pez, indic\u00f3 que \u201cestos 16 mil arbolitos que vamos a plantar ustedes y nosotros, con un buen cuidado, imaginen el bien que nos van a hacer; la purificaci\u00f3n del aire y el agua que se va al subsuelo tendr\u00e1n un buen impacto. Si entre todos nos responsabilizamos para que ese \u00e1rbol llegue a ser adulto, ser\u00e1 bueno para todos. Gracias a quienes han venido, el beneficio es para todo el estado\u201d, puntualiz\u00f3 el alcalde.<\/p>\n<p>Para ello, el secretario de Desarrollo Agrario, Territorial y Urbano del Municipio, Refugio Mu\u00f1oz, explic\u00f3 que, a trav\u00e9s de las gestiones hechas por la dependencia a su cargo, en especial por el departamento de Desarrollo Agrario, Fundaci\u00f3n Grupo M\u00e9xico don\u00f3 16 mil \u00e1rboles de diversas especies, listos para ser plantados, entre los que destacan: cedro blanco o cipr\u00e9s mexicano, huizache, jacaranda, mezquite, pata de vaca entre otras. Los beneficiarios ser\u00e1n planteles educativos, productores agr\u00edcolas, as\u00ed como fraccionadores y empresas de diversos giros productivos. Con esto se busca seguir generando conciencia en favor del cuidado del medio ambiente y los recursos naturales. \u201cvamos cuidando el medio ambiente\u201d, indic\u00f3.<\/p>\n<p>A nombre de los beneficiados, el se\u00f1or Sim\u00f3n de Luna Valenzuela, explic\u00f3 que esta entrega, significa una acci\u00f3n en favor del medio ambiente, \u201cagradezco a todos los que hicieron posible esto\u201d.<\/p>\n<p>En el lugar, adem\u00e1s de los centenares de beneficiarios directos, estuvieron presentes la presidenta del DIF Municipal Liliana Coronado de Ar\u00e1mbula; Jos\u00e9 Robles de la Secretar\u00eda de Desarrollo Agroempresarial del Estado (SEDRAE); Enrique Barba, titular del Servicios P\u00fablicos; C\u00e9sar Medina, secretario del Ayuntamiento, C\u00e9sar Garc\u00eda, titular de CAPAS; Ver\u00f3nica Dur\u00e1n, secretaria T\u00e9cnica; el regidor Leonardo P\u00e9rez, as\u00ed como Ricardo Gonz\u00e1lez Escobar, presidente de la Uni\u00f3n Ganadera Local de Jes\u00fas Mar\u00eda y personal de la administraci\u00f3n municipal.<\/p>\n<p>&nbsp;<\/p>\n<p>ATIENDE EL GOBIERNO MUNICIPAL LA PETICI\u00d3N CIUDADANA PARA CREAR M\u00c1S ESPACIOS VERDES.<\/p>\n<p>En atenci\u00f3n a peticiones ciudadanas, este mi\u00e9rcoles se realiz\u00f3 una jornada de reforestaci\u00f3n en el Fraccionamiento Paseo de las Haciendas, en el predio donde se ubicar\u00e1 el nuevo rastro municipal.<\/p>\n<p>La actividad se llev\u00f3 a cabo bajo la coordinaci\u00f3n de la Secretar\u00eda T\u00e9cnica, la gesti\u00f3n de los ejemplares por parte de la secretar\u00eda de Medio Ambiente y Sustentabilidad y el apoyo Servicios P\u00fablicos para responder a la recurrente petici\u00f3n de los vecinos del lugar para generar m\u00e1s espacios verdes y seguros para sus hijos e hijas.<\/p>\n<p>Es as\u00ed que, fueron plantados cerca de 30 \u00e1rboles entre pirules y bugambilias, cabe se\u00f1alar que los pirules tienen dos metros de altura, para garantizar su sobrevivencia.<\/p>\n<p>Estuvieron representantes de condominios y cotos, delegaciones municipales y ejidatarios.<\/p>\n","protected":false},"excerpt":{"rendered":"<p>#informativoelvalledeaguascalientes #novaradioaguascalientes &nbsp; \u2022 To\u00f1o Ar\u00e1mbula entreg\u00f3 a la ciudadan\u00eda, m\u00e1s de 16 mil \u00e1rboles para reforestar Jes\u00fas Mar\u00eda \u2022 Atiende el gobierno municipal la petici\u00f3n ciudadana para crear m\u00e1s espacios verdes. El presidente municipal To\u00f1o Ar\u00e1mbula, encabez\u00f3 la entrega de m\u00e1s de 16 mil \u00e1rboles a planteles educativos, productores agropecuarios, dependencias municipales y ciudadan\u00eda [&hellip;]<\/p>\n","protected":false},"author":1,"featured_media":46747,"comment_status":"closed","ping_status":"open","sticky":false,"template":"","format":"standard","meta":{"_monsterinsights_skip_tracking":false,"advanced_seo_description":"","jetpack_seo_html_title":"","jetpack_seo_noindex":false,"jetpack_seo_schema_type":"","_jetpack_newsletter_access":"","_jetpack_dont_email_post_to_subs":false,"_jetpack_newsletter_tier_id":0,"_jetpack_memberships_contains_paywalled_content":false,"_jetpack_feature_clip_id":0,"_jetpack_memberships_contains_paid_content":false,"footnotes":"","jetpack_publicize_message":"","jetpack_publicize_feature_enabled":true,"jetpack_social_post_already_shared":true,"jetpack_social_options":{"image_generator_settings":{"template":"highway","default_image_id":0,"font":"","enabled":false},"version":2},"jetpack_post_was_ever_published":false},"categories":[21,14],"tags":[22,45],"class_list":["post-46746","post","type-post","status-publish","format-standard","has-post-thumbnail","hentry","category-aguascalientes","category-jesus-maria-aguascalientes","tag-aguascalientes","tag-jesus-maria-aguascalientes"],"jetpack_publicize_connections":[],"jetpack_featured_media_url":"https:\/\/i0.wp.com\/informativoelvalledeaguascalientes.online\/wp-content\/uploads\/2023\/07\/jm-ags-reforestacion.jpg?fit=1024%2C683&ssl=1","jetpack-related-posts":[],"jetpack_sharing_enabled":true,"jetpack_likes_enabled":true,"_links":{"self":[{"href":"https:\/\/informativoelvalledeaguascalientes.online\/index.php?rest_route=\/wp\/v2\/posts\/46746","targetHints":{"allow":["GET"]}}],"collection":[{"href":"https:\/\/informativoelvalledeaguascalientes.online\/index.php?rest_route=\/wp\/v2\/posts"}],"about":[{"href":"https:\/\/informativoelvalledeaguascalientes.online\/index.php?rest_route=\/wp\/v2\/types\/post"}],"author":[{"embeddable":true,"href":"https:\/\/informativoelvalledeaguascalientes.online\/index.php?rest_route=\/wp\/v2\/users\/1"}],"replies":[{"embeddable":true,"href":"https:\/\/informativoelvalledeaguascalientes.online\/index.php?rest_route=%2Fwp%2Fv2%2Fcomments&post=46746"}],"version-history":[{"count":1,"href":"https:\/\/informativoelvalledeaguascalientes.online\/index.php?rest_route=\/wp\/v2\/posts\/46746\/revisions"}],"predecessor-version":[{"id":46748,"href":"https:\/\/informativoelvalledeaguascalientes.online\/index.php?rest_route=\/wp\/v2\/posts\/46746\/revisions\/46748"}],"wp:featuredmedia":[{"embeddable":true,"href":"https:\/\/informativoelvalledeaguascalientes.online\/index.php?rest_route=\/wp\/v2\/media\/46747"}],"wp:attachment":[{"href":"https:\/\/informativoelvalledeaguascalientes.online\/index.php?rest_route=%2Fwp%2Fv2%2Fmedia&parent=46746"}],"wp:term":[{"taxonomy":"category","embeddable":true,"href":"https:\/\/informativoelvalledeaguascalientes.online\/index.php?rest_route=%2Fwp%2Fv2%2Fcategories&post=46746"},{"taxonomy":"post_tag","embeddable":true,"href":"https:\/\/informativoelvalledeaguascalientes.online\/index.php?rest_route=%2Fwp%2Fv2%2Ftags&post=46746"}],"curies":[{"name":"wp","href":"https:\/\/api.w.org\/{rel}","templated":true}]}}