{"id":46556,"date":"2023-07-07T15:48:27","date_gmt":"2023-07-07T21:48:27","guid":{"rendered":"https:\/\/informativoelvalledeaguascalientes.online\/?p=46556"},"modified":"2023-07-07T15:48:27","modified_gmt":"2023-07-07T21:48:27","slug":"clausuran-curso-de-enfermeria-en-jesus-maria","status":"publish","type":"post","link":"https:\/\/informativoelvalledeaguascalientes.online\/?p=46556","title":{"rendered":"CLAUSURAN CURSO DE ENFERMER\u00cdA EN JES\u00daS MAR\u00cdA"},"content":{"rendered":"<p><strong><a href=\"https:\/\/www.facebook.com\/hashtag\/informativoelvalledeaguascalientes\">#informativoelvalledeaguascalientes<\/a> <\/strong><\/p>\n<p><strong><a href=\"https:\/\/www.facebook.com\/hashtag\/novaradioaguascalientes\">#novaradioaguascalientes<\/a><\/strong><\/p>\n<p>El presidente municipal Jos\u00e9 Antonio Ar\u00e1mbula L\u00f3pez, asisti\u00f3 este viernes a la ceremonia de clausura del Curso de Enfermer\u00eda que estuvo a cargo de la Instancia de Salud e impartido por la enfermera Susana Almaraz Pi\u00f1a.<\/p>\n<p>Un grupo de 28 mujeres, durante un per\u00edodo de ocho meses se prepararon para adquirir conocimientos sobre esta disciplina que se dedica al cuidado y atenci\u00f3n de enfermos y heridos, as\u00ed como a otras tareas de asistencia cl\u00ednica.<\/p>\n<p>&#8220;Ya no son las mismas que hace ocho meses, hoy ustedes est\u00e1n capacitadas para ayudar a una persona cuando lo necesite; a partir de hoy, muchas personas pasar\u00e1n por sus manos esperando su ayuda para aliviar dolores y algunos males y s\u00e9 que lo har\u00e1n muy bien por eso le deseo mucho \u00e9xito all\u00e1 afuera. Felicidades por su tenacidad y sus ganas de prepararse, espero que cumplan su sue\u00f1o &#8220;, expres\u00f3 el alcalde al rendir unas palabras a las nuevas enfermeras.<\/p>\n<p>En el acto de clausura, tambi\u00e9n estuvo presente la titular de la Instancia de Salud, Rosa Isela Torres Valenzuela quien tambi\u00e9n felicit\u00f3 a las 28 mujeres que se empe\u00f1aron en terminar su preparaci\u00f3n a pesar de sus ocupaciones en el hogar, con los hijos o incluso el trabajo; &#8220;esto es fruto de su esfuerzo, yo s\u00e9 que cada s\u00e1bado hac\u00edan lo imposible por dejar todo listo en casa para venir aqu\u00ed a prepararse, sin duda es el tiempo de las mujeres, esta es la muestra de que podemos salir adelante siempre que nos lo propongamos&#8221;.<\/p>\n<p>En este evento, tambi\u00e9n estuvieron presentes la regidora Mar\u00eda Dolores Adame, la titular de la Instancia de la Mujer, Susana de Luna y familiares de las participantes.<\/p>\n","protected":false},"excerpt":{"rendered":"<p>#informativoelvalledeaguascalientes #novaradioaguascalientes El presidente municipal Jos\u00e9 Antonio Ar\u00e1mbula L\u00f3pez, asisti\u00f3 este viernes a la ceremonia de clausura del Curso de Enfermer\u00eda que estuvo a cargo de la Instancia de Salud e impartido por la enfermera Susana Almaraz Pi\u00f1a. Un grupo de 28 mujeres, durante un per\u00edodo de ocho meses se prepararon para adquirir conocimientos sobre [&hellip;]<\/p>\n","protected":false},"author":1,"featured_media":46558,"comment_status":"closed","ping_status":"open","sticky":false,"template":"","format":"standard","meta":{"_monsterinsights_skip_tracking":false,"advanced_seo_description":"","jetpack_seo_html_title":"","jetpack_seo_noindex":false,"jetpack_seo_schema_type":"","_jetpack_newsletter_access":"","_jetpack_dont_email_post_to_subs":false,"_jetpack_newsletter_tier_id":0,"_jetpack_memberships_contains_paywalled_content":false,"_jetpack_feature_clip_id":0,"_jetpack_memberships_contains_paid_content":false,"footnotes":"","jetpack_publicize_message":"","jetpack_publicize_feature_enabled":true,"jetpack_social_post_already_shared":true,"jetpack_social_options":{"image_generator_settings":{"template":"highway","default_image_id":0,"font":"","enabled":false},"version":2},"jetpack_post_was_ever_published":false},"categories":[21,14],"tags":[22,45],"class_list":["post-46556","post","type-post","status-publish","format-standard","has-post-thumbnail","hentry","category-aguascalientes","category-jesus-maria-aguascalientes","tag-aguascalientes","tag-jesus-maria-aguascalientes"],"jetpack_publicize_connections":[],"jetpack_featured_media_url":"https:\/\/i0.wp.com\/informativoelvalledeaguascalientes.online\/wp-content\/uploads\/2023\/07\/db6761f3-7ed5-495d-88b2-4cee58e5d380.jpeg?fit=1024%2C683&ssl=1","jetpack-related-posts":[],"jetpack_sharing_enabled":true,"jetpack_likes_enabled":true,"_links":{"self":[{"href":"https:\/\/informativoelvalledeaguascalientes.online\/index.php?rest_route=\/wp\/v2\/posts\/46556","targetHints":{"allow":["GET"]}}],"collection":[{"href":"https:\/\/informativoelvalledeaguascalientes.online\/index.php?rest_route=\/wp\/v2\/posts"}],"about":[{"href":"https:\/\/informativoelvalledeaguascalientes.online\/index.php?rest_route=\/wp\/v2\/types\/post"}],"author":[{"embeddable":true,"href":"https:\/\/informativoelvalledeaguascalientes.online\/index.php?rest_route=\/wp\/v2\/users\/1"}],"replies":[{"embeddable":true,"href":"https:\/\/informativoelvalledeaguascalientes.online\/index.php?rest_route=%2Fwp%2Fv2%2Fcomments&post=46556"}],"version-history":[{"count":1,"href":"https:\/\/informativoelvalledeaguascalientes.online\/index.php?rest_route=\/wp\/v2\/posts\/46556\/revisions"}],"predecessor-version":[{"id":46560,"href":"https:\/\/informativoelvalledeaguascalientes.online\/index.php?rest_route=\/wp\/v2\/posts\/46556\/revisions\/46560"}],"wp:featuredmedia":[{"embeddable":true,"href":"https:\/\/informativoelvalledeaguascalientes.online\/index.php?rest_route=\/wp\/v2\/media\/46558"}],"wp:attachment":[{"href":"https:\/\/informativoelvalledeaguascalientes.online\/index.php?rest_route=%2Fwp%2Fv2%2Fmedia&parent=46556"}],"wp:term":[{"taxonomy":"category","embeddable":true,"href":"https:\/\/informativoelvalledeaguascalientes.online\/index.php?rest_route=%2Fwp%2Fv2%2Fcategories&post=46556"},{"taxonomy":"post_tag","embeddable":true,"href":"https:\/\/informativoelvalledeaguascalientes.online\/index.php?rest_route=%2Fwp%2Fv2%2Ftags&post=46556"}],"curies":[{"name":"wp","href":"https:\/\/api.w.org\/{rel}","templated":true}]}}