{"id":459,"date":"2019-12-02T00:39:15","date_gmt":"2019-12-02T06:39:15","guid":{"rendered":"http:\/\/informativoelvalledeaguascalientes.online\/?p=459"},"modified":"2019-12-02T00:39:15","modified_gmt":"2019-12-02T06:39:15","slug":"conmemora-el-h-ayuntamiento-el-318-aniversario-de-la-fundacion-de-jesus-maria","status":"publish","type":"post","link":"https:\/\/informativoelvalledeaguascalientes.online\/?p=459","title":{"rendered":"CONMEMORA EL H. AYUNTAMIENTO EL 318 ANIVERSARIO DE LA FUNDACI\u00d3N DE JES\u00daS MAR\u00cdA"},"content":{"rendered":"<p>En una sesi\u00f3n solemne de Cabildo, el alcalde Jos\u00e9 Antonio Ar\u00e1mbula L\u00f3pez, encabez\u00f3 los festejos por el 318 aniversario de la fundaci\u00f3n de Jes\u00fas Mar\u00eda, tierra que antes fue llamada Xonacatique.<\/p>\n<p>A trav\u00e9s de un video, el presidente municipal record\u00f3 que Jes\u00fas Mar\u00eda fue la tercera comunidad que se fund\u00f3 en la Villa de Aguascalientes en 1701, junto con Aguascalientes y San Jos\u00e9 de Gracia y que fue habitada por 32 familias de origen chichimeca.<\/p>\n<p>En el marco de esta celebraci\u00f3n, To\u00f1o Ar\u00e1mbula y los regidores, inauguraron la exposici\u00f3n fotogr\u00e1fica \u201cJes\u00fas Mar\u00eda y sus Nostalgias\u201d, galer\u00eda que se ubica en el Palacio Municipal con una serie de im\u00e1genes hist\u00f3ricas del antiguo JM.<\/p>\n<p>En este mismo tenor, las autoridades municipales realizaron la entrega de reconocimientos a personas que han destacado en diferentes \u00e1mbitos, entre ellos: el maestro Jos\u00e9 Ortiz G\u00f3mez de 102 a\u00f1os que durante su juventud, trabaj\u00f3 arduamente por la educaci\u00f3n en Venadero. Asimismo, se reconoci\u00f3 a Mar\u00eda del Carmen Mart\u00ednez Rodr\u00edguez por su trabajo en favor de las personas con discapacidad. Felipe de Luna Rodr\u00edguez, chicahual mayor quien ha encabezado la tradici\u00f3n durante los \u00faltimos 50 a\u00f1os y finalmente, V\u00edctor Eljure Sevilla, ciclista que roto nueve records, el \u00faltimo realizado el pasado 9 de noviembre dedicado a Jes\u00fas Mar\u00eda.<\/p>\n<p>Al finalizar la sesi\u00f3n, el alcalde parti\u00f3 el pastel conmemorativo y posteriormente asisti\u00f3 a la presentaci\u00f3n estelar de Los Terr\u00edcolas en honor al aniversario de Jes\u00fas Mar\u00eda.<\/p>\n","protected":false},"excerpt":{"rendered":"<p>En una sesi\u00f3n solemne de Cabildo, el alcalde Jos\u00e9 Antonio Ar\u00e1mbula L\u00f3pez, encabez\u00f3 los festejos por el 318 aniversario de la fundaci\u00f3n de Jes\u00fas Mar\u00eda, tierra que antes fue llamada Xonacatique. A trav\u00e9s de un video, el presidente municipal record\u00f3 que Jes\u00fas Mar\u00eda fue la tercera comunidad que se fund\u00f3 en la Villa de Aguascalientes [&hellip;]<\/p>\n","protected":false},"author":1,"featured_media":460,"comment_status":"open","ping_status":"open","sticky":false,"template":"","format":"standard","meta":{"advanced_seo_description":"","jetpack_seo_html_title":"","jetpack_seo_noindex":false,"_jetpack_memberships_contains_paid_content":false,"footnotes":"","jetpack_publicize_message":"","jetpack_publicize_feature_enabled":true,"jetpack_social_post_already_shared":false,"jetpack_social_options":{"image_generator_settings":{"template":"highway","default_image_id":0,"font":"","enabled":false},"version":2}},"categories":[21,14],"tags":[22,45],"class_list":["post-459","post","type-post","status-publish","format-standard","has-post-thumbnail","hentry","category-aguascalientes","category-jesus-maria-aguascalientes","tag-aguascalientes","tag-jesus-maria-aguascalientes"],"jetpack_publicize_connections":[],"jetpack_featured_media_url":"https:\/\/i0.wp.com\/informativoelvalledeaguascalientes.online\/wp-content\/uploads\/2019\/12\/jm_aniv_30122019.jpg?fit=1280%2C853&ssl=1","jetpack-related-posts":[],"jetpack_sharing_enabled":true,"jetpack_likes_enabled":true,"_links":{"self":[{"href":"https:\/\/informativoelvalledeaguascalientes.online\/index.php?rest_route=\/wp\/v2\/posts\/459","targetHints":{"allow":["GET"]}}],"collection":[{"href":"https:\/\/informativoelvalledeaguascalientes.online\/index.php?rest_route=\/wp\/v2\/posts"}],"about":[{"href":"https:\/\/informativoelvalledeaguascalientes.online\/index.php?rest_route=\/wp\/v2\/types\/post"}],"author":[{"embeddable":true,"href":"https:\/\/informativoelvalledeaguascalientes.online\/index.php?rest_route=\/wp\/v2\/users\/1"}],"replies":[{"embeddable":true,"href":"https:\/\/informativoelvalledeaguascalientes.online\/index.php?rest_route=%2Fwp%2Fv2%2Fcomments&post=459"}],"version-history":[{"count":1,"href":"https:\/\/informativoelvalledeaguascalientes.online\/index.php?rest_route=\/wp\/v2\/posts\/459\/revisions"}],"predecessor-version":[{"id":461,"href":"https:\/\/informativoelvalledeaguascalientes.online\/index.php?rest_route=\/wp\/v2\/posts\/459\/revisions\/461"}],"wp:featuredmedia":[{"embeddable":true,"href":"https:\/\/informativoelvalledeaguascalientes.online\/index.php?rest_route=\/wp\/v2\/media\/460"}],"wp:attachment":[{"href":"https:\/\/informativoelvalledeaguascalientes.online\/index.php?rest_route=%2Fwp%2Fv2%2Fmedia&parent=459"}],"wp:term":[{"taxonomy":"category","embeddable":true,"href":"https:\/\/informativoelvalledeaguascalientes.online\/index.php?rest_route=%2Fwp%2Fv2%2Fcategories&post=459"},{"taxonomy":"post_tag","embeddable":true,"href":"https:\/\/informativoelvalledeaguascalientes.online\/index.php?rest_route=%2Fwp%2Fv2%2Ftags&post=459"}],"curies":[{"name":"wp","href":"https:\/\/api.w.org\/{rel}","templated":true}]}}