{"id":45727,"date":"2023-06-16T18:26:20","date_gmt":"2023-06-17T00:26:20","guid":{"rendered":"https:\/\/informativoelvalledeaguascalientes.online\/?p=45727"},"modified":"2023-06-16T18:26:20","modified_gmt":"2023-06-17T00:26:20","slug":"tere-jimenez-reitera-su-compromiso-con-los-adultos-mayores","status":"publish","type":"post","link":"https:\/\/informativoelvalledeaguascalientes.online\/?p=45727","title":{"rendered":"TERE JIM\u00c9NEZ REITERA SU COMPROMISO CON LOS ADULTOS MAYORES"},"content":{"rendered":"<div id=\"bgLayers_comp-l7sh9ubr2\" class=\"MW5IWV\" data-hook=\"bgLayers\">\n<div id=\"bgMedia_comp-l7sh9ubr2\" class=\"VgO9Yg\">\n<p><strong><a href=\"https:\/\/www.facebook.com\/hashtag\/informativoelvalledeaguascalientes\">#informativoelvalledeaguascalientes<\/a> <\/strong><\/p>\n<p><strong><a href=\"https:\/\/www.facebook.com\/hashtag\/novaradioaguascalientes\">#novaradioaguascalientes<\/a><\/strong><\/p>\n<p><strong><a href=\"https:\/\/www.facebook.com\/GobiernodeAguascalientes\">#ElGiganteDeMexico<\/a><\/strong><\/p>\n<\/div>\n<\/div>\n<div class=\"\" data-mesh-id=\"comp-l7sh9ubr2inlineContent\" data-testid=\"inline-content\">\n<div data-mesh-id=\"comp-l7sh9ubr2inlineContent-gridContainer\" data-testid=\"mesh-container-content\">\n<div id=\"comp-l7sh9ubx\" class=\"TWFxr5\">\n<div class=\"comp-l7sh9ubx\">\n<div class=\"s1IW4bz comp-l7sh9ubx\" data-hook=\"ricosviewer-wrapper\">\n<div class=\"kvdbP _1O7aH\" dir=\"ltr\" data-id=\"rich-content-viewer\">\n<div class=\"_1hN1O _3EPBy\">\n<p id=\"viewer-foo\" class=\"mm8Nw _1j-51 _1FoOD _78FBa public-DraftStyleDefault-block-depth0 fixed-tab-size public-DraftStyleDefault-text-ltr\"><span class=\"_2PHJq public-DraftStyleDefault-ltr\">La gobernadora de Aguascalientes, Tere Jim\u00e9nez, encabez\u00f3 la primera Jornada Jur\u00eddica para Adultos Mayores, donde reiter\u00f3 su compromiso de brindar atenci\u00f3n integral y seguir impulsando iniciativas a favor de este importante sector de la poblaci\u00f3n.<\/span><\/p>\n<div id=\"viewer-gn28d154\" class=\"mm8Nw _1j-51 _1FoOD _78FBa public-DraftStyleDefault-block-depth0 fixed-tab-size public-DraftStyleDefault-text-ltr\"><span class=\"_2PHJq public-DraftStyleDefault-ltr\">\u00a0<\/span><\/div>\n<p id=\"viewer-6jz6s155\" class=\"mm8Nw _1j-51 _1FoOD _78FBa public-DraftStyleDefault-block-depth0 fixed-tab-size public-DraftStyleDefault-text-ltr\"><span class=\"_2PHJq public-DraftStyleDefault-ltr\">\u201cCuenten con el Gobierno del Estado, no est\u00e1n solos, estamos para ayudarlos, protegerlos y cuidarlos; vamos a seguir impulsado el desarrollo de los adultos mayores\u201d, destac\u00f3 la gobernadora durante el evento que se realiz\u00f3 en Palacio de Gobierno.<\/span><\/p>\n<div id=\"viewer-nl4v3157\" class=\"mm8Nw _1j-51 _1FoOD _78FBa public-DraftStyleDefault-block-depth0 fixed-tab-size public-DraftStyleDefault-text-ltr\"><span class=\"_2PHJq public-DraftStyleDefault-ltr\">\u00a0<\/span><\/div>\n<p id=\"viewer-ivzob158\" class=\"mm8Nw _1j-51 _1FoOD _78FBa public-DraftStyleDefault-block-depth0 fixed-tab-size public-DraftStyleDefault-text-ltr\"><span class=\"_2PHJq public-DraftStyleDefault-ltr\">Tere Jim\u00e9nez les inform\u00f3 y los invit\u00f3 a acercarse a adquirir la tarjeta Soluciones Adulto Mayor, que les da acceso a diferentes descuentos y promociones en varios establecimientos comerciales. Las y los interesados pueden acudir al Instituto Aguascalentense del Adulto Mayor (IAPAM), donde pueden tramitarla s\u00f3lo presentando su credencial de elector.\u00a0<\/span><\/p>\n<div id=\"viewer-jpxq4160\" class=\"mm8Nw _1j-51 _1FoOD _78FBa public-DraftStyleDefault-block-depth0 fixed-tab-size public-DraftStyleDefault-text-ltr\"><span class=\"_2PHJq public-DraftStyleDefault-ltr\">\u00a0<\/span><\/div>\n<p id=\"viewer-4ucdw161\" class=\"mm8Nw _1j-51 _1FoOD _78FBa public-DraftStyleDefault-block-depth0 fixed-tab-size public-DraftStyleDefault-text-ltr\"><span class=\"_2PHJq public-DraftStyleDefault-ltr\">Por su parte, Mar\u00eda de Jes\u00fas Ram\u00edrez Castro, directora del IAPAM, especific\u00f3 que el objetivo de las Jornadas Jur\u00eddicas para Adultos Mayores es brindarles asesor\u00eda legal gratuita en temas familiares, civiles, mercantiles, administrativos, agrarios y penales.<\/span><\/p>\n<div id=\"viewer-vxpxk163\" class=\"mm8Nw _1j-51 _1FoOD _78FBa public-DraftStyleDefault-block-depth0 fixed-tab-size public-DraftStyleDefault-text-ltr\"><span class=\"_2PHJq public-DraftStyleDefault-ltr\">\u00a0<\/span><\/div>\n<p id=\"viewer-4p7s5164\" class=\"mm8Nw _1j-51 _1FoOD _78FBa public-DraftStyleDefault-block-depth0 fixed-tab-size public-DraftStyleDefault-text-ltr\"><span class=\"_2PHJq public-DraftStyleDefault-ltr\">Agradeci\u00f3 la colaboraci\u00f3n de los abogados del Centro de Justicia para Mujeres, del Instituto de Asesor\u00eda y Defensor\u00eda P\u00fablica del Estado de Aguascalientes (IADPEA), de la Consejer\u00eda Jur\u00eddica del Estado (CJEA), del Instituto de Educaci\u00f3n de Aguascalientes (IEA) y del DIF Estatal, que fueron los encargados de dar seguimiento a los diferentes casos que se presentaron.\u00a0<\/span><\/p>\n<div id=\"viewer-j1ua2166\" class=\"mm8Nw _1j-51 _1FoOD _78FBa public-DraftStyleDefault-block-depth0 fixed-tab-size public-DraftStyleDefault-text-ltr\"><span class=\"_2PHJq public-DraftStyleDefault-ltr\">\u00a0<\/span><\/div>\n<p id=\"viewer-5q3p1167\" class=\"mm8Nw _1j-51 _1FoOD _78FBa public-DraftStyleDefault-block-depth0 fixed-tab-size public-DraftStyleDefault-text-ltr\"><span class=\"_2PHJq public-DraftStyleDefault-ltr\">Cabe destacar que el D\u00eda Mundial de Toma de Conciencia del Abuso y Maltrato en la Vejez se conmemora el 15 de junio para recordar la importancia de emprender acciones a favor de este grupo poblacional.<\/span><\/p>\n<div id=\"viewer-wp1wk169\" class=\"mm8Nw _1j-51 _1FoOD _78FBa public-DraftStyleDefault-block-depth0 fixed-tab-size public-DraftStyleDefault-text-ltr\"><span class=\"_2PHJq public-DraftStyleDefault-ltr\">\u00a0<\/span><\/div>\n<p id=\"viewer-kh1d1170\" class=\"mm8Nw _1j-51 _1FoOD _78FBa public-DraftStyleDefault-block-depth0 fixed-tab-size public-DraftStyleDefault-text-ltr\"><span class=\"_2PHJq public-DraftStyleDefault-ltr\">En el evento participaron Manuel Alejandro Monreal D\u00e1vila, director del Instituto para la Educaci\u00f3n de las Personas J\u00f3venes y Adultas (INEPJA); Mabel Haro Peralta, directora del Centro de Justicia para las Mujeres; Rub\u00e9n Cardona Rivera, director Jur\u00eddico del IEA; Elizabeth Mu\u00f1oz Padilla, encargada del IADPEA; e Ignacio Serrano Vera, adulto mayor beneficiado.<\/span><\/p>\n<\/div>\n<\/div>\n<\/div>\n<\/div>\n<\/div>\n<\/div>\n<\/div>\n","protected":false},"excerpt":{"rendered":"<p>#informativoelvalledeaguascalientes #novaradioaguascalientes #ElGiganteDeMexico La gobernadora de Aguascalientes, Tere Jim\u00e9nez, encabez\u00f3 la primera Jornada Jur\u00eddica para Adultos Mayores, donde reiter\u00f3 su compromiso de brindar atenci\u00f3n integral y seguir impulsando iniciativas a favor de este importante sector de la poblaci\u00f3n. \u00a0 \u201cCuenten con el Gobierno del Estado, no est\u00e1n solos, estamos para ayudarlos, protegerlos y cuidarlos; vamos [&hellip;]<\/p>\n","protected":false},"author":1,"featured_media":45731,"comment_status":"closed","ping_status":"open","sticky":false,"template":"","format":"standard","meta":{"advanced_seo_description":"","jetpack_seo_html_title":"","jetpack_seo_noindex":false,"_jetpack_memberships_contains_paid_content":false,"footnotes":"","jetpack_publicize_message":"","jetpack_publicize_feature_enabled":true,"jetpack_social_post_already_shared":true,"jetpack_social_options":{"image_generator_settings":{"template":"highway","default_image_id":0,"font":"","enabled":false},"version":2}},"categories":[21,4],"tags":[22,161,615,623,320],"class_list":["post-45727","post","type-post","status-publish","format-standard","has-post-thumbnail","hentry","category-aguascalientes","category-gobierno-del-estado-aguascalientes","tag-aguascalientes","tag-gobierno-del-estado-aguascalientes","tag-gobierno-del-estado-de-aguascalientes","tag-iapam","tag-tere-jimenez"],"jetpack_publicize_connections":[],"jetpack_featured_media_url":"https:\/\/i0.wp.com\/informativoelvalledeaguascalientes.online\/wp-content\/uploads\/2023\/06\/3.jpg?fit=2400%2C1600&ssl=1","jetpack-related-posts":[],"jetpack_sharing_enabled":true,"jetpack_likes_enabled":true,"_links":{"self":[{"href":"https:\/\/informativoelvalledeaguascalientes.online\/index.php?rest_route=\/wp\/v2\/posts\/45727","targetHints":{"allow":["GET"]}}],"collection":[{"href":"https:\/\/informativoelvalledeaguascalientes.online\/index.php?rest_route=\/wp\/v2\/posts"}],"about":[{"href":"https:\/\/informativoelvalledeaguascalientes.online\/index.php?rest_route=\/wp\/v2\/types\/post"}],"author":[{"embeddable":true,"href":"https:\/\/informativoelvalledeaguascalientes.online\/index.php?rest_route=\/wp\/v2\/users\/1"}],"replies":[{"embeddable":true,"href":"https:\/\/informativoelvalledeaguascalientes.online\/index.php?rest_route=%2Fwp%2Fv2%2Fcomments&post=45727"}],"version-history":[{"count":1,"href":"https:\/\/informativoelvalledeaguascalientes.online\/index.php?rest_route=\/wp\/v2\/posts\/45727\/revisions"}],"predecessor-version":[{"id":45732,"href":"https:\/\/informativoelvalledeaguascalientes.online\/index.php?rest_route=\/wp\/v2\/posts\/45727\/revisions\/45732"}],"wp:featuredmedia":[{"embeddable":true,"href":"https:\/\/informativoelvalledeaguascalientes.online\/index.php?rest_route=\/wp\/v2\/media\/45731"}],"wp:attachment":[{"href":"https:\/\/informativoelvalledeaguascalientes.online\/index.php?rest_route=%2Fwp%2Fv2%2Fmedia&parent=45727"}],"wp:term":[{"taxonomy":"category","embeddable":true,"href":"https:\/\/informativoelvalledeaguascalientes.online\/index.php?rest_route=%2Fwp%2Fv2%2Fcategories&post=45727"},{"taxonomy":"post_tag","embeddable":true,"href":"https:\/\/informativoelvalledeaguascalientes.online\/index.php?rest_route=%2Fwp%2Fv2%2Ftags&post=45727"}],"curies":[{"name":"wp","href":"https:\/\/api.w.org\/{rel}","templated":true}]}}