{"id":45722,"date":"2023-06-16T18:20:10","date_gmt":"2023-06-17T00:20:10","guid":{"rendered":"https:\/\/informativoelvalledeaguascalientes.online\/?p=45722"},"modified":"2023-06-16T18:20:10","modified_gmt":"2023-06-17T00:20:10","slug":"autoridades-universitarias-y-gubernamentales-clausuran-el-foro-retos-para-un-modelo-de-justicia-para-el-estado-de-aguascalientes","status":"publish","type":"post","link":"https:\/\/informativoelvalledeaguascalientes.online\/?p=45722","title":{"rendered":"Autoridades universitarias y gubernamentales clausuran el foro \u201cRetos para un modelo de justicia para el estado de Aguascalientes\u201d"},"content":{"rendered":"<p><strong><a href=\"https:\/\/www.facebook.com\/hashtag\/informativoelvalledeaguascalientes\">#informativoelvalledeaguascalientes<\/a><\/strong><\/p>\n<p><strong><a href=\"https:\/\/www.facebook.com\/hashtag\/novaradioaguascalientes\">#novaradioaguascalientes<\/a><\/strong><\/p>\n<p>&nbsp;<\/p>\n<p><strong>\u00a0<\/strong><\/p>\n<p>Se llev\u00f3 a cabo en la Universidad Aut\u00f3noma de Aguascalientes la ceremonia de clausura del foro \u201cRetos para un modelo de justicia para el estado de Aguascalientes\u201d, realizado en el auditorio Ignacio T. Ch\u00e1vez de Ciudad Universitaria, con el objeto de generar propuestas que contribuyan a mejorar la impartici\u00f3n de justicia en la entidad.<\/p>\n<p>&nbsp;<\/p>\n<p>Durante el evento, la Gobernadora Constitucional del Estado de Aguascalientes, Dra. Ma. Teresa Jim\u00e9nez Esquivel, record\u00f3 que las leyes y las instituciones son entes vivos que deben de responder a las constantes transformaciones de la sociedad para que cumplan con el prop\u00f3sito por el cual fueron creadas. Asimismo, la Dra. Sandra Yesenia Pinz\u00f3n Castro, rectora de la UAA, expres\u00f3 que generar estos espacios fomenta la vinculaci\u00f3n acad\u00e9mica y social, y abre rutas para el crecimiento de la sociedad, a trav\u00e9s de la reflexi\u00f3n, el conocimiento y la b\u00fasqueda de la justicia.<\/p>\n<p>&nbsp;<\/p>\n<p>La ceremonia cont\u00f3 tambi\u00e9n con la presencia del diputado Salvador Maximiliano Ram\u00edrez Hern\u00e1ndez, presidente de la mesa directiva del H. Congreso del Estado; el Dr. Juan Rojas Garc\u00eda, magistrado presidente del Supremo Tribunal de Justicia y del Consejo de la Judicatura del Estado; el Mtro. Eduardo Ismael Aguilar Sierra, consejero jur\u00eddico del Estado; el Ing. Alfredo Martin Cervantes Garc\u00eda, secretario de Finanzas del Estado; as\u00ed como el Lic. Juan Pablo G\u00f3mez Diosdado, contralor del Estado.<\/p>\n","protected":false},"excerpt":{"rendered":"<p>#informativoelvalledeaguascalientes #novaradioaguascalientes &nbsp; \u00a0 Se llev\u00f3 a cabo en la Universidad Aut\u00f3noma de Aguascalientes la ceremonia de clausura del foro \u201cRetos para un modelo de justicia para el estado de Aguascalientes\u201d, realizado en el auditorio Ignacio T. Ch\u00e1vez de Ciudad Universitaria, con el objeto de generar propuestas que contribuyan a mejorar la impartici\u00f3n de justicia [&hellip;]<\/p>\n","protected":false},"author":1,"featured_media":45723,"comment_status":"closed","ping_status":"open","sticky":false,"template":"","format":"standard","meta":{"advanced_seo_description":"","jetpack_seo_html_title":"","jetpack_seo_noindex":false,"_jetpack_memberships_contains_paid_content":false,"footnotes":"","jetpack_publicize_message":"","jetpack_publicize_feature_enabled":true,"jetpack_social_post_already_shared":true,"jetpack_social_options":{"image_generator_settings":{"template":"highway","default_image_id":0,"font":"","enabled":false},"version":2}},"categories":[21,629],"tags":[22,142],"class_list":["post-45722","post","type-post","status-publish","format-standard","has-post-thumbnail","hentry","category-aguascalientes","category-universidad-autonoma-de-aguascalientes","tag-aguascalientes","tag-uaa"],"jetpack_publicize_connections":[],"jetpack_featured_media_url":"https:\/\/i0.wp.com\/informativoelvalledeaguascalientes.online\/wp-content\/uploads\/2023\/06\/uaa-justicia.jpg?fit=805%2C446&ssl=1","jetpack-related-posts":[],"jetpack_sharing_enabled":true,"jetpack_likes_enabled":true,"_links":{"self":[{"href":"https:\/\/informativoelvalledeaguascalientes.online\/index.php?rest_route=\/wp\/v2\/posts\/45722","targetHints":{"allow":["GET"]}}],"collection":[{"href":"https:\/\/informativoelvalledeaguascalientes.online\/index.php?rest_route=\/wp\/v2\/posts"}],"about":[{"href":"https:\/\/informativoelvalledeaguascalientes.online\/index.php?rest_route=\/wp\/v2\/types\/post"}],"author":[{"embeddable":true,"href":"https:\/\/informativoelvalledeaguascalientes.online\/index.php?rest_route=\/wp\/v2\/users\/1"}],"replies":[{"embeddable":true,"href":"https:\/\/informativoelvalledeaguascalientes.online\/index.php?rest_route=%2Fwp%2Fv2%2Fcomments&post=45722"}],"version-history":[{"count":1,"href":"https:\/\/informativoelvalledeaguascalientes.online\/index.php?rest_route=\/wp\/v2\/posts\/45722\/revisions"}],"predecessor-version":[{"id":45724,"href":"https:\/\/informativoelvalledeaguascalientes.online\/index.php?rest_route=\/wp\/v2\/posts\/45722\/revisions\/45724"}],"wp:featuredmedia":[{"embeddable":true,"href":"https:\/\/informativoelvalledeaguascalientes.online\/index.php?rest_route=\/wp\/v2\/media\/45723"}],"wp:attachment":[{"href":"https:\/\/informativoelvalledeaguascalientes.online\/index.php?rest_route=%2Fwp%2Fv2%2Fmedia&parent=45722"}],"wp:term":[{"taxonomy":"category","embeddable":true,"href":"https:\/\/informativoelvalledeaguascalientes.online\/index.php?rest_route=%2Fwp%2Fv2%2Fcategories&post=45722"},{"taxonomy":"post_tag","embeddable":true,"href":"https:\/\/informativoelvalledeaguascalientes.online\/index.php?rest_route=%2Fwp%2Fv2%2Ftags&post=45722"}],"curies":[{"name":"wp","href":"https:\/\/api.w.org\/{rel}","templated":true}]}}