{"id":45710,"date":"2023-06-15T19:56:08","date_gmt":"2023-06-16T01:56:08","guid":{"rendered":"https:\/\/informativoelvalledeaguascalientes.online\/?p=45710"},"modified":"2023-06-15T19:56:08","modified_gmt":"2023-06-16T01:56:08","slug":"disfruta-el-dia-del-padre-en-la-viaags-cmov","status":"publish","type":"post","link":"https:\/\/informativoelvalledeaguascalientes.online\/?p=45710","title":{"rendered":"DISFRUTA EL D\u00cdA DEL PADRE EN LA V\u00cdAAGS: CMOV"},"content":{"rendered":"<p><strong><a href=\"https:\/\/www.facebook.com\/hashtag\/informativoelvalledeaguascalientes\">#informativoelvalledeaguascalientes<\/a><\/strong><\/p>\n<p><strong><a href=\"https:\/\/www.facebook.com\/hashtag\/novaradioaguascalientes\">#novaradioaguascalientes<\/a><\/strong><\/p>\n<p><strong><a href=\"https:\/\/www.facebook.com\/GobiernodeAguascalientes\">#ElGiganteDeMexico<\/a><\/strong><\/p>\n<p align=\"justify\">\n<p align=\"justify\"><span style=\"font-family: Arial, sans-serif;\">Festeja en familia este D\u00eda del Padre en la edici\u00f3n especial de la V\u00edaAgs que hemos preparado para que pap\u00e1s e hijos disfruten de una jornada muy especial.<\/span><\/p>\n<p align=\"justify\"><span style=\"font-family: Arial, sans-serif;\">Este domingo 18 de junio en la Plaza Patria, habr\u00e1 decenas de actividades recreativas para que peque\u00f1os y grandes convivan y disfruten de un ameno festejo a los padres, fomentando as\u00ed la uni\u00f3n familiar, que es una de las prioridades de la gobernadora Tere Jim\u00e9nez.<\/span><\/p>\n<p align=\"justify\"><span style=\"font-family: Arial, sans-serif;\">Uno de los objetivos de la V\u00edaAgs es promocionar formas de sano esparcimiento, como la cultura, el deporte, actividades ambientales e infantiles, as\u00ed como promover la salud, refiri\u00f3 Ricardo Serrano Rangel, titular de la Coordinaci\u00f3n General de Movilidad (CMOV).<\/span><\/p>\n<p align=\"justify\"><span style=\"font-family: Arial, sans-serif;\">La actividad central de la V\u00edaAgs es la rodada, la cual inicia a las 10:15 horas y en la que pueden participar ni\u00f1os y adultos que sepan andar en bicicleta; este evento es seguro porque los integrantes del pelot\u00f3n van acompa\u00f1ados por miembros de vialidad. A las personas interesadas en participar y que no cuentan con bicicleta propia, se les puede prestar una bici.<\/span><\/p>\n<p align=\"justify\"><span style=\"font-family: Arial, sans-serif;\">Finalmente, el titular de la CMOV reconoci\u00f3 el apoyo de dependencias estatales, municipales, emprendedoras y organizaciones civiles, las cuales participan con la organizaci\u00f3n de diversas actividades para que los asistentes disfruten de la v\u00eda recreativa.<\/span><\/p>\n","protected":false},"excerpt":{"rendered":"<p>#informativoelvalledeaguascalientes #novaradioaguascalientes #ElGiganteDeMexico Festeja en familia este D\u00eda del Padre en la edici\u00f3n especial de la V\u00edaAgs que hemos preparado para que pap\u00e1s e hijos disfruten de una jornada muy especial. Este domingo 18 de junio en la Plaza Patria, habr\u00e1 decenas de actividades recreativas para que peque\u00f1os y grandes convivan y disfruten de un [&hellip;]<\/p>\n","protected":false},"author":1,"featured_media":45711,"comment_status":"closed","ping_status":"open","sticky":false,"template":"","format":"standard","meta":{"advanced_seo_description":"","jetpack_seo_html_title":"","jetpack_seo_noindex":false,"_jetpack_memberships_contains_paid_content":false,"footnotes":"","jetpack_publicize_message":"","jetpack_publicize_feature_enabled":true,"jetpack_social_post_already_shared":true,"jetpack_social_options":{"image_generator_settings":{"template":"highway","default_image_id":0,"font":"","enabled":false},"version":2}},"categories":[21,4],"tags":[22,53,615],"class_list":["post-45710","post","type-post","status-publish","format-standard","has-post-thumbnail","hentry","category-aguascalientes","category-gobierno-del-estado-aguascalientes","tag-aguascalientes","tag-cmov","tag-gobierno-del-estado-de-aguascalientes"],"jetpack_publicize_connections":[],"jetpack_featured_media_url":"https:\/\/i0.wp.com\/informativoelvalledeaguascalientes.online\/wp-content\/uploads\/2023\/06\/gob-ags-movilidad.jpg?fit=568%2C568&ssl=1","jetpack-related-posts":[],"jetpack_sharing_enabled":true,"jetpack_likes_enabled":true,"_links":{"self":[{"href":"https:\/\/informativoelvalledeaguascalientes.online\/index.php?rest_route=\/wp\/v2\/posts\/45710","targetHints":{"allow":["GET"]}}],"collection":[{"href":"https:\/\/informativoelvalledeaguascalientes.online\/index.php?rest_route=\/wp\/v2\/posts"}],"about":[{"href":"https:\/\/informativoelvalledeaguascalientes.online\/index.php?rest_route=\/wp\/v2\/types\/post"}],"author":[{"embeddable":true,"href":"https:\/\/informativoelvalledeaguascalientes.online\/index.php?rest_route=\/wp\/v2\/users\/1"}],"replies":[{"embeddable":true,"href":"https:\/\/informativoelvalledeaguascalientes.online\/index.php?rest_route=%2Fwp%2Fv2%2Fcomments&post=45710"}],"version-history":[{"count":1,"href":"https:\/\/informativoelvalledeaguascalientes.online\/index.php?rest_route=\/wp\/v2\/posts\/45710\/revisions"}],"predecessor-version":[{"id":45712,"href":"https:\/\/informativoelvalledeaguascalientes.online\/index.php?rest_route=\/wp\/v2\/posts\/45710\/revisions\/45712"}],"wp:featuredmedia":[{"embeddable":true,"href":"https:\/\/informativoelvalledeaguascalientes.online\/index.php?rest_route=\/wp\/v2\/media\/45711"}],"wp:attachment":[{"href":"https:\/\/informativoelvalledeaguascalientes.online\/index.php?rest_route=%2Fwp%2Fv2%2Fmedia&parent=45710"}],"wp:term":[{"taxonomy":"category","embeddable":true,"href":"https:\/\/informativoelvalledeaguascalientes.online\/index.php?rest_route=%2Fwp%2Fv2%2Fcategories&post=45710"},{"taxonomy":"post_tag","embeddable":true,"href":"https:\/\/informativoelvalledeaguascalientes.online\/index.php?rest_route=%2Fwp%2Fv2%2Ftags&post=45710"}],"curies":[{"name":"wp","href":"https:\/\/api.w.org\/{rel}","templated":true}]}}